{"id":178385,"date":"2025-08-18T16:28:31","date_gmt":"2025-08-18T15:28:31","guid":{"rendered":"https:\/\/die-webzeitung.de\/ludwigsburg\/?p=178385"},"modified":"2025-08-18T16:28:31","modified_gmt":"2025-08-18T15:28:31","slug":"ww-gruppe-als-top-ausbildungsbetrieb-geehrt","status":"publish","type":"post","link":"https:\/\/die-webzeitung.de\/ludwigsburg\/2025\/08\/18\/ww-gruppe-als-top-ausbildungsbetrieb-geehrt\/","title":{"rendered":"W&#038;W-Gruppe als Top-Ausbildungsbetrieb geehrt"},"content":{"rendered":"<p style=\"text-align: justify;\"><strong>Die W\u00fcstenrot &amp; W\u00fcrttembergische-Gruppe (W&amp;W) geh\u00f6rt erneut zu Deutschlands attraktivsten Ausbildungsbetrieben. In der aktuellen Studie \u201eDeutschlands beste Ausbildungsbetriebe\u201c von ServiceValue GmbH und \u201eDie Welt\u201c erhielt die W&amp;W das Pr\u00e4dikat \u201esehr hohe Attraktivit\u00e4t\u201c. <\/strong><\/p>\n<p style=\"text-align: justify;\">Grundlage der Auszeichnung ist eine umfassende Befragung von B\u00fcrgerinnen und B\u00fcrgern zu Image und Attraktivit\u00e4t von fast 4.000 gro\u00dfen Unternehmen bundesweit. Die W&amp;W-Gruppe erreichte eine Platzierung unter den TOP 5 der Versicherer und mit der Note 2,53 insgesamt einen Spitzenplatz im Sektor Dienstleistung, zu dem die Assekuranz gez\u00e4hlt wird und dessen Spitzenreiter mit 2,46 bewertet wurde. Insgesamt rund 1.700 Unternehmen umfasst der Bereich Dienstleistung.<\/p>\n<p style=\"text-align: justify;\">\u201eWir freuen uns sehr \u00fcber diese Auszeichnung. Sie sendet ein starkes Signal an Nachwuchstalente und best\u00e4tigt unser Engagement f\u00fcr hochwertige Ausbildung und beste Entwicklungschancen f\u00fcr junge Menschen\u201c, sagt Eva-Miriam B\u00f6ttcher, W&amp;W-Personalchefin.<\/p>\n<p style=\"text-align: justify;\">Die W\u00fcstenrot &amp; W\u00fcrttembergische Gruppe bleibt somit eine der ersten Adressen f\u00fcr einen erfolgreichen Start ins Berufsleben in der Versicherungsbranche.<\/p>\n<p style=\"text-align: justify;\">Dieses Jahr starten am 8. September 120 junge Menschen ihre Karriere im Innendienst der W&amp;W-Gruppe. Insgesamt bietet die W&amp;W-Gruppe dieses Jahr Ausbildungen und duale Studieng\u00e4nge in 15 verschiedenen Berufsbildern. Dazu z\u00e4hlen Kaufleute f\u00fcr Versicherungen und Finanzanlagen sowie Bankkaufleute genauso wie ein duales Studium in den Bereichen Informatik, Immobilienwirtschaft und Finanzdienstleistungen oder eine Ausbildung mit Schwerpunkt B\u00fcromanagement.<\/p>\n<hr \/>\n<p style=\"text-align: justify;\">\n","protected":false},"excerpt":{"rendered":"<p>Die W\u00fcstenrot &amp; W\u00fcrttembergische-Gruppe (W&amp;W) geh\u00f6rt erneut zu Deutschlands attraktivsten Ausbildungsbetrieben. In der aktuellen Studie \u201eDeutschlands beste Ausbildungsbetriebe\u201c von ServiceValue GmbH und \u201eDie Welt\u201c erhielt die W&amp;W das Pr\u00e4dikat \u201esehr hohe Attraktivit\u00e4t\u201c. Grundlage der Auszeichnung ist eine umfassende Befragung von B\u00fcrgerinnen und B\u00fcrgern zu Image und Attraktivit\u00e4t von fast 4.000 gro\u00dfen Unternehmen bundesweit. Die W&amp;W-Gruppe [&hellip;]<\/p>\n","protected":false},"author":4,"featured_media":168185,"comment_status":"closed","ping_status":"open","sticky":false,"template":"","format":"standard","meta":{"inline_featured_image":false,"_exactmetrics_skip_tracking":false,"_exactmetrics_sitenote_active":false,"_exactmetrics_sitenote_note":"","_exactmetrics_sitenote_category":0,"tdm_status":"","tdm_grid_status":"","footnotes":""},"categories":[479],"tags":[1848,8875,68,1442,18,19],"class_list":{"0":"post-178385","1":"post","2":"type-post","3":"status-publish","4":"format-standard","5":"has-post-thumbnail","7":"category-wirtschaft","8":"tag-ausbildung","9":"tag-die-webzeitung","10":"tag-online-zeitung","11":"tag-ww","12":"tag-wurttembergische","13":"tag-wustenrot"},"image_feature":"https:\/\/die-webzeitung.de\/ludwigsburg\/wp-content\/uploads\/sites\/5\/2023\/02\/Bild_Aussenaufnahme-WW-Campus_Hohe-Aufloesung_Andreas-Martin-scaled.jpg","author_name":"Redaktion","pure_taxonomies":{"categories":[{"term_id":479,"name":"Wirtschaft","slug":"wirtschaft","term_group":0,"term_taxonomy_id":1941,"taxonomy":"category","description":"","parent":0,"count":392,"filter":"raw","image":""}],"tags":[{"term_id":1848,"name":"Ausbildung","slug":"ausbildung","term_group":0,"term_taxonomy_id":1857,"taxonomy":"post_tag","description":"","parent":0,"count":22,"filter":"raw","image":""},{"term_id":8875,"name":"Die-Webzeitung","slug":"die-webzeitung","term_group":0,"term_taxonomy_id":8876,"taxonomy":"post_tag","description":"","parent":0,"count":4259,"filter":"raw","image":""},{"term_id":68,"name":"Online-Zeitung","slug":"online-zeitung","term_group":0,"term_taxonomy_id":69,"taxonomy":"post_tag","description":"","parent":0,"count":4208,"filter":"raw","image":""},{"term_id":1442,"name":"W&amp;W","slug":"ww","term_group":0,"term_taxonomy_id":1451,"taxonomy":"post_tag","description":"","parent":0,"count":85,"filter":"raw","image":""},{"term_id":18,"name":"W\u00fcrttembergische","slug":"wurttembergische","term_group":0,"term_taxonomy_id":18,"taxonomy":"post_tag","description":"","parent":0,"count":113,"filter":"raw","image":""},{"term_id":19,"name":"W\u00fcstenrot","slug":"wustenrot","term_group":0,"term_taxonomy_id":19,"taxonomy":"post_tag","description":"","parent":0,"count":181,"filter":"raw","image":""}]},"_links":{"self":[{"href":"https:\/\/die-webzeitung.de\/ludwigsburg\/wp-json\/wp\/v2\/posts\/178385","targetHints":{"allow":["GET"]}}],"collection":[{"href":"https:\/\/die-webzeitung.de\/ludwigsburg\/wp-json\/wp\/v2\/posts"}],"about":[{"href":"https:\/\/die-webzeitung.de\/ludwigsburg\/wp-json\/wp\/v2\/types\/post"}],"author":[{"embeddable":true,"href":"https:\/\/die-webzeitung.de\/ludwigsburg\/wp-json\/wp\/v2\/users\/4"}],"replies":[{"embeddable":true,"href":"https:\/\/die-webzeitung.de\/ludwigsburg\/wp-json\/wp\/v2\/comments?post=178385"}],"version-history":[{"count":1,"href":"https:\/\/die-webzeitung.de\/ludwigsburg\/wp-json\/wp\/v2\/posts\/178385\/revisions"}],"predecessor-version":[{"id":178386,"href":"https:\/\/die-webzeitung.de\/ludwigsburg\/wp-json\/wp\/v2\/posts\/178385\/revisions\/178386"}],"wp:featuredmedia":[{"embeddable":true,"href":"https:\/\/die-webzeitung.de\/ludwigsburg\/wp-json\/wp\/v2\/media\/168185"}],"wp:attachment":[{"href":"https:\/\/die-webzeitung.de\/ludwigsburg\/wp-json\/wp\/v2\/media?parent=178385"}],"wp:term":[{"taxonomy":"category","embeddable":true,"href":"https:\/\/die-webzeitung.de\/ludwigsburg\/wp-json\/wp\/v2\/categories?post=178385"},{"taxonomy":"post_tag","embeddable":true,"href":"https:\/\/die-webzeitung.de\/ludwigsburg\/wp-json\/wp\/v2\/tags?post=178385"}],"curies":[{"name":"wp","href":"https:\/\/api.w.org\/{rel}","templated":true}]}}