{"id":178365,"date":"2025-08-16T16:39:07","date_gmt":"2025-08-16T15:39:07","guid":{"rendered":"https:\/\/die-webzeitung.de\/ludwigsburg\/?p=178365"},"modified":"2025-08-16T16:39:26","modified_gmt":"2025-08-16T15:39:26","slug":"sgv-freiberg-weiter-auf-der-erfolgswelle","status":"publish","type":"post","link":"https:\/\/die-webzeitung.de\/ludwigsburg\/2025\/08\/16\/sgv-freiberg-weiter-auf-der-erfolgswelle\/","title":{"rendered":"SGV Freiberg weiter auf der Erfolgswelle"},"content":{"rendered":"<h4><strong>Klarer 4:0-Sieg gegen Schott Mainz<\/strong><\/h4>\n<p>Mit einem \u00fcberzeugenden Sieg gegen die Mainzer setzte sich der Regionalligist SGV Freiberg vorerst auf die Tabellenspitze.<\/p>\n<p>Marius K\u00f6hl er\u00f6ffnete denh Torreigen in der 18. Minute. Marco Kehl-Gomez schraubt dann das Ergebnis in der 23. und 43. Minute auf 3:0 hoch ehe leon Pet\u00f6 in der 49. Minute den Sack zum 4:0-Sieg zu machte.<\/p>\n<p>Vorerst f\u00fchrt die Truppe um Trainer Kushtrim Lushtaku die Tabelle an.<\/p>\n<p>Es spielten: Benedikt Grawe, Tino Bradara, Lukas, Laupheimer (73. Ryan-Segon Adigo), Leon Pet\u00f6 (73. Melvin Cerkez), Marco Kehl-Gomez (58. Diamant Lokaj), Marius K\u00f6hl (58. Karlo Kuranyi), Tim Schmidt, Matt-Brahan Zie, Tim Pietzsch, Abou Dramane Ballo, Gal Grobelnik<\/p>\n<p>Am Samstag, 22. August, geht es zum Ausw\u00e4rtsspiel gegen den SV Eintracht Trier.<\/p>\n<hr \/>\n<p>&nbsp;<\/p>\n","protected":false},"excerpt":{"rendered":"<p>Klarer 4:0-Sieg gegen Schott Mainz Mit einem \u00fcberzeugenden Sieg gegen die Mainzer setzte sich der Regionalligist SGV Freiberg vorerst auf die Tabellenspitze. Marius K\u00f6hl er\u00f6ffnete denh Torreigen in der 18. Minute. Marco Kehl-Gomez schraubt dann das Ergebnis in der 23. und 43. Minute auf 3:0 hoch ehe leon Pet\u00f6 in der 49. Minute den Sack [&hellip;]<\/p>\n","protected":false},"author":4,"featured_media":178366,"comment_status":"closed","ping_status":"open","sticky":false,"template":"","format":"standard","meta":{"inline_featured_image":false,"_exactmetrics_skip_tracking":false,"_exactmetrics_sitenote_active":false,"_exactmetrics_sitenote_note":"","_exactmetrics_sitenote_category":0,"tdm_status":"","tdm_grid_status":"","footnotes":""},"categories":[110],"tags":[8875,80,129,68,8733,119],"class_list":{"0":"post-178365","1":"post","2":"type-post","3":"status-publish","4":"format-standard","5":"has-post-thumbnail","7":"category-sport","8":"tag-die-webzeitung","9":"tag-freiberger-seite","10":"tag-fusball","11":"tag-online-zeitung","12":"tag-regionalliga","13":"tag-sgv"},"image_feature":"https:\/\/die-webzeitung.de\/ludwigsburg\/wp-content\/uploads\/sites\/5\/2025\/08\/sgv_ergebnis-scaled.jpg","author_name":"Redaktion","pure_taxonomies":{"categories":[{"term_id":110,"name":"Sport","slug":"sport","term_group":0,"term_taxonomy_id":112,"taxonomy":"category","description":"Sportberichte","parent":0,"count":1114,"filter":"raw","image":""}],"tags":[{"term_id":8875,"name":"Die-Webzeitung","slug":"die-webzeitung","term_group":0,"term_taxonomy_id":8876,"taxonomy":"post_tag","description":"","parent":0,"count":4249,"filter":"raw","image":""},{"term_id":80,"name":"Freiberg","slug":"freiberger-seite","term_group":0,"term_taxonomy_id":95,"taxonomy":"post_tag","description":"","parent":0,"count":122,"filter":"raw","image":""},{"term_id":129,"name":"Fu\u00dfball","slug":"fusball","term_group":0,"term_taxonomy_id":131,"taxonomy":"post_tag","description":"","parent":0,"count":189,"filter":"raw","image":""},{"term_id":68,"name":"Online-Zeitung","slug":"online-zeitung","term_group":0,"term_taxonomy_id":69,"taxonomy":"post_tag","description":"","parent":0,"count":4198,"filter":"raw","image":""},{"term_id":8733,"name":"Regionalliga","slug":"regionalliga","term_group":0,"term_taxonomy_id":8734,"taxonomy":"post_tag","description":"","parent":0,"count":58,"filter":"raw","image":""},{"term_id":119,"name":"SGV","slug":"sgv","term_group":0,"term_taxonomy_id":121,"taxonomy":"post_tag","description":"","parent":0,"count":81,"filter":"raw","image":""}]},"_links":{"self":[{"href":"https:\/\/die-webzeitung.de\/ludwigsburg\/wp-json\/wp\/v2\/posts\/178365","targetHints":{"allow":["GET"]}}],"collection":[{"href":"https:\/\/die-webzeitung.de\/ludwigsburg\/wp-json\/wp\/v2\/posts"}],"about":[{"href":"https:\/\/die-webzeitung.de\/ludwigsburg\/wp-json\/wp\/v2\/types\/post"}],"author":[{"embeddable":true,"href":"https:\/\/die-webzeitung.de\/ludwigsburg\/wp-json\/wp\/v2\/users\/4"}],"replies":[{"embeddable":true,"href":"https:\/\/die-webzeitung.de\/ludwigsburg\/wp-json\/wp\/v2\/comments?post=178365"}],"version-history":[{"count":2,"href":"https:\/\/die-webzeitung.de\/ludwigsburg\/wp-json\/wp\/v2\/posts\/178365\/revisions"}],"predecessor-version":[{"id":178368,"href":"https:\/\/die-webzeitung.de\/ludwigsburg\/wp-json\/wp\/v2\/posts\/178365\/revisions\/178368"}],"wp:featuredmedia":[{"embeddable":true,"href":"https:\/\/die-webzeitung.de\/ludwigsburg\/wp-json\/wp\/v2\/media\/178366"}],"wp:attachment":[{"href":"https:\/\/die-webzeitung.de\/ludwigsburg\/wp-json\/wp\/v2\/media?parent=178365"}],"wp:term":[{"taxonomy":"category","embeddable":true,"href":"https:\/\/die-webzeitung.de\/ludwigsburg\/wp-json\/wp\/v2\/categories?post=178365"},{"taxonomy":"post_tag","embeddable":true,"href":"https:\/\/die-webzeitung.de\/ludwigsburg\/wp-json\/wp\/v2\/tags?post=178365"}],"curies":[{"name":"wp","href":"https:\/\/api.w.org\/{rel}","templated":true}]}}