{"id":178353,"date":"2025-08-15T11:36:13","date_gmt":"2025-08-15T10:36:13","guid":{"rendered":"https:\/\/die-webzeitung.de\/ludwigsburg\/?p=178353"},"modified":"2025-08-15T11:36:13","modified_gmt":"2025-08-15T10:36:13","slug":"ausbildung-beim-landratsamt-ludwigsburg","status":"publish","type":"post","link":"https:\/\/die-webzeitung.de\/ludwigsburg\/2025\/08\/15\/ausbildung-beim-landratsamt-ludwigsburg\/","title":{"rendered":"Ausbildung beim Landratsamt Ludwigsburg\u00a0"},"content":{"rendered":"<h4 style=\"text-align: justify;\"><strong>Ein Blick hinter die Kulissen<\/strong><\/h4>\n<p style=\"text-align: justify;\">Ludwigsburg.| Im September beginnt f\u00fcr viele junge Menschen ein neuer Lebensabschnitt: das Ausbildungsjahr 2025 startet. Gleichzeitig endet f\u00fcr einige Auszubildende ihre Zeit im Landratsamt Ludwigsburg \u2013 so auch f\u00fcr Jenny Grundey, die ihre zweij\u00e4hrige Ausbildung zur Verwaltungswirtin im mittleren Dienst abschlie\u00dft. Sie berichtet von ihren Erfahrungen und gibt einen Einblick in den Alltag einer Auszubildenden im \u00f6ffentlichen Dienst.<\/p>\n<p style=\"text-align: justify;\">\u201eIch habe mich allgemein \u00fcber Ausbildungsberufe in der Verwaltung informiert. Die Ausschreibung vom Landratsamt Ludwigsburg habe ich auf der Homepage gesehen und mich direkt beworben\u201c, erz\u00e4hlt Jenny Grundey. Dass sie sich f\u00fcr den Ausbildungsweg zur Verwaltungswirtin entschied, hatte gleich mehrere Gr\u00fcnde: Der Beamtenstatus und die kurze Ausbildungsdauer von zwei Jahren.<\/p>\n<p style=\"text-align: justify;\"><strong>Drei Stationen \u2013 drei Einblicke in die Verwaltung<\/strong><\/p>\n<p style=\"text-align: justify;\">Im Laufe ihrer Ausbildung durchlief Grundey drei verschiedene Abteilungen im Landratsamt \u2013 jede mit ihren eigenen Schwerpunkten und Herausforderungen. \u201eMeine erste Abteilung war der Fachbereich Abfallgeb\u00fchren. Besonders spannend fand ich, wie sich die Geb\u00fchren zusammensetzen und wie die Vorauszahlungen funktionieren\u201c, berichtet sie. In der darauffolgenden Station \u2013 dem Fachbereich Haushalt und Finanzen \u2013 wurde ihr schnell klar, \u201edass jede Abteilung im Landratsamt von Entscheidungen des Fachbereiches betroffen ist und diese teilweise sehr weitreichende Folgen haben.\u201c<\/p>\n<p style=\"text-align: justify;\">Viel Abwechslung bot auch die Zeit in der Gesch\u00e4ftsstelle Kreistag, wo die Auszubildende hautnah die Organisation rund um die Kreistagswahlen miterlebte: \u201eIch durfte viele Veranstaltungen mitorganisieren und vor Ort begleiten.\u201c Ihren letzten Ausbildungsabschnitt absolvierte sie in der Bu\u00dfgeldstelle \u2013 eine Station, die ebenfalls vielseitig war: \u201eIch habe Einblicke in die T\u00e4tigkeiten im Au\u00dfendienst bekommen und konnte den gesamten Ablauf der Fallbearbeitung kennenlernen.\u201c<\/p>\n<p style=\"text-align: justify;\"><strong>Gute Betreuung und eigene Verantwortung<\/strong><\/p>\n<p style=\"text-align: justify;\">Im Jahrgang von Grundey schlie\u00dfen zehn Auszubildende ihre Ausbildung im mittleren Dienst ab, neun davon werden vom Landratsamt \u00fcbernommen. R\u00fcckblickend zeigt sich die 26-J\u00e4hrige mit ihrer Ausbildung sehr zufrieden: \u201eAlle waren bem\u00fcht, mir als Auszubildende einen guten \u00dcberblick zu verschaffen und mir viel zu zeigen.\u201c Ein besonderes Highlight war f\u00fcr sie ihre Wahl zur Vorsitzenden der Jugend- und Ausbildungsvertretung: \u201eDie Wahl hat mir gezeigt, dass man einiges bewegen kann, wenn man den Ansporn dazu hat.\u201c<\/p>\n<p style=\"text-align: justify;\">Auf die Frage, wem sie eine Ausbildung im Landratsamt empfehlen w\u00fcrde, antwortet sie: \u201eWenn man Spa\u00df daran hat, mit Menschen zusammenzuarbeiten und sich f\u00fcr verschiedene Themengebiete begeistern kann, ist die Ausbildung am Landratsamt genau das Richtige.\u201c<strong><\/p>\n<p>Jetzt f\u00fcr 2026 bewerben \u2013 Ausbildungsstart mit vielen M\u00f6glichkeiten<\/p>\n<p><\/strong>Die Ausbildung beim Landratsamt Ludwigsburg bietet neben einer spannenden Einf\u00fchrungswoche ein Patenprogramm, sehr gute \u00dcbernahmechancen, Zusch\u00fcsse f\u00fcr \u00f6ffentliche Verkehrsmittel, eigene Projekte, Austauschformate und ein umfassendes Fortbildungsprogramm speziell f\u00fcr Auszubildende.<\/p>\n<p style=\"text-align: justify;\">Wer sich ebenfalls f\u00fcr eine Ausbildung beim Landratsamt Ludwigsburg interessiert, kann sich ab sofort f\u00fcr den Ausbildungsbeginn 2026 bewerben. Die Frist l\u00e4uft f\u00fcr die meisten Ausbildungsberufe bis zum 31. Oktober 2025. Angeboten werden unter anderem die Ausbildungen zu Verwaltungsfachangestellten, Beamtin\/Beamter im mittleren Verwaltungsdienst, Kaufleute f\u00fcr B\u00fcromanagement, Stra\u00dfenw\u00e4rter, Vermessungstechniker sowie DHBW-Studieng\u00e4nge im Bereich Soziale Arbeit mit Praxiseinsatz im Jobcenter oder Allgemeinen Sozialen Dienst. Au\u00dferdem wird das Einf\u00fchrungspraktikum f\u00fcr das Studium \u201ePublic Management\u201c (gehobener Dienst) angeboten.<\/p>\n<p style=\"text-align: justify;\">Wichtig: F\u00fcr Vermessungstechniker endet die Bewerbungsfrist bereits am 1. Oktober 2025, f\u00fcr das Einf\u00fchrungspraktikum im Studiengang Public Management l\u00e4uft die Bewerbung \u00fcber die Hochschule Ludwigsburg bis zum 15. Juli 2026.<\/p>\n<p style=\"text-align: justify;\">Weitere Informationen zur Ausbildung und die M\u00f6glichkeit zur Onlinebewerbung finden Interessierte unter <a href=\"https:\/\/www.landkreis-ludwigsburg.de\/de\/landratsamt-landkreis\/aktuelles\/karriere\/ausbildung-und-studium\/\" target=\"_blank\" rel=\"noopener\" data-saferedirecturl=\"https:\/\/www.google.com\/url?q=https:\/\/www.landkreis-ludwigsburg.de\/de\/landratsamt-landkreis\/aktuelles\/karriere\/ausbildung-und-studium\/&amp;source=gmail&amp;ust=1755339642217000&amp;usg=AOvVaw3AmZpPwmOO60jink1i9qW2\">www.landkreis-ludwigsburg.de\/ausbildung-und-studium<\/a><\/p>\n<hr \/>\n<p style=\"text-align: justify;\">\n","protected":false},"excerpt":{"rendered":"<p>Ein Blick hinter die Kulissen Ludwigsburg.| Im September beginnt f\u00fcr viele junge Menschen ein neuer Lebensabschnitt: das Ausbildungsjahr 2025 startet. Gleichzeitig endet f\u00fcr einige Auszubildende ihre Zeit im Landratsamt Ludwigsburg \u2013 so auch f\u00fcr Jenny Grundey, die ihre zweij\u00e4hrige Ausbildung zur Verwaltungswirtin im mittleren Dienst abschlie\u00dft. Sie berichtet von ihren Erfahrungen und gibt einen Einblick [&hellip;]<\/p>\n","protected":false},"author":4,"featured_media":0,"comment_status":"closed","ping_status":"open","sticky":false,"template":"","format":"standard","meta":{"inline_featured_image":false,"_exactmetrics_skip_tracking":false,"_exactmetrics_sitenote_active":false,"_exactmetrics_sitenote_note":"","_exactmetrics_sitenote_category":0,"tdm_status":"","tdm_grid_status":"","footnotes":""},"categories":[65],"tags":[1848,8875,983,6,68],"class_list":{"0":"post-178353","1":"post","2":"type-post","3":"status-publish","4":"format-standard","6":"category-kreis_ludwigsburg","7":"tag-ausbildung","8":"tag-die-webzeitung","9":"tag-landratsamt","10":"tag-ludwigsburg","11":"tag-online-zeitung"},"image_feature":null,"author_name":"Redaktion","pure_taxonomies":{"categories":[{"term_id":65,"name":"Kreis Ludwigsburg","slug":"kreis_ludwigsburg","term_group":0,"term_taxonomy_id":66,"taxonomy":"category","description":"","parent":171,"count":631,"filter":"raw","image":""}],"tags":[{"term_id":1848,"name":"Ausbildung","slug":"ausbildung","term_group":0,"term_taxonomy_id":1857,"taxonomy":"post_tag","description":"","parent":0,"count":22,"filter":"raw","image":""},{"term_id":8875,"name":"Die-Webzeitung","slug":"die-webzeitung","term_group":0,"term_taxonomy_id":8876,"taxonomy":"post_tag","description":"","parent":0,"count":4257,"filter":"raw","image":""},{"term_id":983,"name":"Landratsamt","slug":"landratsamt","term_group":0,"term_taxonomy_id":992,"taxonomy":"post_tag","description":"","parent":0,"count":25,"filter":"raw","image":""},{"term_id":6,"name":"Ludwigsburg","slug":"ludwigsburg","term_group":0,"term_taxonomy_id":6,"taxonomy":"post_tag","description":"","parent":0,"count":1353,"filter":"raw","image":""},{"term_id":68,"name":"Online-Zeitung","slug":"online-zeitung","term_group":0,"term_taxonomy_id":69,"taxonomy":"post_tag","description":"","parent":0,"count":4206,"filter":"raw","image":""}]},"_links":{"self":[{"href":"https:\/\/die-webzeitung.de\/ludwigsburg\/wp-json\/wp\/v2\/posts\/178353","targetHints":{"allow":["GET"]}}],"collection":[{"href":"https:\/\/die-webzeitung.de\/ludwigsburg\/wp-json\/wp\/v2\/posts"}],"about":[{"href":"https:\/\/die-webzeitung.de\/ludwigsburg\/wp-json\/wp\/v2\/types\/post"}],"author":[{"embeddable":true,"href":"https:\/\/die-webzeitung.de\/ludwigsburg\/wp-json\/wp\/v2\/users\/4"}],"replies":[{"embeddable":true,"href":"https:\/\/die-webzeitung.de\/ludwigsburg\/wp-json\/wp\/v2\/comments?post=178353"}],"version-history":[{"count":1,"href":"https:\/\/die-webzeitung.de\/ludwigsburg\/wp-json\/wp\/v2\/posts\/178353\/revisions"}],"predecessor-version":[{"id":178354,"href":"https:\/\/die-webzeitung.de\/ludwigsburg\/wp-json\/wp\/v2\/posts\/178353\/revisions\/178354"}],"wp:attachment":[{"href":"https:\/\/die-webzeitung.de\/ludwigsburg\/wp-json\/wp\/v2\/media?parent=178353"}],"wp:term":[{"taxonomy":"category","embeddable":true,"href":"https:\/\/die-webzeitung.de\/ludwigsburg\/wp-json\/wp\/v2\/categories?post=178353"},{"taxonomy":"post_tag","embeddable":true,"href":"https:\/\/die-webzeitung.de\/ludwigsburg\/wp-json\/wp\/v2\/tags?post=178353"}],"curies":[{"name":"wp","href":"https:\/\/api.w.org\/{rel}","templated":true}]}}