{"id":178337,"date":"2025-08-14T11:04:49","date_gmt":"2025-08-14T10:04:49","guid":{"rendered":"https:\/\/die-webzeitung.de\/ludwigsburg\/?p=178337"},"modified":"2025-08-14T11:05:01","modified_gmt":"2025-08-14T10:05:01","slug":"ww-gruppe-erfolgreiches-erstes-halbjahr-2025","status":"publish","type":"post","link":"https:\/\/die-webzeitung.de\/ludwigsburg\/2025\/08\/14\/ww-gruppe-erfolgreiches-erstes-halbjahr-2025\/","title":{"rendered":"W&#038;W-Gruppe: Erfolgreiches erstes Halbjahr 2025"},"content":{"rendered":"<ul style=\"text-align: justify;\">\n<li><strong>Zuw\u00e4chse beim Konzernergebnis.<\/strong><\/li>\n<li><strong>Neugesch\u00e4ft besonders in Baufinanzierung gestiegen.<\/strong><\/li>\n<li><strong>Combined Ratio brutto in der Sachversicherung mit 83,8 Prozent auf Bestwert. <\/strong><\/li>\n<\/ul>\n<p style=\"text-align: justify;\"><strong>Die W\u00fcstenrot &amp; W\u00fcrttembergische-Gruppe (W&amp;W) hat ein erfolgreiches erstes Halbjahr 2025 absolviert. Das Konzernergebnis nach dem IFRS-Rechnungslegungsstandard stieg auf 91\u00a0Millionen Euro (Vorjahreszeitraum: minus 14\u00a0Millionen Euro). Das Vorjahr war insbesondere von hohen Unwettersch\u00e4den gepr\u00e4gt, die in der IFRS-Rechnungslegung stark zu Buche schlugen. F\u00fcr das Gesamtjahr 2025 wird weiterhin eine deutliche Steigerung des IFRS-Konzernergebnisses zum Vorjahr erwartet. Das HGB-Ergebnis im Einzelabschluss der W&amp;W AG, das im Halbjahr nicht ausgewiesen wird, soll prognosegem\u00e4\u00df leicht \u00fcber dem Niveau des Gesch\u00e4ftsjahres 2024 liegen. Diese Einsch\u00e4tzung erfolgt unter der Voraussetzung, dass keine au\u00dfergew\u00f6hnlichen Schadenereignisse oder gr\u00f6\u00dfere Turbulenzen an den Kapital- und Finanzm\u00e4rkten auftreten.<\/strong><\/p>\n<p style=\"text-align: justify;\">\u201eDas kr\u00e4ftige Gewinnwachstum und die sehr positive Entwicklung im Neugesch\u00e4ft zeigen das hohe Vertrauen, das unsere Kundinnen und Kunden in uns setzen. Unser Erfolg ist auch darauf zur\u00fcckzuf\u00fchren, dass wir innovative Produktangebote bieten und unseren Service stetig weiter verbessern. Gleichzeitig zeigen sich auch Erfolge aus der Kombination digitaler L\u00f6sungen, wo es im Kundengesch\u00e4ft sinnvoll ist, und einer pers\u00f6nlichen und intensiven Beratung bei anspruchsvolleren Themen\u201c, sagt J\u00fcrgen Junker, CEO der W\u00fcstenrot &amp; W\u00fcrttembergische-Gruppe. Er erg\u00e4nzt: \u201eWir wollen unsere Kundinnen und Kunden nicht nur in schwierigen Zeiten unterst\u00fctzen, sondern insbesondere ihre Bed\u00fcrfnisse in einer sich schnell ver\u00e4ndernden Welt erf\u00fcllen. Die Bedeutung privater und eigenverantwortlicher Vorsorge und Verm\u00f6gensbildung nimmt weiter zu. Immer mehr Menschen erkennen dies. Wir sehen hierbei auch an den Zahlen, dass wir als kompetent, fair und kundennah gesch\u00e4tzt werden.\u201c<\/p>\n<p style=\"text-align: justify;\">Im Neugesch\u00e4ft verzeichnet die W&amp;W-Gruppe \u00fcber alle Sparten erfreuliche Zuw\u00e4chse. Das Kreditneugesch\u00e4ft in der <strong>Baufinanzierung<\/strong> legte im ersten Halbjahr 2025 um 27,6\u00a0Prozent auf 2,8\u00a0Milliarden Euro zu. Die <strong>Bausparsumme<\/strong> wuchs im Brutto-Neugesch\u00e4ft um 1,2\u00a0Prozent auf 5,7\u00a0Milliarden Euro. Die gebuchten Bruttobeitr\u00e4ge in der <strong>Schaden- und Unfallversicherung<\/strong> stiegen um 5,3\u00a0Prozent auf 1,9\u00a0Milliarden Euro. Die Combined Ratio (Schaden-Kosten-Quote) verbesserte sich brutto nach IFRS auf 83,8 Prozent, nach 104,7\u00a0Prozent im Vorjahreszeitraum. In den <strong>Personenversicherungen<\/strong> gelang der Lebensversicherung ein Plus um 5,1\u00a0Prozent auf 889\u00a0Millionen Euro und der Krankenversicherung um 6\u00a0Prozent auf 172\u00a0Millionen Euro, jeweils bei den gebuchten Bruttobeitr\u00e4gen.<\/p>\n<hr \/>\n<p style=\"text-align: justify;\">\n","protected":false},"excerpt":{"rendered":"<p>Zuw\u00e4chse beim Konzernergebnis. Neugesch\u00e4ft besonders in Baufinanzierung gestiegen. Combined Ratio brutto in der Sachversicherung mit 83,8 Prozent auf Bestwert. Die W\u00fcstenrot &amp; W\u00fcrttembergische-Gruppe (W&amp;W) hat ein erfolgreiches erstes Halbjahr 2025 absolviert. Das Konzernergebnis nach dem IFRS-Rechnungslegungsstandard stieg auf 91\u00a0Millionen Euro (Vorjahreszeitraum: minus 14\u00a0Millionen Euro). Das Vorjahr war insbesondere von hohen Unwettersch\u00e4den gepr\u00e4gt, die in der [&hellip;]<\/p>\n","protected":false},"author":4,"featured_media":178338,"comment_status":"closed","ping_status":"open","sticky":false,"template":"","format":"standard","meta":{"inline_featured_image":false,"_exactmetrics_skip_tracking":false,"_exactmetrics_sitenote_active":false,"_exactmetrics_sitenote_note":"","_exactmetrics_sitenote_category":0,"tdm_status":"","tdm_grid_status":"","footnotes":""},"categories":[59,479],"tags":[8875,68,1442,18,19],"class_list":{"0":"post-178337","1":"post","2":"type-post","3":"status-publish","4":"format-standard","5":"has-post-thumbnail","7":"category-aktuell","8":"category-wirtschaft","9":"tag-die-webzeitung","10":"tag-online-zeitung","11":"tag-ww","12":"tag-wurttembergische","13":"tag-wustenrot"},"image_feature":"https:\/\/die-webzeitung.de\/ludwigsburg\/wp-content\/uploads\/sites\/5\/2025\/08\/WW-Campus-Vorplatz-1-scaled.jpg","author_name":"Redaktion","pure_taxonomies":{"categories":[{"term_id":59,"name":"Aktuell","slug":"aktuell","term_group":0,"term_taxonomy_id":60,"taxonomy":"category","description":"","parent":0,"count":1175,"filter":"raw","image":""},{"term_id":479,"name":"Wirtschaft","slug":"wirtschaft","term_group":0,"term_taxonomy_id":1941,"taxonomy":"category","description":"","parent":0,"count":392,"filter":"raw","image":""}],"tags":[{"term_id":8875,"name":"Die-Webzeitung","slug":"die-webzeitung","term_group":0,"term_taxonomy_id":8876,"taxonomy":"post_tag","description":"","parent":0,"count":4259,"filter":"raw","image":""},{"term_id":68,"name":"Online-Zeitung","slug":"online-zeitung","term_group":0,"term_taxonomy_id":69,"taxonomy":"post_tag","description":"","parent":0,"count":4208,"filter":"raw","image":""},{"term_id":1442,"name":"W&amp;W","slug":"ww","term_group":0,"term_taxonomy_id":1451,"taxonomy":"post_tag","description":"","parent":0,"count":85,"filter":"raw","image":""},{"term_id":18,"name":"W\u00fcrttembergische","slug":"wurttembergische","term_group":0,"term_taxonomy_id":18,"taxonomy":"post_tag","description":"","parent":0,"count":113,"filter":"raw","image":""},{"term_id":19,"name":"W\u00fcstenrot","slug":"wustenrot","term_group":0,"term_taxonomy_id":19,"taxonomy":"post_tag","description":"","parent":0,"count":181,"filter":"raw","image":""}]},"_links":{"self":[{"href":"https:\/\/die-webzeitung.de\/ludwigsburg\/wp-json\/wp\/v2\/posts\/178337","targetHints":{"allow":["GET"]}}],"collection":[{"href":"https:\/\/die-webzeitung.de\/ludwigsburg\/wp-json\/wp\/v2\/posts"}],"about":[{"href":"https:\/\/die-webzeitung.de\/ludwigsburg\/wp-json\/wp\/v2\/types\/post"}],"author":[{"embeddable":true,"href":"https:\/\/die-webzeitung.de\/ludwigsburg\/wp-json\/wp\/v2\/users\/4"}],"replies":[{"embeddable":true,"href":"https:\/\/die-webzeitung.de\/ludwigsburg\/wp-json\/wp\/v2\/comments?post=178337"}],"version-history":[{"count":1,"href":"https:\/\/die-webzeitung.de\/ludwigsburg\/wp-json\/wp\/v2\/posts\/178337\/revisions"}],"predecessor-version":[{"id":178339,"href":"https:\/\/die-webzeitung.de\/ludwigsburg\/wp-json\/wp\/v2\/posts\/178337\/revisions\/178339"}],"wp:featuredmedia":[{"embeddable":true,"href":"https:\/\/die-webzeitung.de\/ludwigsburg\/wp-json\/wp\/v2\/media\/178338"}],"wp:attachment":[{"href":"https:\/\/die-webzeitung.de\/ludwigsburg\/wp-json\/wp\/v2\/media?parent=178337"}],"wp:term":[{"taxonomy":"category","embeddable":true,"href":"https:\/\/die-webzeitung.de\/ludwigsburg\/wp-json\/wp\/v2\/categories?post=178337"},{"taxonomy":"post_tag","embeddable":true,"href":"https:\/\/die-webzeitung.de\/ludwigsburg\/wp-json\/wp\/v2\/tags?post=178337"}],"curies":[{"name":"wp","href":"https:\/\/api.w.org\/{rel}","templated":true}]}}