{"id":178331,"date":"2025-08-13T13:45:48","date_gmt":"2025-08-13T12:45:48","guid":{"rendered":"https:\/\/die-webzeitung.de\/ludwigsburg\/?p=178331"},"modified":"2025-08-13T13:45:48","modified_gmt":"2025-08-13T12:45:48","slug":"fruehzeitig-vorsorgen-bu-fuer-studierende-und-auszubildende","status":"publish","type":"post","link":"https:\/\/die-webzeitung.de\/ludwigsburg\/2025\/08\/13\/fruehzeitig-vorsorgen-bu-fuer-studierende-und-auszubildende\/","title":{"rendered":"Fr\u00fchzeitig vorsorgen: BU f\u00fcr Studierende und Auszubildende"},"content":{"rendered":"<p style=\"text-align: justify;\"><strong>Nach den Sommerferien beginnen viele ehemalige Sch\u00fclerinnen und Sch\u00fcler ein Studium oder eine Ausbildung. Dabei treffen sie oft finanzielle Entscheidungen. Die Absicherung der eigenen Arbeitskraft ger\u00e4t dabei leicht in den Hintergrund. Doch Krankheiten und Unf\u00e4lle k\u00f6nnen auch junge Menschen finanziell aus der Bahn werfen. Die W\u00fcrttembergische Lebensversicherung empfiehlt Studierenden und Auszubildenden daher, eine Berufsunf\u00e4higkeitsversicherung (BU) abzuschlie\u00dfen. <\/strong><\/p>\n<p style=\"text-align: justify;\">Das erste Auto f\u00fcr die Fahrt zur Uni ist versichert, doch die eigene Arbeitskraft oft nicht. Selbst in akademischen Berufen, die kein hohes Risiko f\u00fcr Verletzungen oder Arbeitsunf\u00e4lle bergen, ist ein BU-Schutz empfehlenswert und wichtig. Mittlerweile sind beispielsweise 34,5 Prozent aller BU-F\u00e4lle auf Erkrankungen der Psyche und des Nervensystems zur\u00fcckzuf\u00fchren.<\/p>\n<p style=\"text-align: justify;\"><strong>BU auch f\u00fcr Studierende und Auszubildende sinnvoll<\/strong><\/p>\n<p style=\"text-align: justify;\">Studentinnen und Studenten \u00fcben zwar noch keinen konkreten Beruf im eigentlichen Sinne aus, haben jedoch einen Studienalltag, Exkursionen und eine stressige Klausurenphase. Die BU springt bereits dann ein, wenn das Studium mindestens zu 50 Prozent nicht mehr bestritten werden kann. Aber auch Auszubildende k\u00f6nnen durch eine schwere Krankheit oder einen Unfall berufsunf\u00e4hig werden. Hinzu kommt: Wer in jungen Jahren berufsunf\u00e4hig wird, hat keine M\u00f6glichkeit, f\u00fcr das Alter Geld zu sparen.<\/p>\n<p style=\"text-align: justify;\"><strong>Fr\u00fcher Abschluss \u2013 g\u00fcnstiger Schutz f\u00fcr die Zukunft<\/strong><\/p>\n<p style=\"text-align: justify;\">Es ist daher sinnvoll, eine BU so fr\u00fch wie m\u00f6glich abzuschlie\u00dfen, da junge Menschen in der Regel noch keine ernsthaften gesundheitlichen Beschwerden haben oder einen potenziell gef\u00e4hrlichen Job aus\u00fcben. Zudem sind die Tarife umso g\u00fcnstiger, je fr\u00fcher man in die Versicherung eintritt. Mit dem Abschluss einer BU in jungen Jahren sichern sich Studentinnen und Studenten sowie Auszubildende daher einen g\u00fcnstigen Schutz ihrer Arbeitskraft f\u00fcr die Zukunft.<\/p>\n<p style=\"text-align: justify;\">Wer gesund und bis zum Alter von 30 Jahren beispielsweise mit der Einsteiger-BU der W\u00fcrttembergischen Lebensversicherung startet, beginnt mit einem g\u00fcnstigen Startbeitrag bei voller Leistung: Junge Leute bis 30 Jahre profitieren von zehn Jahren mit niedrigen Beitr\u00e4gen. Erst ab dem elften Jahr zahlen sie den \u201enormalen\u201c Beitrag. Mit dem Produktmerkmal der \u201eBerufsverbesserung\u201c ist den Versicherten bis zum 30. Lebensjahr die M\u00f6glichkeit geboten, mit jedem Berufswechsel eine Beitragsreduzierung pr\u00fcfen zu lassen. Eine Schlechterstellung ist ausgeschlossen. Wen es nach Abschluss der BU in die Ferne lockt, der ist auch dort abgesichert: Der Versicherungsschutz gilt weltweit.<\/p>\n<hr \/>\n<p style=\"text-align: justify;\">\n","protected":false},"excerpt":{"rendered":"<p>Nach den Sommerferien beginnen viele ehemalige Sch\u00fclerinnen und Sch\u00fcler ein Studium oder eine Ausbildung. Dabei treffen sie oft finanzielle Entscheidungen. Die Absicherung der eigenen Arbeitskraft ger\u00e4t dabei leicht in den Hintergrund. Doch Krankheiten und Unf\u00e4lle k\u00f6nnen auch junge Menschen finanziell aus der Bahn werfen. Die W\u00fcrttembergische Lebensversicherung empfiehlt Studierenden und Auszubildenden daher, eine Berufsunf\u00e4higkeitsversicherung (BU) [&hellip;]<\/p>\n","protected":false},"author":4,"featured_media":0,"comment_status":"closed","ping_status":"open","sticky":false,"template":"","format":"standard","meta":{"inline_featured_image":false,"_exactmetrics_skip_tracking":false,"_exactmetrics_sitenote_active":false,"_exactmetrics_sitenote_note":"","_exactmetrics_sitenote_category":0,"tdm_status":"","tdm_grid_status":"","footnotes":""},"categories":[8],"tags":[8875,68,1442,18,19],"class_list":{"0":"post-178331","1":"post","2":"type-post","3":"status-publish","4":"format-standard","6":"category-ratgeber-leben","7":"tag-die-webzeitung","8":"tag-online-zeitung","9":"tag-ww","10":"tag-wurttembergische","11":"tag-wustenrot"},"image_feature":null,"author_name":"Redaktion","pure_taxonomies":{"categories":[{"term_id":8,"name":"Ratgeber","slug":"ratgeber-leben","term_group":0,"term_taxonomy_id":8,"taxonomy":"category","description":"","parent":482,"count":380,"filter":"raw","image":""}],"tags":[{"term_id":8875,"name":"Die-Webzeitung","slug":"die-webzeitung","term_group":0,"term_taxonomy_id":8876,"taxonomy":"post_tag","description":"","parent":0,"count":4249,"filter":"raw","image":""},{"term_id":68,"name":"Online-Zeitung","slug":"online-zeitung","term_group":0,"term_taxonomy_id":69,"taxonomy":"post_tag","description":"","parent":0,"count":4198,"filter":"raw","image":""},{"term_id":1442,"name":"W&amp;W","slug":"ww","term_group":0,"term_taxonomy_id":1451,"taxonomy":"post_tag","description":"","parent":0,"count":85,"filter":"raw","image":""},{"term_id":18,"name":"W\u00fcrttembergische","slug":"wurttembergische","term_group":0,"term_taxonomy_id":18,"taxonomy":"post_tag","description":"","parent":0,"count":113,"filter":"raw","image":""},{"term_id":19,"name":"W\u00fcstenrot","slug":"wustenrot","term_group":0,"term_taxonomy_id":19,"taxonomy":"post_tag","description":"","parent":0,"count":181,"filter":"raw","image":""}]},"_links":{"self":[{"href":"https:\/\/die-webzeitung.de\/ludwigsburg\/wp-json\/wp\/v2\/posts\/178331","targetHints":{"allow":["GET"]}}],"collection":[{"href":"https:\/\/die-webzeitung.de\/ludwigsburg\/wp-json\/wp\/v2\/posts"}],"about":[{"href":"https:\/\/die-webzeitung.de\/ludwigsburg\/wp-json\/wp\/v2\/types\/post"}],"author":[{"embeddable":true,"href":"https:\/\/die-webzeitung.de\/ludwigsburg\/wp-json\/wp\/v2\/users\/4"}],"replies":[{"embeddable":true,"href":"https:\/\/die-webzeitung.de\/ludwigsburg\/wp-json\/wp\/v2\/comments?post=178331"}],"version-history":[{"count":1,"href":"https:\/\/die-webzeitung.de\/ludwigsburg\/wp-json\/wp\/v2\/posts\/178331\/revisions"}],"predecessor-version":[{"id":178332,"href":"https:\/\/die-webzeitung.de\/ludwigsburg\/wp-json\/wp\/v2\/posts\/178331\/revisions\/178332"}],"wp:attachment":[{"href":"https:\/\/die-webzeitung.de\/ludwigsburg\/wp-json\/wp\/v2\/media?parent=178331"}],"wp:term":[{"taxonomy":"category","embeddable":true,"href":"https:\/\/die-webzeitung.de\/ludwigsburg\/wp-json\/wp\/v2\/categories?post=178331"},{"taxonomy":"post_tag","embeddable":true,"href":"https:\/\/die-webzeitung.de\/ludwigsburg\/wp-json\/wp\/v2\/tags?post=178331"}],"curies":[{"name":"wp","href":"https:\/\/api.w.org\/{rel}","templated":true}]}}