{"id":178226,"date":"2025-08-05T17:07:42","date_gmt":"2025-08-05T16:07:42","guid":{"rendered":"https:\/\/die-webzeitung.de\/ludwigsburg\/?p=178226"},"modified":"2025-08-05T17:16:07","modified_gmt":"2025-08-05T16:16:07","slug":"drk-bergwacht-wuerttemberg-zieht-bilanz","status":"publish","type":"post","link":"https:\/\/die-webzeitung.de\/ludwigsburg\/2025\/08\/05\/drk-bergwacht-wuerttemberg-zieht-bilanz\/","title":{"rendered":"DRK Bergwacht W\u00fcrttemberg zieht Bilanz"},"content":{"rendered":"<h4 style=\"text-align: justify;\"><strong>Stark gefordert in 2024 \u2013 Einsatzbereitschaft auch 2025 ungebrochen<\/strong><\/h4>\n<div style=\"text-align: justify;\">\n<p>Stuttgart\/Heiningen.| Die DRK Bergwacht W\u00fcrttemberg blickt auf ein intensives Einsatzjahr 2024 zur\u00fcck. Mit insgesamt 2.502 Eins\u00e4tzen in den verschiedenstenT\u00e4tigkeitsbereichen und \u00fcber 102.000 geleisteten Stunden zeigte sich eindrucksvoll: Die ehrenamtlichen Retterinnen und Retter sind ein unverzichtbarer Bestandteil der Notfallversorgung in unwegsamem Gel\u00e4nde \u2013 und dar\u00fcber hinaus.<\/p>\n<p>\u201eWir bringen die Notfallmedizin ins Gel\u00e4nde\u201c, bringt Armin Guttenberger, Landesleiter der DRK Bergwacht W\u00fcrttemberg, die Aufgabe der Organisation auf den Punkt. In Zahlen bedeutet das: 1.259 engagierte Angeh\u00f6rige der DRK Bergwacht W\u00fcrttemberg leisteten im Jahr 2024 beeindruckende 102.470 ehrenamtliche Personenstunden \u2013 ein volkswirtschaftlicher Wert von \u00fcber 1,27 Millionen Euro, gemessen am gesetzlichen Mindestlohn.<\/p>\n<p><strong>Zunehmende Eins\u00e4tze im unwegsamen Gel\u00e4nde <\/strong><\/p>\n<p>Besonders die <strong>Rettung in schwierig zug\u00e4nglichem und unwegsamem Terrain<\/strong> pr\u00e4gte das Einsatzgeschehen: 471 Alarmierungen verzeichnete die Bergwacht im Jahr 2024, allein im ersten Halbjahr 2025 bereits 259 weitere. Die Spitzenreiter unter den Einsatzursachen spiegeln den Wandel im Freizeitverhalten wider:<\/p>\n<ul>\n<li>Wanderunf\u00e4lle (78)<\/li>\n<li>Erste-Hilfe-Leistungen (51)<\/li>\n<li>Mountainbike-Unf\u00e4lle (31)<\/li>\n<li>Internistische Notf\u00e4lle (25)<\/li>\n<li>Kletter- (8) und Flugunf\u00e4lle (17)<\/li>\n<li>Suchaktionen (17)<\/li>\n<li>Arbeitsunf\u00e4lle (11), insbesondere bei Waldarbeiten<\/li>\n<li>Verkehrsunf\u00e4lle (11)<\/li>\n<li>Tierrettungen (7) und technische Hilfeleistungen (10)<\/li>\n<li>Trotz Schneemangel: 5 Wintersportunf\u00e4lle<\/li>\n<li>Windenrettungen der Rettungsspezialisten Hubschrauber (3)<\/li>\n<li>Eins\u00e4tze als Helfer vor Ort (92)<\/li>\n<li>Abgebrochene, beziehungsweise Fehleins\u00e4tze (68)<\/li>\n<\/ul>\n<p>Insgesamt investierten die ehrenamtlichen Einsatzkr\u00e4fte 4.333 Stunden ihrer Freizeit in den aktiven Bergrettungsdienst, 706 Stunden w\u00e4hrend der regul\u00e4ren Arbeitszeit.<\/p>\n<p><strong>Mehr als Rettung: Naturschutz, Ausbildung und Nachwuchsarbeit <\/strong><\/p>\n<p>Die DRK Bergwacht W\u00fcrttemberg ist nicht nur im Rettungsdienst aktiv. Als anerkannte Naturschutzorganisation leisteten die Mitglieder 264 Eins\u00e4tze mit 3.154 Stunden im Naturschutz, der Landschaftspflege und im Umweltschutz.<\/p>\n<p>Um die hohe Qualit\u00e4t der Rettungseins\u00e4tze sicherzustellen, wurden 28.387 Stunden in Aus- und Weiterbildung investiert. Weitere Schwerpunkte waren die Jugendarbeit (15.586 Stunden) sowie T\u00e4tigkeiten im Rahmen von Bereitschafts-, Arbeits- und H\u00fcttendiensten, Verwaltung und Kameradschaftspflege (30.878 Stunden).<\/p>\n<p><strong>Stets einsatzbereit \u2013 rund um die Uhr, das ganze Jahr <\/strong><\/p>\n<p>Ob im Sommer bei Wander- und Mountainbikeunf\u00e4llen oder im Winter bei Skitouren und Schneeschuhwanderungen: Die DRK Bergwacht W\u00fcrttemberg ist ganzj\u00e4hrig rund um die Uhr f\u00fcr Menschen in Not im Einsatz. Dank des gro\u00dfen ehrenamtlichen Engagements und der professionellen Ausbildung ist sie ein unverzichtbarer Bestandteil des Hilfeleistungssystems im Land. (RaWi)<\/p>\n<\/div>\n<div style=\"text-align: justify;\">\n<hr \/>\n<\/div>\n","protected":false},"excerpt":{"rendered":"<p>Stark gefordert in 2024 \u2013 Einsatzbereitschaft auch 2025 ungebrochen Stuttgart\/Heiningen.| Die DRK Bergwacht W\u00fcrttemberg blickt auf ein intensives Einsatzjahr 2024 zur\u00fcck. Mit insgesamt 2.502 Eins\u00e4tzen in den verschiedenstenT\u00e4tigkeitsbereichen und \u00fcber 102.000 geleisteten Stunden zeigte sich eindrucksvoll: Die ehrenamtlichen Retterinnen und Retter sind ein unverzichtbarer Bestandteil der Notfallversorgung in unwegsamem Gel\u00e4nde \u2013 und dar\u00fcber hinaus. \u201eWir [&hellip;]<\/p>\n","protected":false},"author":4,"featured_media":178227,"comment_status":"closed","ping_status":"open","sticky":false,"template":"","format":"standard","meta":{"inline_featured_image":false,"_exactmetrics_skip_tracking":false,"_exactmetrics_sitenote_active":false,"_exactmetrics_sitenote_note":"","_exactmetrics_sitenote_category":0,"tdm_status":"","tdm_grid_status":"","footnotes":""},"categories":[59,2402],"tags":[9894,8875,5384,68],"class_list":{"0":"post-178226","1":"post","2":"type-post","3":"status-publish","4":"format-standard","5":"has-post-thumbnail","7":"category-aktuell","8":"category-baden-wuerttemberg","9":"tag-bergwacht","10":"tag-die-webzeitung","11":"tag-drk","12":"tag-online-zeitung"},"image_feature":"https:\/\/die-webzeitung.de\/ludwigsburg\/wp-content\/uploads\/sites\/5\/2025\/08\/WhatsApp-Image-2025-04-27-at-22.57.15-scaled.jpeg","author_name":"Redaktion","pure_taxonomies":{"categories":[{"term_id":59,"name":"Aktuell","slug":"aktuell","term_group":0,"term_taxonomy_id":60,"taxonomy":"category","description":"","parent":0,"count":1175,"filter":"raw","image":""},{"term_id":2402,"name":"Baden-W\u00fcrttemberg","slug":"baden-wuerttemberg","term_group":0,"term_taxonomy_id":2414,"taxonomy":"category","description":"","parent":171,"count":248,"filter":"raw","image":""}],"tags":[{"term_id":9894,"name":"Bergwacht","slug":"bergwacht","term_group":0,"term_taxonomy_id":9895,"taxonomy":"post_tag","description":"","parent":0,"count":15,"filter":"raw","image":""},{"term_id":8875,"name":"Die-Webzeitung","slug":"die-webzeitung","term_group":0,"term_taxonomy_id":8876,"taxonomy":"post_tag","description":"","parent":0,"count":4249,"filter":"raw","image":""},{"term_id":5384,"name":"DRK","slug":"drk","term_group":0,"term_taxonomy_id":5402,"taxonomy":"post_tag","description":"","parent":0,"count":3,"filter":"raw","image":""},{"term_id":68,"name":"Online-Zeitung","slug":"online-zeitung","term_group":0,"term_taxonomy_id":69,"taxonomy":"post_tag","description":"","parent":0,"count":4198,"filter":"raw","image":""}]},"_links":{"self":[{"href":"https:\/\/die-webzeitung.de\/ludwigsburg\/wp-json\/wp\/v2\/posts\/178226","targetHints":{"allow":["GET"]}}],"collection":[{"href":"https:\/\/die-webzeitung.de\/ludwigsburg\/wp-json\/wp\/v2\/posts"}],"about":[{"href":"https:\/\/die-webzeitung.de\/ludwigsburg\/wp-json\/wp\/v2\/types\/post"}],"author":[{"embeddable":true,"href":"https:\/\/die-webzeitung.de\/ludwigsburg\/wp-json\/wp\/v2\/users\/4"}],"replies":[{"embeddable":true,"href":"https:\/\/die-webzeitung.de\/ludwigsburg\/wp-json\/wp\/v2\/comments?post=178226"}],"version-history":[{"count":9,"href":"https:\/\/die-webzeitung.de\/ludwigsburg\/wp-json\/wp\/v2\/posts\/178226\/revisions"}],"predecessor-version":[{"id":178236,"href":"https:\/\/die-webzeitung.de\/ludwigsburg\/wp-json\/wp\/v2\/posts\/178226\/revisions\/178236"}],"wp:featuredmedia":[{"embeddable":true,"href":"https:\/\/die-webzeitung.de\/ludwigsburg\/wp-json\/wp\/v2\/media\/178227"}],"wp:attachment":[{"href":"https:\/\/die-webzeitung.de\/ludwigsburg\/wp-json\/wp\/v2\/media?parent=178226"}],"wp:term":[{"taxonomy":"category","embeddable":true,"href":"https:\/\/die-webzeitung.de\/ludwigsburg\/wp-json\/wp\/v2\/categories?post=178226"},{"taxonomy":"post_tag","embeddable":true,"href":"https:\/\/die-webzeitung.de\/ludwigsburg\/wp-json\/wp\/v2\/tags?post=178226"}],"curies":[{"name":"wp","href":"https:\/\/api.w.org\/{rel}","templated":true}]}}