{"id":178154,"date":"2025-08-01T12:11:01","date_gmt":"2025-08-01T11:11:01","guid":{"rendered":"https:\/\/die-webzeitung.de\/ludwigsburg\/?p=178154"},"modified":"2025-12-05T11:33:07","modified_gmt":"2025-12-05T10:33:07","slug":"freiberg-beschliesst-die-einrichtung-eines-jugendbeirats","status":"publish","type":"post","link":"https:\/\/die-webzeitung.de\/ludwigsburg\/2025\/08\/01\/freiberg-beschliesst-die-einrichtung-eines-jugendbeirats\/","title":{"rendered":"Freiberg beschlie\u00dft die Einrichtung eines Jugendbeirats"},"content":{"rendered":"<h4 style=\"text-align: justify;\"><strong>Interesse an Mitarbeit ist bei den Jugendlichen sehr gro\u00df<\/strong><\/h4>\n<p style=\"text-align: justify;\">Freiberg a. N.| In den letzten Monaten gab es mehrere Termine mit interessierten Jugendlichen zur Bildung eines Jugendbeirats. Hier wurden die Kids umfassend \u00fcber die T\u00e4tigkeit informiert und an das Thema herangef\u00fchrt. Das gro\u00dfe Interesse der jungen Freibergerinnen und Freiberger war dabei so gro\u00df, dass die Verwaltung ein Konzept f\u00fcr die Umsetzung von Jugendbeteiligung in der Stadt erarbeitete.<\/p>\n<p style=\"text-align: justify;\">Man entschied sich f\u00fcr die Einrichtung eines Jugendbeirats ohne formale Wahl. Damit entf\u00e4llt der organisatorische und finanzielle Aufwand, der mit einer klassischen Wahl verbunden w\u00e4re. Auch die damit verbundene H\u00fcrde f\u00fcr das Engagement in der Jugendbeteiligung ist auf diesem Weg niedriger.<\/p>\n<p style=\"text-align: justify;\">Der Jugendbeirat soll aus einem j\u00e4hrlich stattfindenden offenen Jugendhearing herausgebildet werden. Das n\u00e4chste Jugendhearing wird im Herbst 2025 von der Stadtverwaltung ausgerichtet. Dabei soll der erste Jugendbeirat gew\u00e4hlt werden. K\u00fcnftig wird dieses Hearing vom Jugendbeirat selbst organisiert.<\/p>\n<p style=\"text-align: justify;\">Die Einladung zum ersten Jugendhearing mit Wahl des Jugendbeirats erfolgt per pers\u00f6nlichem Brief an alle Freiberger Einwohnerinnen und Einwohner im Alter von 14 bis 21 Jahren. Zus\u00e4tzlich wird die Oscar-Paret-Schule angefragt, um die Sch\u00fclerinnen und Sch\u00fcler zu informieren.<\/p>\n<p style=\"text-align: justify;\">Die Anzahl der Mitglieder des Jugendbeirats kann flexibel zwischen mindestens f\u00fcnf und maximal neun Personen variieren. So wird gew\u00e4hrleistet, dass der Beirat auch in Jahren mit geringerem Interesse arbeitsf\u00e4hig bleibt. Die Wahl des Jugendbeirats soll alle zwei Jahre stattfinden.<\/p>\n<p style=\"text-align: justify;\">Der Jugendbeirat wird intern einen Vorstand w\u00e4hlen, seine Arbeitsergebnisse einmal j\u00e4hrlich im Gemeinderat pr\u00e4sentieren und hat ein Anh\u00f6rungs- und Antragsrecht bei jugendrelevanten Themen.<\/p>\n<p style=\"text-align: justify;\">Die finanziellen Auswirkungen sind \u00fcberschaubar. F\u00fcr den Haushalt 2026 wurden 3.000 Euro angemeldet. Diese sollen f\u00fcr das laufende j\u00e4hrliche Gesch\u00e4ft des Jugendbeirats verwendet werden.<\/p>\n<p style=\"text-align: justify;\">Der Gemeinderat nahm den Antrag zur Einrichtung eines Jugendbeirats bei einer Nein-Stimme mehrheitlich an.<\/p>\n<hr \/>\n<p style=\"text-align: justify;\">\n","protected":false},"excerpt":{"rendered":"<p>Interesse an Mitarbeit ist bei den Jugendlichen sehr gro\u00df Freiberg a. N.| In den letzten Monaten gab es mehrere Termine mit interessierten Jugendlichen zur Bildung eines Jugendbeirats. Hier wurden die Kids umfassend \u00fcber die T\u00e4tigkeit informiert und an das Thema herangef\u00fchrt. Das gro\u00dfe Interesse der jungen Freibergerinnen und Freiberger war dabei so gro\u00df, dass die [&hellip;]<\/p>\n","protected":false},"author":4,"featured_media":0,"comment_status":"closed","ping_status":"open","sticky":false,"template":"","format":"standard","meta":{"inline_featured_image":false,"_exactmetrics_skip_tracking":false,"_exactmetrics_sitenote_active":false,"_exactmetrics_sitenote_note":"","_exactmetrics_sitenote_category":0,"tdm_status":"","tdm_grid_status":"","footnotes":""},"categories":[65],"tags":[8875,80,12951,68],"class_list":{"0":"post-178154","1":"post","2":"type-post","3":"status-publish","4":"format-standard","6":"category-kreis_ludwigsburg","7":"tag-die-webzeitung","8":"tag-freiberger-seite","9":"tag-jugendbeirat","10":"tag-online-zeitung"},"image_feature":null,"author_name":"Redaktion","pure_taxonomies":{"categories":[{"term_id":65,"name":"Kreis Ludwigsburg","slug":"kreis_ludwigsburg","term_group":0,"term_taxonomy_id":66,"taxonomy":"category","description":"","parent":171,"count":630,"filter":"raw","image":""}],"tags":[{"term_id":8875,"name":"Die-Webzeitung","slug":"die-webzeitung","term_group":0,"term_taxonomy_id":8876,"taxonomy":"post_tag","description":"","parent":0,"count":4255,"filter":"raw","image":""},{"term_id":80,"name":"Freiberg","slug":"freiberger-seite","term_group":0,"term_taxonomy_id":95,"taxonomy":"post_tag","description":"","parent":0,"count":122,"filter":"raw","image":""},{"term_id":12951,"name":"Jugendbeirat","slug":"jugendbeirat","term_group":0,"term_taxonomy_id":12952,"taxonomy":"post_tag","description":"","parent":0,"count":1,"filter":"raw","image":""},{"term_id":68,"name":"Online-Zeitung","slug":"online-zeitung","term_group":0,"term_taxonomy_id":69,"taxonomy":"post_tag","description":"","parent":0,"count":4204,"filter":"raw","image":""}]},"_links":{"self":[{"href":"https:\/\/die-webzeitung.de\/ludwigsburg\/wp-json\/wp\/v2\/posts\/178154","targetHints":{"allow":["GET"]}}],"collection":[{"href":"https:\/\/die-webzeitung.de\/ludwigsburg\/wp-json\/wp\/v2\/posts"}],"about":[{"href":"https:\/\/die-webzeitung.de\/ludwigsburg\/wp-json\/wp\/v2\/types\/post"}],"author":[{"embeddable":true,"href":"https:\/\/die-webzeitung.de\/ludwigsburg\/wp-json\/wp\/v2\/users\/4"}],"replies":[{"embeddable":true,"href":"https:\/\/die-webzeitung.de\/ludwigsburg\/wp-json\/wp\/v2\/comments?post=178154"}],"version-history":[{"count":1,"href":"https:\/\/die-webzeitung.de\/ludwigsburg\/wp-json\/wp\/v2\/posts\/178154\/revisions"}],"predecessor-version":[{"id":178155,"href":"https:\/\/die-webzeitung.de\/ludwigsburg\/wp-json\/wp\/v2\/posts\/178154\/revisions\/178155"}],"wp:attachment":[{"href":"https:\/\/die-webzeitung.de\/ludwigsburg\/wp-json\/wp\/v2\/media?parent=178154"}],"wp:term":[{"taxonomy":"category","embeddable":true,"href":"https:\/\/die-webzeitung.de\/ludwigsburg\/wp-json\/wp\/v2\/categories?post=178154"},{"taxonomy":"post_tag","embeddable":true,"href":"https:\/\/die-webzeitung.de\/ludwigsburg\/wp-json\/wp\/v2\/tags?post=178154"}],"curies":[{"name":"wp","href":"https:\/\/api.w.org\/{rel}","templated":true}]}}