{"id":177842,"date":"2025-07-22T12:34:21","date_gmt":"2025-07-22T11:34:21","guid":{"rendered":"https:\/\/die-webzeitung.de\/ludwigsburg\/?p=177842"},"modified":"2025-07-22T12:34:21","modified_gmt":"2025-07-22T11:34:21","slug":"fuehrungsspieler-komplettiert-den-kader-der-sg-bbm","status":"publish","type":"post","link":"https:\/\/die-webzeitung.de\/ludwigsburg\/2025\/07\/22\/fuehrungsspieler-komplettiert-den-kader-der-sg-bbm\/","title":{"rendered":"F\u00fchrungsspieler komplettiert den Kader der SG BBM"},"content":{"rendered":"<p style=\"text-align: justify;\">Die SG BBM Bietigheim verst\u00e4rkt sich ab sofort auf der R\u00fcckraum-Rechts-Position mit dem deutschen Nationalspieler Djibril M\u2018Bengue. Der 33-j\u00e4hrige Schwabe bringt viel Erfahrung aus der Bundesliga und dem internationalen Spitzenhandball mit. Er unterschrieb einen Vertrag bis 2028 und komplettiert den Kader der SG BBM f\u00fcr die Spielzeit 2025\/26.<\/p>\n<p style=\"text-align: justify;\">Der geb\u00fcrtige Schorndorfer mit senegalesischen Wurzeln lernte das Handballspielen bei der HSK\u00a0Urbach\/Pl\u00fcderhausen. \u00dcber die A-Jugend des TSB Schw\u00e4bisch Gm\u00fcnd wechselte der 1,95 Meter gro\u00dfe Linksh\u00e4nder 2013 zum damaligen Zweitligisten TV Bittenfeld. Dank eines Zweitspielrechts stand er bis 2015 auch weiterhin f\u00fcr Schw\u00e4bisch Gm\u00fcnd auf dem Feld und stieg 2014 mit dem Team in die Oberliga Baden-W\u00fcrttemberg auf.<\/p>\n<p style=\"text-align: justify;\">Seine ersten Erfahrungen im Profihandball sammelte M\u2019Bengue beim TVB Stuttgart (vormals TV Bittenfeld), mit dem ihm in der Saison 2014\/15 der Aufstieg in die Beletage des deutschen Handballs gelang. Insgesamt trug er vier Jahre lang \u2013 von 2014 bis 2018 \u2013 das Trikot der Schwaben, ehe er zum portugiesischen Spitzenklub FC Porto wechselte. Dort feierte der athletische R\u00fcckraumspieler gro\u00dfe Erfolge: Mit Porto gewann er 2019, 2021 und 2022 die portugiesische Meisterschaft sowie 2019 und 2021 den nationalen Pokal. Im Jahr 2019 erreichte sein Team au\u00dferdem das Halbfinale des EHF-Pokals. Seit 2022 lief M\u2019Bengue f\u00fcr den Bergischen HC auf, wo er zuletzt eine Schl\u00fcsselrolle beim Wiederaufstieg in die 1. Handball-Bundesliga \u00fcbernahm.<\/p>\n<p style=\"text-align: justify;\">Sein Deb\u00fct im Trikot der deutschen Nationalmannschaft gab M\u2019Bengue im November 2021. Er nahm an der Europameisterschaft 2022 teil und erreichte mit der DHB-Auswahl bei der Weltmeisterschaft 2023 einen starken f\u00fcnften Platz.<\/p>\n<p style=\"text-align: justify;\">\u201eZuerst gilt mein Dank den Verantwortlichen des BHC f\u00fcr die konstruktive Realisierung des Wechsels. Mit Djibi bekommen wir einen erfahrenen Spieler und echten Leader \u2013 auf und neben dem Feld \u2013 dazu. Handballerisch besticht er durch seine Wurfst\u00e4rke, sein gutes Auge und seine hohe Abwehrqualit\u00e4t. Mit seinem sympathischen Charakter und seiner Gewinner-Mentalit\u00e4t passt Djibi perfekt in unsere SGFamilie\u201c, sagt SG-Gesch\u00e4ftsf\u00fchrer Bastian Spahlinger.<\/p>\n<p style=\"text-align: justify;\">Auch Djibril M\u2019Bengue blickt mit gro\u00dfer Vorfreude auf seine neue Aufgabe bei der SG BBM: \u201eIch bin sehr dankbar, dass der Wechsel m\u00f6glich gemacht wurde \u2013 und f\u00fcr das Vertrauen sowie den Einsatz aller Beteiligten. Als Familie freuen wir uns sehr, wieder zur\u00fcck im S\u00fcden zu sein. Ich pers\u00f6nlich blicke mit gro\u00dfer Freude auf die bevorstehende Zeit bei der SG BBM. Uns steht eine gro\u00dfe Herausforderung bevor, aber ich bin \u00fcberzeugt, dass wir mit der Qualit\u00e4t im Team und dem Trainerstab bestens aufgestellt sind, um unsere Ziele zu erreichen. Umso sch\u00f6ner, dass es jetzt endlich losgeht.\u201c<\/p>\n<hr \/>\n<p style=\"text-align: justify;\">\n","protected":false},"excerpt":{"rendered":"<p>Die SG BBM Bietigheim verst\u00e4rkt sich ab sofort auf der R\u00fcckraum-Rechts-Position mit dem deutschen Nationalspieler Djibril M\u2018Bengue. Der 33-j\u00e4hrige Schwabe bringt viel Erfahrung aus der Bundesliga und dem internationalen Spitzenhandball mit. Er unterschrieb einen Vertrag bis 2028 und komplettiert den Kader der SG BBM f\u00fcr die Spielzeit 2025\/26. Der geb\u00fcrtige Schorndorfer mit senegalesischen Wurzeln lernte [&hellip;]<\/p>\n","protected":false},"author":4,"featured_media":0,"comment_status":"closed","ping_status":"open","sticky":false,"template":"","format":"standard","meta":{"inline_featured_image":false,"_exactmetrics_skip_tracking":false,"_exactmetrics_sitenote_active":false,"_exactmetrics_sitenote_note":"","_exactmetrics_sitenote_category":0,"tdm_status":"","tdm_grid_status":"","footnotes":""},"categories":[110],"tags":[60,131,8875,133,68,196],"class_list":{"0":"post-177842","1":"post","2":"type-post","3":"status-publish","4":"format-standard","6":"category-sport","7":"tag-bietigheim-bissingen","8":"tag-bundesliga","9":"tag-die-webzeitung","10":"tag-handball","11":"tag-online-zeitung","12":"tag-sg-bbm"},"image_feature":null,"author_name":"Redaktion","pure_taxonomies":{"categories":[{"term_id":110,"name":"Sport","slug":"sport","term_group":0,"term_taxonomy_id":112,"taxonomy":"category","description":"Sportberichte","parent":0,"count":1114,"filter":"raw","image":""}],"tags":[{"term_id":60,"name":"Bietigheim-Bissingen","slug":"bietigheim-bissingen","term_group":0,"term_taxonomy_id":61,"taxonomy":"post_tag","description":"","parent":0,"count":387,"filter":"raw","image":""},{"term_id":131,"name":"Bundesliga","slug":"bundesliga","term_group":0,"term_taxonomy_id":133,"taxonomy":"post_tag","description":"","parent":0,"count":714,"filter":"raw","image":""},{"term_id":8875,"name":"Die-Webzeitung","slug":"die-webzeitung","term_group":0,"term_taxonomy_id":8876,"taxonomy":"post_tag","description":"","parent":0,"count":4249,"filter":"raw","image":""},{"term_id":133,"name":"Handball","slug":"handball","term_group":0,"term_taxonomy_id":135,"taxonomy":"post_tag","description":"","parent":0,"count":411,"filter":"raw","image":""},{"term_id":68,"name":"Online-Zeitung","slug":"online-zeitung","term_group":0,"term_taxonomy_id":69,"taxonomy":"post_tag","description":"","parent":0,"count":4198,"filter":"raw","image":""},{"term_id":196,"name":"SG BBM","slug":"sg-bbm","term_group":0,"term_taxonomy_id":198,"taxonomy":"post_tag","description":"","parent":0,"count":268,"filter":"raw","image":""}]},"_links":{"self":[{"href":"https:\/\/die-webzeitung.de\/ludwigsburg\/wp-json\/wp\/v2\/posts\/177842","targetHints":{"allow":["GET"]}}],"collection":[{"href":"https:\/\/die-webzeitung.de\/ludwigsburg\/wp-json\/wp\/v2\/posts"}],"about":[{"href":"https:\/\/die-webzeitung.de\/ludwigsburg\/wp-json\/wp\/v2\/types\/post"}],"author":[{"embeddable":true,"href":"https:\/\/die-webzeitung.de\/ludwigsburg\/wp-json\/wp\/v2\/users\/4"}],"replies":[{"embeddable":true,"href":"https:\/\/die-webzeitung.de\/ludwigsburg\/wp-json\/wp\/v2\/comments?post=177842"}],"version-history":[{"count":1,"href":"https:\/\/die-webzeitung.de\/ludwigsburg\/wp-json\/wp\/v2\/posts\/177842\/revisions"}],"predecessor-version":[{"id":177843,"href":"https:\/\/die-webzeitung.de\/ludwigsburg\/wp-json\/wp\/v2\/posts\/177842\/revisions\/177843"}],"wp:attachment":[{"href":"https:\/\/die-webzeitung.de\/ludwigsburg\/wp-json\/wp\/v2\/media?parent=177842"}],"wp:term":[{"taxonomy":"category","embeddable":true,"href":"https:\/\/die-webzeitung.de\/ludwigsburg\/wp-json\/wp\/v2\/categories?post=177842"},{"taxonomy":"post_tag","embeddable":true,"href":"https:\/\/die-webzeitung.de\/ludwigsburg\/wp-json\/wp\/v2\/tags?post=177842"}],"curies":[{"name":"wp","href":"https:\/\/api.w.org\/{rel}","templated":true}]}}