{"id":177805,"date":"2025-07-20T09:09:40","date_gmt":"2025-07-20T08:09:40","guid":{"rendered":"https:\/\/die-webzeitung.de\/ludwigsburg\/?p=177805"},"modified":"2025-07-20T09:10:59","modified_gmt":"2025-07-20T08:10:59","slug":"13-schwere-straftaeter-nach-afghanistan-abgeschoben","status":"publish","type":"post","link":"https:\/\/die-webzeitung.de\/ludwigsburg\/2025\/07\/20\/13-schwere-straftaeter-nach-afghanistan-abgeschoben\/","title":{"rendered":"13 schwere Straft\u00e4ter nach Afghanistan abgeschoben"},"content":{"rendered":"<p style=\"text-align: justify;\">Mit einer durch das Bundesministerium des Innern organisierten Charterma\u00dfnahme der Bundespolizei wurden dreizehn schwere Straft\u00e4ter aus Baden-W\u00fcrttemberg nach Afghanistan abgeschoben.<\/p>\n<p style=\"text-align: justify;\">Mit einer durch das Extern: Bundesministerium des Innern (\u00d6ffnet in neuem Fenster) organisierten Charterma\u00dfnahme der Bundespolizei wurden in enger Zusammenarbeit mit dem Sonderstab Gef\u00e4hrliche Ausl\u00e4nder im Ministerium der Justiz und f\u00fcr Migration und dem Regierungspr\u00e4sidium Karlsruhe aus Baden-W\u00fcrttemberg dreizehn schwere Straft\u00e4ter nach Afghanistan abgeschoben.<\/p>\n<p style=\"text-align: justify;\">Vorausgegangen waren sehr umfangreiche Vorarbeiten des Bundes zur Organisation des Abschiebungsfluges sowie des Sonderstabs Gef\u00e4hrliche Ausl\u00e4nder zusammen mit dem Regierungspr\u00e4sidium Karlsruhe zur Vorbereitung der Einzelf\u00e4lle. Zehn der Personen wurden durch die Landespolizei aus der Straf- oder Abschiebungshaft der Abschiebung zugef\u00fchrt. Drei weitere Personen wurden vor der Abschiebung durch die Landespolizei festgenommen.<\/p>\n<h4 style=\"text-align: justify;\"><strong>Rechtsstaat ist auch unter schwierigen Rahmenbedingungen handlungsf\u00e4hig<\/strong><\/h4>\n<p style=\"text-align: justify;\">\u201eEs ist wichtig, dass wir heute wieder eine Charterma\u00dfnahme nach Afghanistan erfolgreich durchgef\u00fchrt haben. Dies zeigt, dass der Rechtsstaat auch unter schwierigen Rahmenbedingungen handlungsf\u00e4hig ist. Wir konnten heute dreizehn schwere Straft\u00e4ter nach Afghanistan abschieben. Das ist ein Gewinn f\u00fcr die Sicherheit in unserem Land\u201c, erkl\u00e4rte die Ministerin der Justiz und f\u00fcr Migration Marion Gentges.<\/p>\n<p style=\"text-align: justify;\">Unter den abgeschobenen Personen befinden sich sechs schwere Sexualstraft\u00e4ter. Darunter auch ein verurteilter Straft\u00e4ter, der im Raum Ulm gemeinsam mit drei weiteren T\u00e4tern eine damals 14-J\u00e4hrige \u00fcber mehrere Stunden vergewaltigt hatte. Die Gesch\u00e4digte war zuvor unter Alkohol- und Drogeneinfluss gesetzt worden. Die Tat hatte tiefe Best\u00fcrzung in der Bev\u00f6lkerung hervorgerufen. Der Hauptt\u00e4ter konnte bereits im Sommer 2024 im Rahmen der ersten Charterma\u00dfnahme nach \u00dcbernahme der Regierungsgewalt durch die Taliban nach Afghanistan abgeschoben werden.<\/p>\n<p style=\"text-align: justify;\">Bei den weiteren abgeschobenen Personen handelt es sich um schwere Straft\u00e4ter, die wegen T\u00f6tungs-, K\u00f6rperverletzungs- und Bet\u00e4ubungsmitteldelikten sowie schwerer Brandstiftung zu mehrj\u00e4hrigen Freiheitsstrafen verurteilt worden waren.<\/p>\n<h4 style=\"text-align: justify;\"><strong>Wer Straftaten begeht, muss Land verlassen<\/strong><\/h4>\n<p style=\"text-align: justify;\">\u201eDie Botschaft ist klar: Wer hier Straftaten begeht, muss unser Land verlassen. Dies ist auch wichtig, damit die Akzeptanz in der Bev\u00f6lkerung zur Aufnahme Schutzberechtigter erhalten bleibt. Unser gemeinsames Ziel von Land und Bund muss es jetzt sein, Abschiebungsfl\u00fcge nach Afghanistan f\u00fcr schwere Straft\u00e4ter regelm\u00e4\u00dfig durchzuf\u00fchren\u201c, erg\u00e4nzt Migrationsstaatssekret\u00e4r Siegfried Lorek.<\/p>\n<p style=\"text-align: justify;\">Alle abgeschobenen Personen wurden f\u00fcr das gesamte Gebiet der Europ\u00e4ischen Union (Schengen-Gebiet) mit einem Einreiseverbot belegt.<\/p>\n<hr \/>\n<p style=\"text-align: justify;\">\n","protected":false},"excerpt":{"rendered":"<p>Mit einer durch das Bundesministerium des Innern organisierten Charterma\u00dfnahme der Bundespolizei wurden dreizehn schwere Straft\u00e4ter aus Baden-W\u00fcrttemberg nach Afghanistan abgeschoben. Mit einer durch das Extern: Bundesministerium des Innern (\u00d6ffnet in neuem Fenster) organisierten Charterma\u00dfnahme der Bundespolizei wurden in enger Zusammenarbeit mit dem Sonderstab Gef\u00e4hrliche Ausl\u00e4nder im Ministerium der Justiz und f\u00fcr Migration und dem Regierungspr\u00e4sidium [&hellip;]<\/p>\n","protected":false},"author":4,"featured_media":177806,"comment_status":"closed","ping_status":"open","sticky":false,"template":"","format":"standard","meta":{"inline_featured_image":false,"_exactmetrics_skip_tracking":false,"_exactmetrics_sitenote_active":false,"_exactmetrics_sitenote_note":"","_exactmetrics_sitenote_category":0,"tdm_status":"","tdm_grid_status":"","footnotes":""},"categories":[59,2402],"tags":[2992,239,4,8875,68,6048],"class_list":{"0":"post-177805","1":"post","2":"type-post","3":"status-publish","4":"format-standard","5":"has-post-thumbnail","7":"category-aktuell","8":"category-baden-wuerttemberg","9":"tag-abschiebung","10":"tag-afghanistan","11":"tag-baden-wurttemberg","12":"tag-die-webzeitung","13":"tag-online-zeitung","14":"tag-straftater"},"image_feature":"https:\/\/die-webzeitung.de\/ludwigsburg\/wp-content\/uploads\/sites\/5\/2025\/07\/plane-7556534_1280-scaled.jpg","author_name":"Redaktion","pure_taxonomies":{"categories":[{"term_id":59,"name":"Aktuell","slug":"aktuell","term_group":0,"term_taxonomy_id":60,"taxonomy":"category","description":"","parent":0,"count":1175,"filter":"raw","image":""},{"term_id":2402,"name":"Baden-W\u00fcrttemberg","slug":"baden-wuerttemberg","term_group":0,"term_taxonomy_id":2414,"taxonomy":"category","description":"","parent":171,"count":248,"filter":"raw","image":""}],"tags":[{"term_id":2992,"name":"Abschiebung","slug":"abschiebung","term_group":0,"term_taxonomy_id":3005,"taxonomy":"post_tag","description":"","parent":0,"count":1,"filter":"raw","image":""},{"term_id":239,"name":"Afghanistan","slug":"afghanistan","term_group":0,"term_taxonomy_id":244,"taxonomy":"post_tag","description":"","parent":0,"count":1,"filter":"raw","image":""},{"term_id":4,"name":"Baden-W\u00fcrttemberg","slug":"baden-wurttemberg","term_group":0,"term_taxonomy_id":4,"taxonomy":"post_tag","description":"","parent":0,"count":140,"filter":"raw","image":""},{"term_id":8875,"name":"Die-Webzeitung","slug":"die-webzeitung","term_group":0,"term_taxonomy_id":8876,"taxonomy":"post_tag","description":"","parent":0,"count":4249,"filter":"raw","image":""},{"term_id":68,"name":"Online-Zeitung","slug":"online-zeitung","term_group":0,"term_taxonomy_id":69,"taxonomy":"post_tag","description":"","parent":0,"count":4198,"filter":"raw","image":""},{"term_id":6048,"name":"Straft\u00e4ter","slug":"straftater","term_group":0,"term_taxonomy_id":6066,"taxonomy":"post_tag","description":"","parent":0,"count":1,"filter":"raw","image":""}]},"_links":{"self":[{"href":"https:\/\/die-webzeitung.de\/ludwigsburg\/wp-json\/wp\/v2\/posts\/177805","targetHints":{"allow":["GET"]}}],"collection":[{"href":"https:\/\/die-webzeitung.de\/ludwigsburg\/wp-json\/wp\/v2\/posts"}],"about":[{"href":"https:\/\/die-webzeitung.de\/ludwigsburg\/wp-json\/wp\/v2\/types\/post"}],"author":[{"embeddable":true,"href":"https:\/\/die-webzeitung.de\/ludwigsburg\/wp-json\/wp\/v2\/users\/4"}],"replies":[{"embeddable":true,"href":"https:\/\/die-webzeitung.de\/ludwigsburg\/wp-json\/wp\/v2\/comments?post=177805"}],"version-history":[{"count":3,"href":"https:\/\/die-webzeitung.de\/ludwigsburg\/wp-json\/wp\/v2\/posts\/177805\/revisions"}],"predecessor-version":[{"id":177809,"href":"https:\/\/die-webzeitung.de\/ludwigsburg\/wp-json\/wp\/v2\/posts\/177805\/revisions\/177809"}],"wp:featuredmedia":[{"embeddable":true,"href":"https:\/\/die-webzeitung.de\/ludwigsburg\/wp-json\/wp\/v2\/media\/177806"}],"wp:attachment":[{"href":"https:\/\/die-webzeitung.de\/ludwigsburg\/wp-json\/wp\/v2\/media?parent=177805"}],"wp:term":[{"taxonomy":"category","embeddable":true,"href":"https:\/\/die-webzeitung.de\/ludwigsburg\/wp-json\/wp\/v2\/categories?post=177805"},{"taxonomy":"post_tag","embeddable":true,"href":"https:\/\/die-webzeitung.de\/ludwigsburg\/wp-json\/wp\/v2\/tags?post=177805"}],"curies":[{"name":"wp","href":"https:\/\/api.w.org\/{rel}","templated":true}]}}