{"id":177761,"date":"2025-07-16T16:42:29","date_gmt":"2025-07-16T15:42:29","guid":{"rendered":"https:\/\/die-webzeitung.de\/ludwigsburg\/?p=177761"},"modified":"2025-07-16T16:42:42","modified_gmt":"2025-07-16T15:42:42","slug":"helena-herzig-erneut-in-den-landesvorstand-der-fdp-baden-wuerttemberg-gewaehlt","status":"publish","type":"post","link":"https:\/\/die-webzeitung.de\/ludwigsburg\/2025\/07\/16\/helena-herzig-erneut-in-den-landesvorstand-der-fdp-baden-wuerttemberg-gewaehlt\/","title":{"rendered":"Helena Herzig erneut in den Landesvorstand der FDP Baden-W\u00fcrttemberg gew\u00e4hlt"},"content":{"rendered":"<p style=\"text-align: justify;\">Auf dem vergangenen Landesparteitag wurde die 25-J\u00e4hrige Helena Herzig aus Ditzingen-Hirschlanden erneut in den Landesvorstand der FDP Baden-W\u00fcrttemberg gew\u00e4hlt. Herzig ist FDP-Landtagskandidatin im Wahlkreis 13 Vaihingen und wurde bei der Kommunalwahl 2024 in den Ortschaftsrat ihres Heimatortes Hirschlanden gew\u00e4hlt. Bei der FDP setzt sie sich vor allem f\u00fcr ihre Herzensangelegenheit, die Verbindung von Marktwirtschaft und Umweltschutz, ein.<\/p>\n<hr \/>\n<p style=\"text-align: justify;\">\n","protected":false},"excerpt":{"rendered":"<p>Auf dem vergangenen Landesparteitag wurde die 25-J\u00e4hrige Helena Herzig aus Ditzingen-Hirschlanden erneut in den Landesvorstand der FDP Baden-W\u00fcrttemberg gew\u00e4hlt. Herzig ist FDP-Landtagskandidatin im Wahlkreis 13 Vaihingen und wurde bei der Kommunalwahl 2024 in den Ortschaftsrat ihres Heimatortes Hirschlanden gew\u00e4hlt. Bei der FDP setzt sie sich vor allem f\u00fcr ihre Herzensangelegenheit, die Verbindung von Marktwirtschaft und [&hellip;]<\/p>\n","protected":false},"author":4,"featured_media":177762,"comment_status":"closed","ping_status":"open","sticky":false,"template":"","format":"standard","meta":{"inline_featured_image":false,"_exactmetrics_skip_tracking":false,"_exactmetrics_sitenote_active":false,"_exactmetrics_sitenote_note":"","_exactmetrics_sitenote_category":0,"tdm_status":"","tdm_grid_status":"","footnotes":""},"categories":[59,2402],"tags":[4,8875,446,9442,68],"class_list":{"0":"post-177761","1":"post","2":"type-post","3":"status-publish","4":"format-standard","5":"has-post-thumbnail","7":"category-aktuell","8":"category-baden-wuerttemberg","9":"tag-baden-wurttemberg","10":"tag-die-webzeitung","11":"tag-fdp","12":"tag-landesvorstand","13":"tag-online-zeitung"},"image_feature":"https:\/\/die-webzeitung.de\/ludwigsburg\/wp-content\/uploads\/sites\/5\/2025\/07\/Bild-Helena-Herzig-Juli-2025-scaled.jpg","author_name":"Redaktion","pure_taxonomies":{"categories":[{"term_id":59,"name":"Aktuell","slug":"aktuell","term_group":0,"term_taxonomy_id":60,"taxonomy":"category","description":"","parent":0,"count":1175,"filter":"raw","image":""},{"term_id":2402,"name":"Baden-W\u00fcrttemberg","slug":"baden-wuerttemberg","term_group":0,"term_taxonomy_id":2414,"taxonomy":"category","description":"","parent":171,"count":248,"filter":"raw","image":""}],"tags":[{"term_id":4,"name":"Baden-W\u00fcrttemberg","slug":"baden-wurttemberg","term_group":0,"term_taxonomy_id":4,"taxonomy":"post_tag","description":"","parent":0,"count":140,"filter":"raw","image":""},{"term_id":8875,"name":"Die-Webzeitung","slug":"die-webzeitung","term_group":0,"term_taxonomy_id":8876,"taxonomy":"post_tag","description":"","parent":0,"count":4254,"filter":"raw","image":""},{"term_id":446,"name":"FDP","slug":"fdp","term_group":0,"term_taxonomy_id":453,"taxonomy":"post_tag","description":"","parent":0,"count":35,"filter":"raw","image":""},{"term_id":9442,"name":"Landesvorstand","slug":"landesvorstand","term_group":0,"term_taxonomy_id":9443,"taxonomy":"post_tag","description":"","parent":0,"count":2,"filter":"raw","image":""},{"term_id":68,"name":"Online-Zeitung","slug":"online-zeitung","term_group":0,"term_taxonomy_id":69,"taxonomy":"post_tag","description":"","parent":0,"count":4203,"filter":"raw","image":""}]},"_links":{"self":[{"href":"https:\/\/die-webzeitung.de\/ludwigsburg\/wp-json\/wp\/v2\/posts\/177761","targetHints":{"allow":["GET"]}}],"collection":[{"href":"https:\/\/die-webzeitung.de\/ludwigsburg\/wp-json\/wp\/v2\/posts"}],"about":[{"href":"https:\/\/die-webzeitung.de\/ludwigsburg\/wp-json\/wp\/v2\/types\/post"}],"author":[{"embeddable":true,"href":"https:\/\/die-webzeitung.de\/ludwigsburg\/wp-json\/wp\/v2\/users\/4"}],"replies":[{"embeddable":true,"href":"https:\/\/die-webzeitung.de\/ludwigsburg\/wp-json\/wp\/v2\/comments?post=177761"}],"version-history":[{"count":1,"href":"https:\/\/die-webzeitung.de\/ludwigsburg\/wp-json\/wp\/v2\/posts\/177761\/revisions"}],"predecessor-version":[{"id":177763,"href":"https:\/\/die-webzeitung.de\/ludwigsburg\/wp-json\/wp\/v2\/posts\/177761\/revisions\/177763"}],"wp:featuredmedia":[{"embeddable":true,"href":"https:\/\/die-webzeitung.de\/ludwigsburg\/wp-json\/wp\/v2\/media\/177762"}],"wp:attachment":[{"href":"https:\/\/die-webzeitung.de\/ludwigsburg\/wp-json\/wp\/v2\/media?parent=177761"}],"wp:term":[{"taxonomy":"category","embeddable":true,"href":"https:\/\/die-webzeitung.de\/ludwigsburg\/wp-json\/wp\/v2\/categories?post=177761"},{"taxonomy":"post_tag","embeddable":true,"href":"https:\/\/die-webzeitung.de\/ludwigsburg\/wp-json\/wp\/v2\/tags?post=177761"}],"curies":[{"name":"wp","href":"https:\/\/api.w.org\/{rel}","templated":true}]}}