{"id":177707,"date":"2025-07-14T11:35:40","date_gmt":"2025-07-14T10:35:40","guid":{"rendered":"https:\/\/die-webzeitung.de\/ludwigsburg\/?p=177707"},"modified":"2025-07-14T11:35:40","modified_gmt":"2025-07-14T10:35:40","slug":"sg-verpflichtet-tschechischen-nationaltorhueter","status":"publish","type":"post","link":"https:\/\/die-webzeitung.de\/ludwigsburg\/2025\/07\/14\/sg-verpflichtet-tschechischen-nationaltorhueter\/","title":{"rendered":"SG verpflichtet tschechischen Nationaltorh\u00fcter"},"content":{"rendered":"<p style=\"text-align: justify;\">Die SG BBM Bietigheim treibt ihre Kaderplanung f\u00fcr die kommende Bundesligasaison weiter voran und verst\u00e4rkt sich auf der Torh\u00fcterposition mit dem tschechischen Nationalspieler Jan Hrdli\u010dka. Der 28J\u00e4hrige wechselt zur anstehenden Saison 2025\/26 von MKS Kalisz aus der polnischen 1. Liga nach Bietigheim und hat einen Vertrag bis Sommer 2027 unterzeichnet.<\/p>\n<p style=\"text-align: justify;\">Jan Hrdli\u010dka wurde in der Kleinstadt Litom\u011b\u0159ice geboren, unweit von Lovosice, der Heimatstadt vom ehemaligen SG-Aufstiegshelden Jan Kulhanek. Seine handballerische Ausbildung begann er 2003 beim tschechischen Verein HK M\u011bsto Lovosice, wo er zur Saison 2015\/2016 auch den Sprung in die erste Mannschaft und damit in den Profibereich der 1. Liga schaffte. Zur Saison 2022 wechselte der Torh\u00fcter zum polnischen Topclub MKS Kalisz, wo er sich rasch als Stammtorh\u00fcter etablierte und mit konstant starken Leistungen \u00fcberzeugte. In der vergangenen Spielzeit geh\u00f6rte Hrdli\u010dka mit einer Fangquote von 31 Prozent zu den besten Torh\u00fctern der polnischen Liga.<\/p>\n<p style=\"text-align: justify;\">Auch international bringt der 1,89\u202fMeter gro\u00dfe Schlussmann reichlich Erfahrung mit: Er ist fester Bestandteil der tschechischen Nationalmannschaft, nahm unter anderem an der Weltmeisterschaft 2025 teil und kam dort auch im Vorrundenspiel gegen Deutschland zum Einsatz.<\/p>\n<p style=\"text-align: justify;\">Bastian Spahlinger, Gesch\u00e4ftsf\u00fchrer der SG BBM, zeigt sich hochzufrieden mit dem Neuzugang: \u201eJan hat in den letzten Jahren durch starke Leistungen auf sich aufmerksam gemacht. Nun m\u00f6chte er in Deutschland den n\u00e4chsten Schritt gehen und wir freuen uns sehr, dass er sich dabei f\u00fcr uns entschieden hat. Jan passt sowohl sportlich als auch menschlich \u2013 mit seiner freundlichen und motivierten Art \u2013 sehr gut zu uns.\u201c<\/p>\n<p style=\"text-align: justify;\">Jan Hrdli\u010dka selbst sagt zu seiner neuen Aufgabe: \u201eIch habe mich f\u00fcr Bietigheim entschieden, weil der\u00a0Verein eine gro\u00dfartige Handballtradition und einen hervorragenden Ruf hat. Bei der SG BBM erwarte ich Handball auf einem sehr hohen Niveau. Mein Ziel ist es, der Mannschaft zu helfen, ihre sportlichen Ziele zu erreichen und mich dabei pers\u00f6nlich weiterzuentwickeln. Ich bin sehr dankbar, Teil dieses Teams zu sein \u2013 es ist eine gro\u00dfe Ehre f\u00fcr mich.\u201c<\/p>\n<hr \/>\n<p style=\"text-align: justify;\">\n","protected":false},"excerpt":{"rendered":"<p>Die SG BBM Bietigheim treibt ihre Kaderplanung f\u00fcr die kommende Bundesligasaison weiter voran und verst\u00e4rkt sich auf der Torh\u00fcterposition mit dem tschechischen Nationalspieler Jan Hrdli\u010dka. Der 28J\u00e4hrige wechselt zur anstehenden Saison 2025\/26 von MKS Kalisz aus der polnischen 1. Liga nach Bietigheim und hat einen Vertrag bis Sommer 2027 unterzeichnet. Jan Hrdli\u010dka wurde in der [&hellip;]<\/p>\n","protected":false},"author":4,"featured_media":0,"comment_status":"closed","ping_status":"open","sticky":false,"template":"","format":"standard","meta":{"inline_featured_image":false,"_exactmetrics_skip_tracking":false,"_exactmetrics_sitenote_active":false,"_exactmetrics_sitenote_note":"","_exactmetrics_sitenote_category":0,"tdm_status":"","tdm_grid_status":"","footnotes":""},"categories":[110],"tags":[60,131,8875,133,68,196],"class_list":{"0":"post-177707","1":"post","2":"type-post","3":"status-publish","4":"format-standard","6":"category-sport","7":"tag-bietigheim-bissingen","8":"tag-bundesliga","9":"tag-die-webzeitung","10":"tag-handball","11":"tag-online-zeitung","12":"tag-sg-bbm"},"image_feature":null,"author_name":"Redaktion","pure_taxonomies":{"categories":[{"term_id":110,"name":"Sport","slug":"sport","term_group":0,"term_taxonomy_id":112,"taxonomy":"category","description":"Sportberichte","parent":0,"count":1115,"filter":"raw","image":""}],"tags":[{"term_id":60,"name":"Bietigheim-Bissingen","slug":"bietigheim-bissingen","term_group":0,"term_taxonomy_id":61,"taxonomy":"post_tag","description":"","parent":0,"count":388,"filter":"raw","image":""},{"term_id":131,"name":"Bundesliga","slug":"bundesliga","term_group":0,"term_taxonomy_id":133,"taxonomy":"post_tag","description":"","parent":0,"count":715,"filter":"raw","image":""},{"term_id":8875,"name":"Die-Webzeitung","slug":"die-webzeitung","term_group":0,"term_taxonomy_id":8876,"taxonomy":"post_tag","description":"","parent":0,"count":4254,"filter":"raw","image":""},{"term_id":133,"name":"Handball","slug":"handball","term_group":0,"term_taxonomy_id":135,"taxonomy":"post_tag","description":"","parent":0,"count":412,"filter":"raw","image":""},{"term_id":68,"name":"Online-Zeitung","slug":"online-zeitung","term_group":0,"term_taxonomy_id":69,"taxonomy":"post_tag","description":"","parent":0,"count":4203,"filter":"raw","image":""},{"term_id":196,"name":"SG BBM","slug":"sg-bbm","term_group":0,"term_taxonomy_id":198,"taxonomy":"post_tag","description":"","parent":0,"count":269,"filter":"raw","image":""}]},"_links":{"self":[{"href":"https:\/\/die-webzeitung.de\/ludwigsburg\/wp-json\/wp\/v2\/posts\/177707","targetHints":{"allow":["GET"]}}],"collection":[{"href":"https:\/\/die-webzeitung.de\/ludwigsburg\/wp-json\/wp\/v2\/posts"}],"about":[{"href":"https:\/\/die-webzeitung.de\/ludwigsburg\/wp-json\/wp\/v2\/types\/post"}],"author":[{"embeddable":true,"href":"https:\/\/die-webzeitung.de\/ludwigsburg\/wp-json\/wp\/v2\/users\/4"}],"replies":[{"embeddable":true,"href":"https:\/\/die-webzeitung.de\/ludwigsburg\/wp-json\/wp\/v2\/comments?post=177707"}],"version-history":[{"count":1,"href":"https:\/\/die-webzeitung.de\/ludwigsburg\/wp-json\/wp\/v2\/posts\/177707\/revisions"}],"predecessor-version":[{"id":177708,"href":"https:\/\/die-webzeitung.de\/ludwigsburg\/wp-json\/wp\/v2\/posts\/177707\/revisions\/177708"}],"wp:attachment":[{"href":"https:\/\/die-webzeitung.de\/ludwigsburg\/wp-json\/wp\/v2\/media?parent=177707"}],"wp:term":[{"taxonomy":"category","embeddable":true,"href":"https:\/\/die-webzeitung.de\/ludwigsburg\/wp-json\/wp\/v2\/categories?post=177707"},{"taxonomy":"post_tag","embeddable":true,"href":"https:\/\/die-webzeitung.de\/ludwigsburg\/wp-json\/wp\/v2\/tags?post=177707"}],"curies":[{"name":"wp","href":"https:\/\/api.w.org\/{rel}","templated":true}]}}