{"id":177616,"date":"2025-07-07T16:17:13","date_gmt":"2025-07-07T15:17:13","guid":{"rendered":"https:\/\/die-webzeitung.de\/ludwigsburg\/?p=177616"},"modified":"2025-12-05T11:39:15","modified_gmt":"2025-12-05T10:39:15","slug":"tus-stellt-reha-sport-auf-dem-marktplatz-vor","status":"publish","type":"post","link":"https:\/\/die-webzeitung.de\/ludwigsburg\/2025\/07\/07\/tus-stellt-reha-sport-auf-dem-marktplatz-vor\/","title":{"rendered":"TuS stellt Reha-Sport auf dem Marktplatz vor!"},"content":{"rendered":"<p style=\"text-align: justify;\">Am <strong>Samstag, den 26. Juli 2025<\/strong>, ist es wieder so weit: Der Reha-Sport im TuS pr\u00e4sentiert sich mit einem <strong>Infostand auf dem Marktplatz<\/strong>!<\/p>\n<p style=\"text-align: justify;\"><strong>Wann und wo?<\/strong><br \/>\nAb <strong>8:30 Uhr<\/strong> bis ca. <strong>12:30 Uhr<br \/>\n<\/strong>Ecke W\u00fcrttembergische \/ gegen\u00fcber Rossmann<\/p>\n<p style=\"text-align: justify;\"><strong>Was erwartet euch?<\/strong><br \/>\nUnsere \u00dcbungsleiterinnen stehen euch mit Infos und Beratung rund um den Reha-Sport zur Verf\u00fcgung \u2013 pers\u00f6nlich, kompetent und mit Herz.<\/p>\n<p style=\"text-align: justify;\">Erfahrt mehr \u00fcber unsere Angebote in den Fachbereichen:<\/p>\n<ul style=\"text-align: justify;\">\n<li><strong>Orthop\u00e4die<\/strong><\/li>\n<li><strong>Neurologie<\/strong><\/li>\n<li><strong>Lunge \/ Post-Covid<\/strong><\/li>\n<li><strong>Sport nach Krebs f\u00fcr Frauen<\/strong><\/li>\n<\/ul>\n<p style=\"text-align: justify;\">Zus\u00e4tzlich bieten wir euch <strong>kleine Fitness-Tests<\/strong> an \u2013 einfach und schnell durchf\u00fchrbar, um eure Gesundheit und Fitness spielerisch zu checken.<\/p>\n<p style=\"text-align: justify;\">Kommt vorbei, informiert euch und macht mit \u2013 <strong>wir freuen uns auf euch!<\/strong><\/p>\n<hr \/>\n<p style=\"text-align: justify;\">\n","protected":false},"excerpt":{"rendered":"<p>Am Samstag, den 26. Juli 2025, ist es wieder so weit: Der Reha-Sport im TuS pr\u00e4sentiert sich mit einem Infostand auf dem Marktplatz! Wann und wo? Ab 8:30 Uhr bis ca. 12:30 Uhr Ecke W\u00fcrttembergische \/ gegen\u00fcber Rossmann Was erwartet euch? Unsere \u00dcbungsleiterinnen stehen euch mit Infos und Beratung rund um den Reha-Sport zur Verf\u00fcgung [&hellip;]<\/p>\n","protected":false},"author":4,"featured_media":177617,"comment_status":"closed","ping_status":"open","sticky":false,"template":"","format":"standard","meta":{"inline_featured_image":false,"_exactmetrics_skip_tracking":false,"_exactmetrics_sitenote_active":false,"_exactmetrics_sitenote_note":"","_exactmetrics_sitenote_category":0,"tdm_status":"","tdm_grid_status":"","footnotes":""},"categories":[59,65],"tags":[8875,80,68,12930,325],"class_list":{"0":"post-177616","1":"post","2":"type-post","3":"status-publish","4":"format-standard","5":"has-post-thumbnail","7":"category-aktuell","8":"category-kreis_ludwigsburg","9":"tag-die-webzeitung","10":"tag-freiberger-seite","11":"tag-online-zeitung","12":"tag-reha-sport","13":"tag-tus"},"image_feature":"https:\/\/die-webzeitung.de\/ludwigsburg\/wp-content\/uploads\/sites\/5\/2025\/07\/Bildschirmfoto-2025-07-07-um-17.15.30-scaled.png","author_name":"Redaktion","pure_taxonomies":{"categories":[{"term_id":59,"name":"Aktuell","slug":"aktuell","term_group":0,"term_taxonomy_id":60,"taxonomy":"category","description":"","parent":0,"count":1175,"filter":"raw","image":""},{"term_id":65,"name":"Kreis Ludwigsburg","slug":"kreis_ludwigsburg","term_group":0,"term_taxonomy_id":66,"taxonomy":"category","description":"","parent":171,"count":630,"filter":"raw","image":""}],"tags":[{"term_id":8875,"name":"Die-Webzeitung","slug":"die-webzeitung","term_group":0,"term_taxonomy_id":8876,"taxonomy":"post_tag","description":"","parent":0,"count":4255,"filter":"raw","image":""},{"term_id":80,"name":"Freiberg","slug":"freiberger-seite","term_group":0,"term_taxonomy_id":95,"taxonomy":"post_tag","description":"","parent":0,"count":122,"filter":"raw","image":""},{"term_id":68,"name":"Online-Zeitung","slug":"online-zeitung","term_group":0,"term_taxonomy_id":69,"taxonomy":"post_tag","description":"","parent":0,"count":4204,"filter":"raw","image":""},{"term_id":12930,"name":"Reha-Sport","slug":"reha-sport","term_group":0,"term_taxonomy_id":12931,"taxonomy":"post_tag","description":"","parent":0,"count":1,"filter":"raw","image":""},{"term_id":325,"name":"TuS","slug":"tus","term_group":0,"term_taxonomy_id":331,"taxonomy":"post_tag","description":"","parent":0,"count":3,"filter":"raw","image":""}]},"_links":{"self":[{"href":"https:\/\/die-webzeitung.de\/ludwigsburg\/wp-json\/wp\/v2\/posts\/177616","targetHints":{"allow":["GET"]}}],"collection":[{"href":"https:\/\/die-webzeitung.de\/ludwigsburg\/wp-json\/wp\/v2\/posts"}],"about":[{"href":"https:\/\/die-webzeitung.de\/ludwigsburg\/wp-json\/wp\/v2\/types\/post"}],"author":[{"embeddable":true,"href":"https:\/\/die-webzeitung.de\/ludwigsburg\/wp-json\/wp\/v2\/users\/4"}],"replies":[{"embeddable":true,"href":"https:\/\/die-webzeitung.de\/ludwigsburg\/wp-json\/wp\/v2\/comments?post=177616"}],"version-history":[{"count":1,"href":"https:\/\/die-webzeitung.de\/ludwigsburg\/wp-json\/wp\/v2\/posts\/177616\/revisions"}],"predecessor-version":[{"id":177618,"href":"https:\/\/die-webzeitung.de\/ludwigsburg\/wp-json\/wp\/v2\/posts\/177616\/revisions\/177618"}],"wp:featuredmedia":[{"embeddable":true,"href":"https:\/\/die-webzeitung.de\/ludwigsburg\/wp-json\/wp\/v2\/media\/177617"}],"wp:attachment":[{"href":"https:\/\/die-webzeitung.de\/ludwigsburg\/wp-json\/wp\/v2\/media?parent=177616"}],"wp:term":[{"taxonomy":"category","embeddable":true,"href":"https:\/\/die-webzeitung.de\/ludwigsburg\/wp-json\/wp\/v2\/categories?post=177616"},{"taxonomy":"post_tag","embeddable":true,"href":"https:\/\/die-webzeitung.de\/ludwigsburg\/wp-json\/wp\/v2\/tags?post=177616"}],"curies":[{"name":"wp","href":"https:\/\/api.w.org\/{rel}","templated":true}]}}