{"id":177446,"date":"2025-06-25T11:45:38","date_gmt":"2025-06-25T10:45:38","guid":{"rendered":"https:\/\/die-webzeitung.de\/ludwigsburg\/2025\/06\/25\/yurika-bamba-wechselt-zu-allianz-mtv-stuttgart\/"},"modified":"2025-06-25T11:45:38","modified_gmt":"2025-06-25T10:45:38","slug":"yurika-bamba-wechselt-zu-allianz-mtv-stuttgart","status":"publish","type":"post","link":"https:\/\/die-webzeitung.de\/ludwigsburg\/2025\/06\/25\/yurika-bamba-wechselt-zu-allianz-mtv-stuttgart\/","title":{"rendered":"Yurika Bamba wechselt zu Allianz MTV Stuttgart"},"content":{"rendered":"<h3 style=\"text-align: justify;\"><strong>Die 33-j\u00e4hrige Japanerin komplettiert das Libero-Duo f\u00fcr die Saison 2025\/2026<\/strong><\/h3>\n<p style=\"text-align: justify;\">Allianz MTV Stuttgart verst\u00e4rkt sich zur kommenden Saison mit der japanischen Abwehrspezialistin Yurika Bamba. Die 33-j\u00e4hrige, die f\u00fcr Stuttgarts sch\u00f6nsten Sport mit der R\u00fcckennummer 4 auflaufen wird, wechselt vom Bundesligakonkurrenten SC Potsdam an den Neckar und wird gemeinsam mit Fabiana Mottis das Duo auf der wichtigen Liberoposition bilden und das Team von Cheftrainer Konstantin Bitter verst\u00e4rken.<\/p>\n<p style=\"text-align: justify;\">Die 33-j\u00e4hrige Japanerin, die 2021 nach mehreren Stationen in Japan erstmals den Sprung ins europ\u00e4ische Ausland wagte, wo sie f\u00fcr Vasas Obuda in Ungarn aktiv war und nun seit bereits einigen Jahren fester Bestandteil der Volleyball Bundesliga ist, wird mit ihrer Erfahrung und ihrer herausragenden Annahme- und Abwehrarbeit eine wertvolle Verst\u00e4rkung f\u00fcr Stuttgarts sch\u00f6nsten Sport sein.<\/p>\n<p style=\"text-align: justify;\">Yurika Bamba zur Vertragsunterzeichnung in Stuttgart: \u201eStuttgart ist eine wirklich tolle Mannschaft mit einer erfolgreichen Historie und ich freue mich sehr darauf, ein Teil davon zu sein. Aus den vielen Spielen gegen sie wei\u00df ich, dass Stuttgart eine gro\u00dfe Fangemeinde und leidenschaftliche Anh\u00e4nger hat, auf die ich mich sehr freue. Ich hoffe, wir k\u00f6nnen gemeinsam eine neue Geschichte schreiben.\u201c<\/p>\n<p style=\"text-align: justify;\">\u201eYurika hat sich in den vergangenen Jahren in der Bundesliga nicht nur etabliert, sondern z\u00e4hlte konstant zu den besten Spielerinnen auf ihrer Position und hat sich einen Namen erarbeitet. Ihre Mitspielerinnen sch\u00e4tzen ihr Spielverst\u00e4ndnis, ihre Energie und ihre positive Ausstrahlung auf dem Feld. Sie bringt eine enorme Portion Professionalit\u00e4t, Mentalit\u00e4t und vor allem Erfahrung mit nach Stuttgart. Gemeinsam mit Fabiana wird sie unser starkes Libero-Duo f\u00fcr die kommende Saison bilden. Wir freuen uns sehr darauf, Yurika im orangen SCHARR Trikot durch die Luft fliegen zu sehen\u201c, sagt Cheftrainer Konstantin Bitter zur Verpflichtung.<\/p>\n<hr \/>\n<p style=\"text-align: justify;\">\n","protected":false},"excerpt":{"rendered":"<p>Die 33-j\u00e4hrige Japanerin komplettiert das Libero-Duo f\u00fcr die Saison 2025\/2026 Allianz MTV Stuttgart verst\u00e4rkt sich zur kommenden Saison mit der japanischen Abwehrspezialistin Yurika Bamba. Die 33-j\u00e4hrige, die f\u00fcr Stuttgarts sch\u00f6nsten Sport mit der R\u00fcckennummer 4 auflaufen wird, wechselt vom Bundesligakonkurrenten SC Potsdam an den Neckar und wird gemeinsam mit Fabiana Mottis das Duo auf der [&hellip;]<\/p>\n","protected":false},"author":4,"featured_media":177447,"comment_status":"closed","ping_status":"open","sticky":false,"template":"","format":"standard","meta":{"inline_featured_image":false,"_exactmetrics_skip_tracking":false,"_exactmetrics_sitenote_active":false,"_exactmetrics_sitenote_note":"","_exactmetrics_sitenote_category":0,"tdm_status":"","tdm_grid_status":"","footnotes":""},"categories":[110],"tags":[10571,131,8875,68,275,4023],"class_list":{"0":"post-177446","1":"post","2":"type-post","3":"status-publish","4":"format-standard","5":"has-post-thumbnail","7":"category-sport","8":"tag-allianz-mtv","9":"tag-bundesliga","10":"tag-die-webzeitung","11":"tag-online-zeitung","12":"tag-stuttgart","13":"tag-volleyball"},"image_feature":"https:\/\/die-webzeitung.de\/ludwigsburg\/wp-content\/uploads\/sites\/5\/2025\/06\/YurikaBamba-scaled.jpg","author_name":"Redaktion","pure_taxonomies":{"categories":[{"term_id":110,"name":"Sport","slug":"sport","term_group":0,"term_taxonomy_id":112,"taxonomy":"category","description":"Sportberichte","parent":0,"count":1115,"filter":"raw","image":""}],"tags":[{"term_id":10571,"name":"Allianz MTV","slug":"allianz-mtv","term_group":0,"term_taxonomy_id":10572,"taxonomy":"post_tag","description":"","parent":0,"count":37,"filter":"raw","image":""},{"term_id":131,"name":"Bundesliga","slug":"bundesliga","term_group":0,"term_taxonomy_id":133,"taxonomy":"post_tag","description":"","parent":0,"count":715,"filter":"raw","image":""},{"term_id":8875,"name":"Die-Webzeitung","slug":"die-webzeitung","term_group":0,"term_taxonomy_id":8876,"taxonomy":"post_tag","description":"","parent":0,"count":4257,"filter":"raw","image":""},{"term_id":68,"name":"Online-Zeitung","slug":"online-zeitung","term_group":0,"term_taxonomy_id":69,"taxonomy":"post_tag","description":"","parent":0,"count":4206,"filter":"raw","image":""},{"term_id":275,"name":"Stuttgart","slug":"stuttgart","term_group":0,"term_taxonomy_id":281,"taxonomy":"post_tag","description":"","parent":0,"count":195,"filter":"raw","image":""},{"term_id":4023,"name":"Volleyball","slug":"volleyball","term_group":0,"term_taxonomy_id":4036,"taxonomy":"post_tag","description":"","parent":0,"count":88,"filter":"raw","image":""}]},"_links":{"self":[{"href":"https:\/\/die-webzeitung.de\/ludwigsburg\/wp-json\/wp\/v2\/posts\/177446","targetHints":{"allow":["GET"]}}],"collection":[{"href":"https:\/\/die-webzeitung.de\/ludwigsburg\/wp-json\/wp\/v2\/posts"}],"about":[{"href":"https:\/\/die-webzeitung.de\/ludwigsburg\/wp-json\/wp\/v2\/types\/post"}],"author":[{"embeddable":true,"href":"https:\/\/die-webzeitung.de\/ludwigsburg\/wp-json\/wp\/v2\/users\/4"}],"replies":[{"embeddable":true,"href":"https:\/\/die-webzeitung.de\/ludwigsburg\/wp-json\/wp\/v2\/comments?post=177446"}],"version-history":[{"count":0,"href":"https:\/\/die-webzeitung.de\/ludwigsburg\/wp-json\/wp\/v2\/posts\/177446\/revisions"}],"wp:featuredmedia":[{"embeddable":true,"href":"https:\/\/die-webzeitung.de\/ludwigsburg\/wp-json\/wp\/v2\/media\/177447"}],"wp:attachment":[{"href":"https:\/\/die-webzeitung.de\/ludwigsburg\/wp-json\/wp\/v2\/media?parent=177446"}],"wp:term":[{"taxonomy":"category","embeddable":true,"href":"https:\/\/die-webzeitung.de\/ludwigsburg\/wp-json\/wp\/v2\/categories?post=177446"},{"taxonomy":"post_tag","embeddable":true,"href":"https:\/\/die-webzeitung.de\/ludwigsburg\/wp-json\/wp\/v2\/tags?post=177446"}],"curies":[{"name":"wp","href":"https:\/\/api.w.org\/{rel}","templated":true}]}}