{"id":177228,"date":"2025-06-05T16:41:50","date_gmt":"2025-06-05T15:41:50","guid":{"rendered":"https:\/\/die-webzeitung.de\/ludwigsburg\/?p=177228"},"modified":"2025-06-05T16:41:50","modified_gmt":"2025-06-05T15:41:50","slug":"busverkehr-im-unteren-remstal-mit-neuem-betreiber","status":"publish","type":"post","link":"https:\/\/die-webzeitung.de\/ludwigsburg\/2025\/06\/05\/busverkehr-im-unteren-remstal-mit-neuem-betreiber\/","title":{"rendered":"Busverkehr im Unteren Remstal mit neuem Betreiber"},"content":{"rendered":"<ul>\n<li style=\"text-align: justify;\"><strong>Die Firma Friedrich M\u00fcller Omnibusunternehmen GmbH (FMO) \u00fcbernimmt zum 1. Juli den Busverkehr<\/strong><\/li>\n<li style=\"text-align: justify;\"><strong>Optimierungen im Busverkehr<\/strong><\/li>\n<\/ul>\n<p style=\"text-align: justify;\">Ab 1. Juli 2025 wird ein neues Busunternehmen f\u00fcr den Busverkehr im Unteren Remstal verantwortlich sein. Fahrg\u00e4ste profitieren von weiteren Verbesserungen auf den Linien 201, 201A, 202, 204, 206, 206A und N24. Insgesamt wird das Fahrplanangebot auf mehr als 1,1 Millionen Kilometer pro Jahr aufgestockt \u2013 das sind 11.000 Kilometer mehr als bisher.<\/p>\n<p style=\"text-align: justify;\">Das Landratsamt hat das Linienb\u00fcndel 2 \u201eUnteres Remstal\u201c an das Busunternehmen Friedrich M\u00fcller Omnibusverkehr (FMO) vergeben. FMO ist im VVS-Gebiet bereits in mehreren Landkreisen im Linienverkehr t\u00e4tig. F\u00fcr den Betrieb des Linienb\u00fcndels 2 plant die Firma FMO mit sieben Gelenkz\u00fcgen, sechs Solobussen im Regellinienverkehr sowie weiteren Bussen als Sch\u00fclerverst\u00e4rker. Zum Betriebsstart werden zun\u00e4chst Gebrauchtfahrzeuge eingesetzt.<\/p>\n<h4 style=\"text-align: justify;\"><strong>Nachhaltige Mobilit\u00e4t:<\/strong><\/h4>\n<p style=\"text-align: justify;\">Die k\u00fcnftigen, modern ausgestatteten Busse entsprechen h\u00f6chsten Umwelt- und Komfortstandards. Dar\u00fcber hinaus ist der Einsatz von Wasserstoffbussen geplant, sobald diese verf\u00fcgbar sind. \u201eMit dem Linienb\u00fcndel 2 verbessern wir den \u00d6PNV im Rems-Murr-Kreis erneut sp\u00fcrbar. Unser Ziel ist es, den \u00f6ffentlichen Nahverkehr Schritt f\u00fcr neue Schritt attraktiver, zuverl\u00e4ssiger und klimafreundlicher zu gestalten \u2013 als echte Alternative zum Auto. Damit leisten wir nicht nur einen Beitrag zur Mobilit\u00e4tswende, sondern st\u00e4rken auch die Lebensqualit\u00e4t im l\u00e4ndlichen Raum\u201c, betont Landrat Dr. Richard Sigel.<\/p>\n<h4 style=\"text-align: justify;\"><strong>Zuverl\u00e4ssigkeit und optimierter Fahrplan:<\/strong><\/h4>\n<p style=\"text-align: justify;\">Auf der fahrgastst\u00e4rksten Buslinie des Rems-Murr-Kreises, der Linie 201, die zwischen Waiblingen \u2013 Neustadt \u2013 Hohenacker \u2013 und Bittenfeld f\u00e4hrt, profitieren Fahrg\u00e4ste k\u00fcnftig von einem \u00fcberarbeiteten Fahrplankonzept. \u201eMontags bis samstags fahren wir dort ausschlie\u00dflich mit Gelenkbussen. Sie sorgen daf\u00fcr, dass es nicht nur mehr Platz f\u00fcr Fahrg\u00e4ste gibt, sondern die Busse auch p\u00fcnktlicher sind, weil das Ein- und Aussteigen z\u00fcgiger geht\u201c, erkl\u00e4rt FMO-Gesch\u00e4ftsf\u00fchrerin Birgit Stoib. Fr\u00fchmorgens startet die erste Fahrt bereits gegen 5:10 Uhr und an allen Wochentagen wird der 15-Minuten-Takt verl\u00e4ngert. Damit haben Fahrg\u00e4ste an den Bahnh\u00f6fen Neustadt-Hohenacker und Waiblingen noch flexiblere Anschlussm\u00f6glichkeiten . \u201eDas ist wichtig f\u00fcr den Verbundgedanken. Deshalb arbeiten unsere Planer zusammen mit Landkreis, Verkehrsunternehmen und Kommunen im Vorlauf zum Betriebsstart bestm\u00f6gliche Umstiegsvarianten f\u00fcr die g\u00e4ngigen Verbindungen aus. Dadurch werden Wartezeiten verk\u00fcrzt, was den \u00d6PNV attraktiver aber auch leistungsf\u00e4higer macht\u201c, sagt VVS-Gesch\u00e4ftsf\u00fchrer Dr. Jan Neidhardt. Gleichzeitig wirbt er um Verst\u00e4ndnis f\u00fcr eventuelle Anlaufschwierigkeiten: \u201eBis ein neues Angebot richtig rund l\u00e4uft, braucht es erfahrungsgem\u00e4\u00df einige Tage.\u201c<\/p>\n<h4 style=\"text-align: justify;\"><strong>Verbesserte Sch\u00fclerbef\u00f6rderung:<\/strong><\/h4>\n<p style=\"text-align: justify;\">Im Zuge der Optimierung wurden Verkn\u00fcpfungen im Sch\u00fclerverkehr angepasst. Dort, wo der Bedarf zur\u00fcckgegangen ist, wurden \u00fcberfl\u00fcssige Verst\u00e4rkerfahrten gestrichen. Gleichzeitig wird mit verst\u00e4rktem Einsatz von Gelenkbussen an den stark frequentierten Streckenabschnitten f\u00fcr ausreichende Kapazit\u00e4ten gesorgt. \u201eZu den Anpassungen im Linienverkehr und im Schulbusverkehr, die der Landkreis nun im Zusammenhang mit dem Betreiberwechsel vornimmt, ist die Stadt Waiblingen im intensiven Austausch mit der Kreisverwaltung.<\/p>\n<h4 style=\"text-align: justify;\"><strong>Mehr Fahrgastkomfort und zuverl\u00e4ssige Verbindungen:<\/strong><\/h4>\n<p style=\"text-align: justify;\">Die \u00fcberarbeitete Planung f\u00fchrt zu einem einheitlichen, strukturierten Liniennetz. Neue, wie die Verschmelzung der alten Linie 217A zu einer neu konzipierten Linie 206A, sorgen f\u00fcr klare Verbindungen und verbessern die Anschlussm\u00f6glichkeiten im gesamten Netz. Auch die testweise verlegte Haltestelle Pfarr\u00e4cker in Waiblingen-Neustadt stabilisiert den Fahrplan und erm\u00f6glicht etwa k\u00fcnftig auch den Halt des Nachtbusses N24.<\/p>\n<h4 style=\"text-align: justify;\"><strong>Die Optimierungen im \u00dcberblick:<\/strong><\/h4>\n<ul style=\"text-align: justify;\">\n<li><strong>Linie 201 Waiblingen \u2013 Neustadt \u2013 Hohenacker \u2013 Bittenfeld<\/strong><\/li>\n<\/ul>\n<p style=\"text-align: justify;\">Auf der fahrgastst\u00e4rksten Linie des Rems-Murr-Kreises werden montags bis samstags ausschlie\u00dflich Gelenkbusse eingesetzt \u2013 auch im Sp\u00e4tverkehr abends bzw. nachts. Montags bis freitags, insbesondere morgens und abends, wird der 15-Minuten-Takt verl\u00e4ngert. Die erste Fahrt von Waiblingen nach Bittenfeld verkehrt bereits um 5:10 Uhr. K\u00fcnftig verkehren die Busse bis 20:30 Uhr im 15-Minuten-Takt. An Sonn- und Feiertagen starten die Busse bereits um 05:25 Uhr in Waiblingen, die letzte Fahrt zu Betriebsende verkehrt um 1:25 Uhr ab Waiblingen. Zudem wurde der Fahrplan grundlegend \u00fcberarbeitet. Fahrg\u00e4ste profitieren dann von zuverl\u00e4ssigen Fahrzeiten und verbesserten Anschlussm\u00f6glichkeiten an den Bahnh\u00f6fen Neustadt und Waiblingen.<\/p>\n<p style=\"text-align: justify;\">Die Haltestelle Pfarr\u00e4cker in Waiblingen-Neustadt wird testweise an die Neust\u00e4dter Hauptstra\u00dfe verlegt. Dadurch soll der Fahrplan der Linie 201 stabilisiert werden und die Haltestelle kann nun mit jeder Fahrt der Linie angefahren werden. Weiter kann nun erstmals der Sch\u00fclerverst\u00e4rker 201A sowie der Nachtbus N24 die Haltestelle anfahren.<\/p>\n<ul style=\"text-align: justify;\">\n<li><strong>Linie 201A<\/strong> <strong>Waiblingen \u2013 Neustadt \u2013 Hohenacker \u2013 Bittenfeld<\/strong><\/li>\n<\/ul>\n<p style=\"text-align: justify;\">Es werden auf allen Fahrten Gelenkbusse eingesetzt. Der zweite Salierschulbus, der derzeit in Hohenacker beginnt, verkehrt dann bereits ab Bittenfeld.<\/p>\n<p style=\"text-align: justify;\">Die Fahrt 07:22 Uhr ab Bittenfeld Klingenstra\u00dfe in Richtung Waiblingen Bahnhof entf\u00e4llt. Fahrg\u00e4ste werden gebeten, alternativ die Fahrten der Linie 201 07:07 Uhr bzw. 07:23 Uhr ab Bittenfeld Klingenstra\u00dfe bzw. Altes Rathaus zu nutzen.<\/p>\n<p style=\"text-align: justify;\">Die Fahrt 16:35 Uhr ab Waiblingen Salierschule nach Bittenfeld Klingenstra\u00dfe entf\u00e4llt. Es steht als Alternativverbindung die Linie 207 zur Verf\u00fcgung, mit Umstieg am B\u00fcrgerzentrum auf die Linie 201 in Richtung Bittenfeld.<\/p>\n<ul style=\"text-align: justify;\">\n<li><strong>Linie 202 Endersbach \u2013 Str\u00fcmpfelbach<\/strong><\/li>\n<\/ul>\n<p style=\"text-align: justify;\">Die Winter-Verst\u00e4rkerfahrt 07:10 Uhr ab Str\u00fcmpfelbach nach Beutelsbach Bildungszentrum entf\u00e4llt. Fahrg\u00e4ste werden gebeten, die regul\u00e4re Linienfahrt um 07:15 bzw. die vorherige Fahrt 06:45 ab Str\u00fcmpfelbach zu nutzen.<\/p>\n<ul style=\"text-align: justify;\">\n<li><strong>Linie 204 Hegnach \u2013 Waiblingen \u2013 Beinstein \u2013 Endersbach<\/strong><\/li>\n<\/ul>\n<p style=\"text-align: justify;\">Montags bis freitags verkehren zwei weitere Fahrten ab\/bis Beinstein Quellenstra\u00dfe und verl\u00e4ngern somit den 15-Minuten-Takt morgens und nachmittags. Im Abschnitt Waiblingen-Beinstein wird der 30-Minuten-Takt bis 22:10 Uhr verl\u00e4ngert. Die letzte Fahrt ab Endersbach Bahnhof nach Hegnach verkehrt k\u00fcnftig um 20:14 Uhr.<\/p>\n<p style=\"text-align: justify;\">Samstags verkehrt die Linie 204 auf dem gesamten Linienweg bis 18:00 Uhr im 30-Minuten-Takt. Die Anbindung der Haltestelle Quellenstra\u00dfe verbessert sich. Zudem wird Hegnach auch ab 18:00 Uhr im 60-Minuten-Takt bedient werden.<\/p>\n<p style=\"text-align: justify;\">Sonn- und Feiertage werden auch Hegnach im 60-Minuten-Takt bedient. Die Haltestelle Quellenstra\u00dfe wird erstmals auch an Sonn- und Feiertagen bedient.<\/p>\n<p style=\"text-align: justify;\">Die Fahrt 07:02 Uhr ab Beinstein Hausweinberg nach Waiblingen Bahnhof entf\u00e4llt. Fahrg\u00e4ste werden gebeten, die beiden offiziellen Linienfahrten 06:47 Uhr bzw. 07:02 Uhr ab Beinstein Hausweinberg bzw. Quellenstra\u00dfe zu benutzen.<\/p>\n<p style=\"text-align: justify;\">Die Fahrten 12:15 Uhr und 13:02 Uhr ab Stauferschule nach Hegnach entfallen. Fahrg\u00e4ste werden gebeten, die regul\u00e4re Linienfahrt 12:29 Uhr ab Waiblingen Blumenstra\u00dfe bzw. die weiter angebotene Fahrt 13:00 Uhr ab Stauferschule zu benutzen.<\/p>\n<ul style=\"text-align: justify;\">\n<li><strong>Linie 206 Waiblingen \u2013 Endersbach \u2013 Beutelsbach \u2013 Schnait<\/strong><\/li>\n<\/ul>\n<p style=\"text-align: justify;\">Im Abschnitt Schnait bis Endersbach verkehrt die Linie 206 montags freitags k\u00fcnftig bis 22:00 Uhr im 30-Minuten-Takt. An Samstagen verkehrt die erste Fahrt von Endersbach nach Schnait bereits um 06:02 Uhr.<\/p>\n<ul style=\"text-align: justify;\">\n<li><strong>Linie 217A Waiblingen \u2013 Korb \u2013 Weinstadt \u2013 Remshalden \u2013 Engelberg<\/strong><\/li>\n<\/ul>\n<p style=\"text-align: justify;\">Im Rahmen der Neuvergabe wurde diese Linie neu konzipiert und wird k\u00fcnftig als Linie 206A Weinstadt \u2013 Remshalden\/Engelberg gef\u00fchrt. Der Abschnitt Waiblingen \u2013 Gro\u00dfheppach entf\u00e4llt in Zukunft. Alternativ steht den Fahrg\u00e4sten hier der 15-Minuten-Takt der Linie 209 Waiblingen \u2013 Korb \u2013 Endersbach zur Verf\u00fcgung, der am Prinz-Eugen-Platz einen Anschluss auf die Fahrten der Linie 206A in Richtung Engelberg bietet. Zudem wurde der Fahrplan vereinheitlicht. Alle Engelberg-Fahrten haben den gleichen Linienweg.<\/p>\n<p style=\"text-align: justify;\">Die Sch\u00fclerfahrten der Verbindung Schnait- Beutelsbach\/Hebsack \u2013 Beutelsbach Bildungszentrum, die derzeit in der Linie 206 ber\u00fccksichtigt sind, werden ebenfalls in die Linie 206A integriert. Die Winter-Verst\u00e4rkerfahrt um 06:58 Uhr ab Hebsack nach Beutelsbach entf\u00e4llt. Fahrg\u00e4sten steht alternativ die Fahrt um 07:00 Uhr ab Hebsack zur Verf\u00fcgung. Die Fahrt um 07:16 Uhr ab Schnait verkehrt dann bereits um 07:08 Uhr und wird bis zum Engelberg durchgebunden. Waldorfsch\u00fcler aus Schnait und Beutelsbach werden gebeten, diese Fahrt zu benutzen.<\/p>\n<p style=\"text-align: justify;\">F\u00fcr Waldorfsch\u00fcler aus Stetten erfolgt k\u00fcnftig der Umstieg auf die Linie 206A zum Engelberg am Endersbacher Bahnhof.<\/p>\n<p style=\"text-align: justify;\">Die Fahrt um 06:57 Uhr ab Geradstetten nach Schorndorf Grauhalde entf\u00e4llt ebenfalls im Rahmen der Neukonzeption. F\u00fcr Fahrg\u00e4ste aus Remshalden und Winterbach steht als Alternative die S-Bahn-Linie 2 ab Geradstetten bzw. Winterbach zur Verf\u00fcgung. F\u00fcr Fahrg\u00e4ste aus Schorndorf-Weiler steht alternativ die Linie 245 mit Abfahrt um 07:15 Uhr ab Weiler-Rathaus zur Verf\u00fcgung.<\/p>\n<p style=\"text-align: justify;\">Die Linie 217A umfasst zuk\u00fcnftig ausschlie\u00dflich den Sch\u00fclerverkehr der Remshaldener Schulen. Bei diesen Fahrten kommt es zu keinen \u00c4nderungen.<\/p>\n<h4 style=\"text-align: justify;\"><strong>Fahrplanentwicklung in drei Betriebsstufen:<\/strong><\/h4>\n<p style=\"text-align: justify;\">Im Rahmen der dritten Fortschreibung des Nahverkehrsplans wurden die Linienb\u00fcndel 1-3 neu zugeschnitten. Demzufolge gibt es mehrere Betriebsstufen, bis 2027 der Endzustand erreicht ist:<\/p>\n<ul>\n<li style=\"text-align: justify;\">Vorerst, geplant bis 31. Dezember 2026, umfasst das B\u00fcndel in einer ersten Betriebsstufe folgende Linien: 201, 201A, 202, 204, 206, 206A und N24<\/li>\n<li style=\"text-align: justify;\">Ab 1. Januar 2027, geplant bis 31. Juli 2027, umfasst das B\u00fcndel in einer zweiten Betriebsstufe folgende Linien: Linien 202, 206, 206A, 209 und N31. Die Linien 201, 201A und N24 gehen im Linienb\u00fcndel 3 \u00fcber.<\/li>\n<li style=\"text-align: justify;\">Vom 1. August 2027 bis 31. Dezember 2037 gibt es dann folgende Linien: 202, 206, 206A, 209, 219 und N31<\/li>\n<\/ul>\n<hr \/>\n","protected":false},"excerpt":{"rendered":"<p>Die Firma Friedrich M\u00fcller Omnibusunternehmen GmbH (FMO) \u00fcbernimmt zum 1. Juli den Busverkehr Optimierungen im Busverkehr Ab 1. Juli 2025 wird ein neues Busunternehmen f\u00fcr den Busverkehr im Unteren Remstal verantwortlich sein. Fahrg\u00e4ste profitieren von weiteren Verbesserungen auf den Linien 201, 201A, 202, 204, 206, 206A und N24. Insgesamt wird das Fahrplanangebot auf mehr als [&hellip;]<\/p>\n","protected":false},"author":4,"featured_media":0,"comment_status":"closed","ping_status":"open","sticky":false,"template":"","format":"standard","meta":{"inline_featured_image":false,"_exactmetrics_skip_tracking":false,"_exactmetrics_sitenote_active":false,"_exactmetrics_sitenote_note":"","_exactmetrics_sitenote_category":0,"tdm_status":"","tdm_grid_status":"","footnotes":""},"categories":[165],"tags":[9357,8875,68,1620,9],"class_list":{"0":"post-177228","1":"post","2":"type-post","3":"status-publish","4":"format-standard","6":"category-kreis-rems-murr","7":"tag-busverkehr","8":"tag-die-webzeitung","9":"tag-online-zeitung","10":"tag-rems-murr","11":"tag-schaumedia"},"image_feature":null,"author_name":"Redaktion","pure_taxonomies":{"categories":[{"term_id":165,"name":"Rems-Murr Kreis","slug":"kreis-rems-murr","term_group":0,"term_taxonomy_id":167,"taxonomy":"category","description":"","parent":171,"count":235,"filter":"raw","image":""}],"tags":[{"term_id":9357,"name":"Busverkehr","slug":"busverkehr","term_group":0,"term_taxonomy_id":9358,"taxonomy":"post_tag","description":"","parent":0,"count":3,"filter":"raw","image":""},{"term_id":8875,"name":"Die-Webzeitung","slug":"die-webzeitung","term_group":0,"term_taxonomy_id":8876,"taxonomy":"post_tag","description":"","parent":0,"count":4255,"filter":"raw","image":""},{"term_id":68,"name":"Online-Zeitung","slug":"online-zeitung","term_group":0,"term_taxonomy_id":69,"taxonomy":"post_tag","description":"","parent":0,"count":4204,"filter":"raw","image":""},{"term_id":1620,"name":"Rems-Murr","slug":"rems-murr","term_group":0,"term_taxonomy_id":1629,"taxonomy":"post_tag","description":"","parent":0,"count":251,"filter":"raw","image":""},{"term_id":9,"name":"SchauMedia","slug":"schaumedia","term_group":0,"term_taxonomy_id":9,"taxonomy":"post_tag","description":"","parent":0,"count":1582,"filter":"raw","image":""}]},"_links":{"self":[{"href":"https:\/\/die-webzeitung.de\/ludwigsburg\/wp-json\/wp\/v2\/posts\/177228","targetHints":{"allow":["GET"]}}],"collection":[{"href":"https:\/\/die-webzeitung.de\/ludwigsburg\/wp-json\/wp\/v2\/posts"}],"about":[{"href":"https:\/\/die-webzeitung.de\/ludwigsburg\/wp-json\/wp\/v2\/types\/post"}],"author":[{"embeddable":true,"href":"https:\/\/die-webzeitung.de\/ludwigsburg\/wp-json\/wp\/v2\/users\/4"}],"replies":[{"embeddable":true,"href":"https:\/\/die-webzeitung.de\/ludwigsburg\/wp-json\/wp\/v2\/comments?post=177228"}],"version-history":[{"count":1,"href":"https:\/\/die-webzeitung.de\/ludwigsburg\/wp-json\/wp\/v2\/posts\/177228\/revisions"}],"predecessor-version":[{"id":177229,"href":"https:\/\/die-webzeitung.de\/ludwigsburg\/wp-json\/wp\/v2\/posts\/177228\/revisions\/177229"}],"wp:attachment":[{"href":"https:\/\/die-webzeitung.de\/ludwigsburg\/wp-json\/wp\/v2\/media?parent=177228"}],"wp:term":[{"taxonomy":"category","embeddable":true,"href":"https:\/\/die-webzeitung.de\/ludwigsburg\/wp-json\/wp\/v2\/categories?post=177228"},{"taxonomy":"post_tag","embeddable":true,"href":"https:\/\/die-webzeitung.de\/ludwigsburg\/wp-json\/wp\/v2\/tags?post=177228"}],"curies":[{"name":"wp","href":"https:\/\/api.w.org\/{rel}","templated":true}]}}