{"id":177208,"date":"2025-06-04T11:26:23","date_gmt":"2025-06-04T10:26:23","guid":{"rendered":"https:\/\/die-webzeitung.de\/ludwigsburg\/?p=177208"},"modified":"2025-12-05T11:43:12","modified_gmt":"2025-12-05T10:43:12","slug":"kreissparkasse-spendet-1000-euro-zum-jubilaeum-des-musikvereins","status":"publish","type":"post","link":"https:\/\/die-webzeitung.de\/ludwigsburg\/2025\/06\/04\/kreissparkasse-spendet-1000-euro-zum-jubilaeum-des-musikvereins\/","title":{"rendered":"Kreissparkasse spendet 1000 Euro zum Jubil\u00e4um des Musikvereins"},"content":{"rendered":"<p style=\"text-align: justify;\">Freiberg a. N.| \u00dcber 20 Jahre unterst\u00fctzt die Kreissparkasse den Musikverein Freiberg bereits verl\u00e4sslich. Und beim Rettichfest hat der freit\u00e4gliche Kreissparkassentag mit Rockbands aus der Region bereits Tradition.<\/p>\n<p style=\"text-align: justify;\">Anl\u00e4sslich des hundertj\u00e4hrigen Jubil\u00e4ums des Musikvereins legte die Kreissparkasse noch eine Schippe drauf: Regionaldirektor Timo Scheer \u00fcberreichte dem 1. Vorsitzenden des Musikvereins, Bernd Kroll, am letzten Freitag zus\u00e4tzlich zum \u201enormalen\u201c Sponsoring noch eine Spende von 1000 \u20ac f\u00fcr die Jugendarbeit.<\/p>\n<p style=\"text-align: justify;\">Scheer lobte nicht nur die Jugendarbeit des Vereins, sondern auch die Tatsache, dass der Musikverein das Rettichfest als eines der gr\u00f6\u00dften Vereinsfeste im Kreis jedes Jahr ausschlie\u00dflich mit Ehrenamtlichen im Schank stemmt. \u201eDas zeigt , wie sehr sich die Freiberger seit Jahren mit dem Fest und dem Verein identifizieren\u201c, so Scheer. Er versprach, dass die Kreissparkasse den Musikverein auch k\u00fcnftig verl\u00e4sslich unterst\u00fctzen wird.<\/p>\n<hr \/>\n<p style=\"text-align: justify;\">\n","protected":false},"excerpt":{"rendered":"<p>Freiberg a. N.| \u00dcber 20 Jahre unterst\u00fctzt die Kreissparkasse den Musikverein Freiberg bereits verl\u00e4sslich. Und beim Rettichfest hat der freit\u00e4gliche Kreissparkassentag mit Rockbands aus der Region bereits Tradition. Anl\u00e4sslich des hundertj\u00e4hrigen Jubil\u00e4ums des Musikvereins legte die Kreissparkasse noch eine Schippe drauf: Regionaldirektor Timo Scheer \u00fcberreichte dem 1. Vorsitzenden des Musikvereins, Bernd Kroll, am letzten Freitag [&hellip;]<\/p>\n","protected":false},"author":4,"featured_media":177209,"comment_status":"closed","ping_status":"open","sticky":false,"template":"","format":"standard","meta":{"inline_featured_image":false,"_exactmetrics_skip_tracking":false,"_exactmetrics_sitenote_active":false,"_exactmetrics_sitenote_note":"","_exactmetrics_sitenote_category":0,"tdm_status":"","tdm_grid_status":"","footnotes":""},"categories":[65],"tags":[8875,80,177,4638,68,9,148,4639],"class_list":{"0":"post-177208","1":"post","2":"type-post","3":"status-publish","4":"format-standard","5":"has-post-thumbnail","7":"category-kreis_ludwigsburg","8":"tag-die-webzeitung","9":"tag-freiberger-seite","10":"tag-kreissparkasse","11":"tag-musikverein","12":"tag-online-zeitung","13":"tag-schaumedia","14":"tag-spende","15":"tag-stadtkapelle"},"image_feature":"https:\/\/die-webzeitung.de\/ludwigsburg\/wp-content\/uploads\/sites\/5\/2025\/06\/mv-scaled.jpeg","author_name":"Redaktion","pure_taxonomies":{"categories":[{"term_id":65,"name":"Kreis Ludwigsburg","slug":"kreis_ludwigsburg","term_group":0,"term_taxonomy_id":66,"taxonomy":"category","description":"","parent":171,"count":631,"filter":"raw","image":""}],"tags":[{"term_id":8875,"name":"Die-Webzeitung","slug":"die-webzeitung","term_group":0,"term_taxonomy_id":8876,"taxonomy":"post_tag","description":"","parent":0,"count":4257,"filter":"raw","image":""},{"term_id":80,"name":"Freiberg","slug":"freiberger-seite","term_group":0,"term_taxonomy_id":95,"taxonomy":"post_tag","description":"","parent":0,"count":122,"filter":"raw","image":""},{"term_id":177,"name":"Kreissparkasse","slug":"kreissparkasse","term_group":0,"term_taxonomy_id":179,"taxonomy":"post_tag","description":"","parent":0,"count":186,"filter":"raw","image":""},{"term_id":4638,"name":"Musikverein","slug":"musikverein","term_group":0,"term_taxonomy_id":4655,"taxonomy":"post_tag","description":"","parent":0,"count":2,"filter":"raw","image":""},{"term_id":68,"name":"Online-Zeitung","slug":"online-zeitung","term_group":0,"term_taxonomy_id":69,"taxonomy":"post_tag","description":"","parent":0,"count":4206,"filter":"raw","image":""},{"term_id":9,"name":"SchauMedia","slug":"schaumedia","term_group":0,"term_taxonomy_id":9,"taxonomy":"post_tag","description":"","parent":0,"count":1582,"filter":"raw","image":""},{"term_id":148,"name":"Spende","slug":"spende","term_group":0,"term_taxonomy_id":150,"taxonomy":"post_tag","description":"","parent":0,"count":55,"filter":"raw","image":""},{"term_id":4639,"name":"Stadtkapelle","slug":"stadtkapelle","term_group":0,"term_taxonomy_id":4656,"taxonomy":"post_tag","description":"","parent":0,"count":1,"filter":"raw","image":""}]},"_links":{"self":[{"href":"https:\/\/die-webzeitung.de\/ludwigsburg\/wp-json\/wp\/v2\/posts\/177208","targetHints":{"allow":["GET"]}}],"collection":[{"href":"https:\/\/die-webzeitung.de\/ludwigsburg\/wp-json\/wp\/v2\/posts"}],"about":[{"href":"https:\/\/die-webzeitung.de\/ludwigsburg\/wp-json\/wp\/v2\/types\/post"}],"author":[{"embeddable":true,"href":"https:\/\/die-webzeitung.de\/ludwigsburg\/wp-json\/wp\/v2\/users\/4"}],"replies":[{"embeddable":true,"href":"https:\/\/die-webzeitung.de\/ludwigsburg\/wp-json\/wp\/v2\/comments?post=177208"}],"version-history":[{"count":1,"href":"https:\/\/die-webzeitung.de\/ludwigsburg\/wp-json\/wp\/v2\/posts\/177208\/revisions"}],"predecessor-version":[{"id":177210,"href":"https:\/\/die-webzeitung.de\/ludwigsburg\/wp-json\/wp\/v2\/posts\/177208\/revisions\/177210"}],"wp:featuredmedia":[{"embeddable":true,"href":"https:\/\/die-webzeitung.de\/ludwigsburg\/wp-json\/wp\/v2\/media\/177209"}],"wp:attachment":[{"href":"https:\/\/die-webzeitung.de\/ludwigsburg\/wp-json\/wp\/v2\/media?parent=177208"}],"wp:term":[{"taxonomy":"category","embeddable":true,"href":"https:\/\/die-webzeitung.de\/ludwigsburg\/wp-json\/wp\/v2\/categories?post=177208"},{"taxonomy":"post_tag","embeddable":true,"href":"https:\/\/die-webzeitung.de\/ludwigsburg\/wp-json\/wp\/v2\/tags?post=177208"}],"curies":[{"name":"wp","href":"https:\/\/api.w.org\/{rel}","templated":true}]}}