{"id":177200,"date":"2025-06-03T13:00:00","date_gmt":"2025-06-03T12:00:00","guid":{"rendered":"https:\/\/die-webzeitung.de\/ludwigsburg\/?p=177200"},"modified":"2025-06-03T13:00:00","modified_gmt":"2025-06-03T12:00:00","slug":"das-erste-bad-liebenzeller-lichterspektakel-steht-in-den-startloechern","status":"publish","type":"post","link":"https:\/\/die-webzeitung.de\/ludwigsburg\/2025\/06\/03\/das-erste-bad-liebenzeller-lichterspektakel-steht-in-den-startloechern\/","title":{"rendered":"Das erste Bad Liebenzeller Lichterspektakel steht in den Startl\u00f6chern!"},"content":{"rendered":"<h3 class=\"p1\" style=\"text-align: justify;\"><strong>Am Pfingstsonntag wird der Kurpark einmal mehr zur bunten Outdoor-Partylocation<\/strong><\/h3>\n<p class=\"p2\" style=\"text-align: justify;\">Der Countdown l\u00e4uft, das Warten hat ein Ende! Neben dem Fr\u00fchling mit den ersten Sonnentagen\u00a0steht auch das erste gro\u00dfe Bad Liebenzeller Kurpark-Highlight bereits in den Startl\u00f6chern und wartet\u00a0darauf, die Besucher am Pfingstsonntag, 08. Juni 2025 zu begeistern. Kein Motto, daf\u00fcr umso mehr\u00a0Liebe &#8211; und nicht weniger Highlights wohlbemerkt!<\/p>\n<p class=\"p2\" style=\"text-align: justify;\">Nat\u00fcrlich erwarten die G\u00e4ste auf und abseits der B\u00fchne wieder zahlreiche Programm-Highlights, die\u00a0einzig durch das atemberaubende Musikfeuerwerk mit Lasershow \u00fcberstrahlt werden k\u00f6nnen. F\u00fcr\u00a0alle Freunde des Feierns, die sich bereits am Vorabend einstimmen und warmtanzen wollen, ist das\u00a0Vorgl\u00fchen in diesem Jahr auch wieder am Start!<\/p>\n<p class=\"p2\" style=\"text-align: justify;\"><span class=\"s1\">TOP NEWS: <\/span>Nach der sanierungsbedingten Zwangspause im vergangenen Jahr, bringt das zweite\u00a0Lichterfest in diesem Jahr auch im August wieder beste Live-Musik, ein buntes Programm und ein\u00a0atemberaubendes Feuerwerk in den Kurpark. Save the Date: Samstag, 2. August 2025 ab 16:00 Uhr!<\/p>\n<h4 class=\"p3\" style=\"text-align: justify;\"><strong>Extra viel Musik! Buntes Party-Musikprogramm mit bekannten Partygranaten<\/strong><\/h4>\n<p class=\"p2\" style=\"text-align: justify;\">Der Name BOOMBOX d\u00fcrfte jedem Lichterfest-Fan bereits bekannt sein. Die Stuttgarter Live Band\u00a0weihte die Lichterfest-B\u00fchne in den vergangenen beiden Jahren beim Vorgl\u00fchen ein und brachte sie\u00a0dabei ordentlich zum Beben. In diesem Jahr sorgen die f\u00fcnf professionellen Musiker, die bereits mit\u00a0K\u00fcnstlern wie CRO, Max Mutzke und Helge Schneider zusammengearbeitet haben, am Lichterfest-Abend f\u00fcr Musik und Entertainment der Extraklasse.<\/p>\n<p class=\"p2\" style=\"text-align: justify;\">Und auch eine weitere Lichterfest-Gr\u00f6\u00dfe wird in diesem Jahr wieder entertainen: Miguel Gaspar!\u00a0Als echter Bad Liebenzeller Act sammelte Miguel in den letzten Jahren bereits reichlich Erfahrung auf\u00a0der Lichterfest-B\u00fchne. Mit gerade einmal 17 Jahren z\u00e4hlt Miguel Gaspar l\u00e4ngst zu den etablierten\u00a0Gr\u00f6\u00dfen des deutschen Popschlagers. Seit seinem glanzvollen TV-Deb\u00fct beim Supertalent 2018\u00a0begeistert der sympathische K\u00fcnstler mit charismatischer B\u00fchnenpr\u00e4senz, jugendlicher Leichtigkeit\u00a0und einer einzigartigen Verbindung zwischen Jung und Alt. Mit seiner neuen Single \u201eWillst du diese\u00a0Rose\u201c startet Miguel eine neue \u00c4ra, in der die Lichterfest-B\u00fchne nat\u00fcrlich nicht fehlen darf.<\/p>\n<p class=\"p2\" style=\"text-align: justify;\">Ab 16:00 Uhr startet Hitradio antenne 1-DJ Luke, auch bekannt als Lukas Schr\u00f6der aus den Hitradio\u00a0antenne 1 News, den Partyabend und sorgt f\u00fcr ausgelassene Stimmung. Mit treibenden Beats und\u00a0einem freshen Partysound in seinen Sets bringt er die B\u00fchne zum Beben. Hier bleibt kein Tanzbein\u00a0ruhig.<\/p>\n<h4 class=\"p3\" style=\"text-align: justify;\"><strong>Das Kinderprogramm l\u00e4sst keine W\u00fcnsche offen<\/strong><\/h4>\n<p class=\"p2\" style=\"text-align: justify;\">Nat\u00fcrlich gibt es auch f\u00fcr die j\u00fcngsten G\u00e4ste wieder ein buntes Programm f\u00fcr Spiel und Spa\u00df. Ob sie\u00a0sich nun auf der XXL H\u00fcpfburg so richtig austoben, kreativ werden oder sich mit Glitzer-Tattoos und\u00a0Kinderschminken eine, zumindest tempor\u00e4r, bleibende Erinnerung an das Lichterfest schaffen\u00a0m\u00f6chten \u2013 das Kids-Programm verspricht eine ordentliche Portion Action.<\/p>\n<h4 class=\"p3\" style=\"text-align: justify;\"><strong>Schlemmen, was das Herz begehrt<\/strong><\/h4>\n<p class=\"p2\" style=\"text-align: justify;\">Das umfangreiche kulinarische Angebot von Bad Liebenzeller Vereinen und gewerblichen\u00a0Standbetreibern bietet von herzhaft bis s\u00fc\u00df alles, was das Genie\u00dfer-Herz begehrt und h\u00e4lt sicherlich\u00a0f\u00fcr jeden Geschmack einen besonderen Leckerbissen bereit. Den kleinen und gro\u00dfen Durst k\u00f6nnen\u00a0die G\u00e4ste neben Softgetr\u00e4nken, Wein und Bier auch mit spitzigen Cocktails stillen.<\/p>\n<p class=\"p2\" style=\"text-align: justify;\">Wie gewohnt kann das bunte Treiben im Kurpark auch ganz entspannt von der Au\u00dfenterrasse des\u00a0Kurhauses beobachtet werden \u2013 Sanierungsbedingt allerdings ohne die regionalen Spezialit\u00e4ten aus\u00a0der K\u00fcche des Kurhaus Restaurants. An der Oleander-Sch\u00e4ferwagenbar, die f\u00fcr die Sommersaison ab\u00a0Ostern im Kurpark beheimatet ist, gibt es daf\u00fcr aber einige kulinarische Gaumenfreuden und\u00a0erfrischende Getr\u00e4nke.<\/p>\n<h4 class=\"p3\" style=\"text-align: justify;\"><strong>Der Bus-Shuttle<\/strong><\/h4>\n<p class=\"p2\" style=\"text-align: justify;\">Von zahlreichen Fans gefeiert und mittlerweile fester Bestandteil der Lichterfeste, ist der Bus-Shuttle,\u00a0der die einheimischen und ausw\u00e4rtigen Besucher kostenfrei aus allen Stadtteilen und Parkgebieten\u00a0an den Talwiesen sowie dem Mineralbrunnen Bad Liebenzell in den Stadtkern und auch wieder\u00a0zur\u00fcckf\u00e4hrt.<\/p>\n<p class=\"p2\" style=\"text-align: justify;\">G\u00e4ste von au\u00dferhalb k\u00f6nnen die Zeit f\u00fcr die \u00fcbliche Parkplatzsuche also entspannt f\u00fcr einen ersten\u00a0Spaziergang durch die St\u00e4nde nutzen, ortsans\u00e4ssige G\u00e4ste k\u00f6nnen das Getr\u00e4nkeangebot beim\u00a0Lichterfest nach Herzenslust genie\u00dfen, ohne einen Gedanken an den Heimweg verlieren zu m\u00fcssen.<\/p>\n<h4 class=\"p3\" style=\"text-align: justify;\"><strong>WIEDER AM START: Lichterfest Vorgl\u00fchen am Pfingstsamstag, 07. Juni 2025<\/strong><\/h4>\n<p class=\"p2\" style=\"text-align: justify;\">Warum nicht auch schon Samstag feiern? Das haben wir uns auch gefragt und 2023 erstmals direkt\u00a0noch einen Abend draufgepackt. Und weil es ein echter Erfolg mit zahlreichen gl\u00fccklichen G\u00e4sten\u00a0war, machen wir es dieses Jahr einfach wieder!<\/p>\n<p class=\"p2\" style=\"text-align: justify;\">Bereits am Samstag \u00f6ffnen die Standbetreiber des Lichterfests ihre Fenster, werfen die K\u00fcchenger\u00e4te\u00a0an und lassen die Zapfanlagen warmlaufen. Die G\u00e4ste k\u00f6nnen sich auf einen zwanglosen,\u00a0gem\u00fctlichen Abend mit bester Stimmung auf dem Lichterfestgel\u00e4nde im Kurpark freuen und sich\u00a0gemeinsam auf das gro\u00dfe Spektakel am Folgetag einstimmen. In diesem Jahr weiht das Trio Jay-Double-U die gro\u00dfe Lichterfestb\u00fchne ab 19:00 Uhr mit einem bunten Mix aus Pop- und Rocksongs\u00a0der letzten f\u00fcnf Jahrzehnte ein. Neben Leidenschaft und Spa\u00dffaktor auf der B\u00fchne ist bei den\u00a0Vollblutmusikern von Jay-Double-U vor allem eins garantiert: beste Musik f\u00fcr ausgelassene\u00a0Stimmung! Nat\u00fcrlich bleiben Feuerwerk, Laser und das Action-Programm f\u00fcr die kleinen\u00a0Lichterfestbesucher an diesem Abend sorgf\u00e4ltig unter Verschluss \u2013 wir wollen dem Kurpark-Highlight\u00a0schlechthin ja nicht die Show stehlen.<\/p>\n<p class=\"p2\" style=\"text-align: justify;\">Das Lichterfest Vorgl\u00fchen startet um 18:00 Uhr, der Eintritt ist kostenfrei.<\/p>\n<p class=\"p3\" style=\"text-align: justify;\">Worauf warten? Direkt Termin sichern und in der ersten Reihe mitfeiern.<\/p>\n<p class=\"p2\" style=\"text-align: justify;\">Der Eintrittspreis betr\u00e4gt 14,00 \u20ac f\u00fcr Erwachsene. Kinder zwischen sechs und 15 Jahren,\u00a0Kurkarteninhaber sowie Sch\u00fcler, Studenten, Senioren ab 65, Besucher mit Schwerbehinderung sowie\u00a0Erwachsene bei Anreise mit \u00d6PNV erhalten mit entsprechendem Nachweis einen erm\u00e4\u00dfigten Preis\u00a0von 11,00 \u20ac. Das Familienticket f\u00fcr zwei Erwachsene und bis zu drei Kinder bis einschlie\u00dflich 15\u00a0Jahren gibt es f\u00fcr 30,00 \u20ac. Kinder unter sechs Jahren und Begleitpersonen von G\u00e4sten mit\u00a0Schwerbehinderung genie\u00dfen das Lichterfest kostenfrei.<\/p>\n<p class=\"p3\" style=\"text-align: justify;\">Keine Lust auf lange Kassenschlangen? Sparen Sie Zeit und Geld mit dem Vorverkauf\u00a0Tickets f\u00fcr Erwachsene gibt es ab 1. Mai f\u00fcr 13,00 \u20ac im Vorverkauf in der Trinkhalle Bad Liebenzell\u00a0und in der Oleander-Sch\u00e4ferwagenbar im Kurpark sowie zum regul\u00e4ren Preis am Veranstaltungstag\u00a0vor Ort. G\u00e4ste mit Veranstaltungsband aus dem Vorverkauf kommen in der \u201eFast Lane\u201c ohne langes\u00a0Anstehen auf das Lichterfest-Gel\u00e4nde. Die erm\u00e4\u00dfigten Karten und Familientickets sind\u00a0ausschlie\u00dflich am Veranstaltungstag vor Ort an den Kassen erh\u00e4ltlich.<\/p>\n<p class=\"p2\" style=\"text-align: justify;\">Alle Details zum Lichterfest sind online auf <a href=\"http:\/\/www.bad-liebenzell.de\" target=\"_blank\" rel=\"noopener\">www.bad-liebenzell.de<\/a> erh\u00e4ltlich. Das Lichterfest wird bei\u00a0jedem Wetter stattfinden!<\/p>\n<p class=\"p2\" style=\"text-align: justify;\">HINWEIS: Im Zeitraum des Feuerwerks (ca. 22:15 \u2013 22:45) ist die kurzzeitige Vollsperrung der B463-Anlagenstra\u00dfe auf H\u00f6he des Kurparks erforderlich. Vielen Dank f\u00fcr Ihr Verst\u00e4ndnis.<\/p>\n<hr \/>\n<p class=\"p2\" style=\"text-align: justify;\">\n","protected":false},"excerpt":{"rendered":"<p>Am Pfingstsonntag wird der Kurpark einmal mehr zur bunten Outdoor-Partylocation Der Countdown l\u00e4uft, das Warten hat ein Ende! Neben dem Fr\u00fchling mit den ersten Sonnentagen\u00a0steht auch das erste gro\u00dfe Bad Liebenzeller Kurpark-Highlight bereits in den Startl\u00f6chern und wartet\u00a0darauf, die Besucher am Pfingstsonntag, 08. Juni 2025 zu begeistern. Kein Motto, daf\u00fcr umso mehr\u00a0Liebe &#8211; und nicht [&hellip;]<\/p>\n","protected":false},"author":4,"featured_media":0,"comment_status":"closed","ping_status":"open","sticky":false,"template":"","format":"standard","meta":{"inline_featured_image":false,"_exactmetrics_skip_tracking":false,"_exactmetrics_sitenote_active":false,"_exactmetrics_sitenote_note":"","_exactmetrics_sitenote_category":0,"tdm_status":"","tdm_grid_status":"","footnotes":""},"categories":[89],"tags":[653,8875,4012,68,9],"class_list":{"0":"post-177200","1":"post","2":"type-post","3":"status-publish","4":"format-standard","6":"category-reisezeit","7":"tag-bad","8":"tag-die-webzeitung","9":"tag-liebenzell","10":"tag-online-zeitung","11":"tag-schaumedia"},"image_feature":null,"author_name":"Redaktion","pure_taxonomies":{"categories":[{"term_id":89,"name":"Freizeit &amp; Reise","slug":"reisezeit","term_group":0,"term_taxonomy_id":90,"taxonomy":"category","description":"","parent":482,"count":33,"filter":"raw","image":""}],"tags":[{"term_id":653,"name":"bad","slug":"bad","term_group":0,"term_taxonomy_id":661,"taxonomy":"post_tag","description":"","parent":0,"count":1,"filter":"raw","image":""},{"term_id":8875,"name":"Die-Webzeitung","slug":"die-webzeitung","term_group":0,"term_taxonomy_id":8876,"taxonomy":"post_tag","description":"","parent":0,"count":4255,"filter":"raw","image":""},{"term_id":4012,"name":"Liebenzell","slug":"liebenzell","term_group":0,"term_taxonomy_id":4025,"taxonomy":"post_tag","description":"","parent":0,"count":1,"filter":"raw","image":""},{"term_id":68,"name":"Online-Zeitung","slug":"online-zeitung","term_group":0,"term_taxonomy_id":69,"taxonomy":"post_tag","description":"","parent":0,"count":4204,"filter":"raw","image":""},{"term_id":9,"name":"SchauMedia","slug":"schaumedia","term_group":0,"term_taxonomy_id":9,"taxonomy":"post_tag","description":"","parent":0,"count":1582,"filter":"raw","image":""}]},"_links":{"self":[{"href":"https:\/\/die-webzeitung.de\/ludwigsburg\/wp-json\/wp\/v2\/posts\/177200","targetHints":{"allow":["GET"]}}],"collection":[{"href":"https:\/\/die-webzeitung.de\/ludwigsburg\/wp-json\/wp\/v2\/posts"}],"about":[{"href":"https:\/\/die-webzeitung.de\/ludwigsburg\/wp-json\/wp\/v2\/types\/post"}],"author":[{"embeddable":true,"href":"https:\/\/die-webzeitung.de\/ludwigsburg\/wp-json\/wp\/v2\/users\/4"}],"replies":[{"embeddable":true,"href":"https:\/\/die-webzeitung.de\/ludwigsburg\/wp-json\/wp\/v2\/comments?post=177200"}],"version-history":[{"count":1,"href":"https:\/\/die-webzeitung.de\/ludwigsburg\/wp-json\/wp\/v2\/posts\/177200\/revisions"}],"predecessor-version":[{"id":177201,"href":"https:\/\/die-webzeitung.de\/ludwigsburg\/wp-json\/wp\/v2\/posts\/177200\/revisions\/177201"}],"wp:attachment":[{"href":"https:\/\/die-webzeitung.de\/ludwigsburg\/wp-json\/wp\/v2\/media?parent=177200"}],"wp:term":[{"taxonomy":"category","embeddable":true,"href":"https:\/\/die-webzeitung.de\/ludwigsburg\/wp-json\/wp\/v2\/categories?post=177200"},{"taxonomy":"post_tag","embeddable":true,"href":"https:\/\/die-webzeitung.de\/ludwigsburg\/wp-json\/wp\/v2\/tags?post=177200"}],"curies":[{"name":"wp","href":"https:\/\/api.w.org\/{rel}","templated":true}]}}