{"id":177134,"date":"2025-05-27T17:01:00","date_gmt":"2025-05-27T16:01:00","guid":{"rendered":"https:\/\/die-webzeitung.de\/ludwigsburg\/?p=177134"},"modified":"2025-05-27T17:01:00","modified_gmt":"2025-05-27T16:01:00","slug":"kreissparkasse-begruesst-aok-als-neuen-mieter-im-schiller-areal","status":"publish","type":"post","link":"https:\/\/die-webzeitung.de\/ludwigsburg\/2025\/05\/27\/kreissparkasse-begruesst-aok-als-neuen-mieter-im-schiller-areal\/","title":{"rendered":"Kreissparkasse begr\u00fc\u00dft AOK als neuen Mieter im Schiller-Areal"},"content":{"rendered":"<h3 style=\"text-align: justify;\"><strong>Gesundheit ist das h\u00f6chste Gut<\/strong><\/h3>\n<p style=\"text-align: justify;\">Ludwigsburg.| Das Schiller-Areal f\u00fcllt sich weiter mit Leben: K\u00fcrzlich ist mit dem Gesundheitszentrum der AOK Ludwigsburg-Rems-Murr ein neuer Mieter eingezogen. Nach Alnatura und der Augenarztpraxis Dr. Kort\u00fcm \u00f6ffnete Ende April die AOK ihre Pforten. Auf rund 850 qm pr\u00e4sentiert das AOK-Gesundheitszentrum im 1. OG ein umfangreiches Angebot in attraktiven R\u00e4umlichkeiten. Ein modernes Kochstudio, aber auch Dusch- und Umkleidem\u00f6glichkeiten mit Schlie\u00dff\u00e4chern sind neben den Trainings- und Schulungsfl\u00e4chen beinhaltet. Hier finden Gesundheitskurse, individuelle R\u00fcckentrainings sowie Ern\u00e4hrungsberatungen statt.<\/p>\n<p style=\"text-align: justify;\">Dr. Heinz-Werner Schulte, Vorstandsvorsitzender der Kreissparkasse Ludwigsburg, begr\u00fc\u00dft die neuen Mieter herzlich und ist voll des Lobes \u00fcber die helle, lichtdurchflutete Ausgestaltung der R\u00e4umlichkeiten: \u201eWir freuen uns, dass wir mit dem AOK-Gesundheitszentrum einen weiteren Mieter im Schiller-Areal willkommen hei\u00dfen d\u00fcrfen. Neben gesunden Lebensmitteln und einer \u00e4rztlichen Versorgung rundet das Gesundheitszentrum nun das Angebot im Haus hervorragend ab. Die zentrale, bahnhofnahe Lage, ein barrierefreier Zugang \u00fcber Aufz\u00fcge sowie Parkpl\u00e4tze inkl. E-Lades\u00e4ulen in der Sparkassengarage bieten f\u00fcr die Besucher optimale Bedingungen. Sukzessive werden bis Jahresende auch die elf Wohnungen in den Dachgeschossen sowie die Kreissparkassen-B\u00fcrofl\u00e4chen im 2. und 3. OG bezogen.\u201c<\/p>\n<p style=\"text-align: justify;\">\u201eNach den ersten 30 Tagen f\u00fchlen sich unsere 17 Mitarbeitenden im Schiller-Areal bereits sehr wohl und erhalten von den Kunden viel Zuspruch. In der Gruppe unter professioneller Anleitung gelingt es am besten, f\u00fcr eine h\u00f6here Lebensqualit\u00e4t regelm\u00e4\u00dfig aktiv zu sein. Eine Umgebung mit echter Wohlf\u00fchlatmosph\u00e4re ist ein weiterer wichtiger Faktor. Die Voraussetzungen daf\u00fcr sind in unserem neuen Gesundheitszentrum hier im Schiller-Areal geradezu ideal\u201c, erkl\u00e4rt J\u00f6rg Schmautz, stellvertretender Gesch\u00e4ftsf\u00fchrer der AOK Ludwigsburg-Rems-Murr.<\/p>\n<p style=\"text-align: justify;\">Alexander Thum, AOK-Gesch\u00e4ftsbereichsleiter Pr\u00e4vention erg\u00e4nzt: \u201eWir m\u00f6chten Menschen von einem gesunden Lebensstil \u00fcberzeugen. Gerne unterst\u00fctzen unsere erfahrenen Pr\u00e4ventionsfachkr\u00e4fte auf dem pers\u00f6nlichen Weg zu einer sp\u00fcrbar besseren Gesundheit \u2013 sei es durch ein effektives Training, ein leckeres Kocherlebnis oder entschleunigende \u00dcbungen. Im Schiller-Areal haben wir nun die gesamte AOK-Gesundheitswelt unter einem Dach. Am Samstag, 19. Juli, haben wir von 10 bis 15 Uhr einen Tag der offenen T\u00fcr. Alle interessierten B\u00fcrgerinnen und B\u00fcrger sind herzlich eingeladen, die neuen R\u00e4ume und unsere motivierenden Angebote f\u00fcr ein gesundes Leben pers\u00f6nlich kennenzulernen.\u201c<\/p>\n<p style=\"text-align: justify;\">Das neue Gesundheitszentrum der AOK Ludwigsburg-Rems-Murr hat von Montag bis Donnerstag 8 bis 12 Uhr und 15 bis 20 Uhr, Freitag 8 bis 12 Uhr und 13 bis 17 Uhr sowie zu den Gesundheitskursen ge\u00f6ffnet. Eine breite Auswahl an Kursangeboten rund um Bewegung, Entspannung und Ern\u00e4hrung findet man unter <a href=\"http:\/\/www.aok.de\/bw\/gesundeangebote\" target=\"_blank\" rel=\"noopener\">www.aok.de\/bw\/gesundeangebote<\/a>.<\/p>\n<hr \/>\n<p style=\"text-align: justify;\">\n","protected":false},"excerpt":{"rendered":"<p>Gesundheit ist das h\u00f6chste Gut Ludwigsburg.| Das Schiller-Areal f\u00fcllt sich weiter mit Leben: K\u00fcrzlich ist mit dem Gesundheitszentrum der AOK Ludwigsburg-Rems-Murr ein neuer Mieter eingezogen. Nach Alnatura und der Augenarztpraxis Dr. Kort\u00fcm \u00f6ffnete Ende April die AOK ihre Pforten. Auf rund 850 qm pr\u00e4sentiert das AOK-Gesundheitszentrum im 1. OG ein umfangreiches Angebot in attraktiven R\u00e4umlichkeiten. [&hellip;]<\/p>\n","protected":false},"author":4,"featured_media":177135,"comment_status":"closed","ping_status":"open","sticky":false,"template":"","format":"standard","meta":{"inline_featured_image":false,"_exactmetrics_skip_tracking":false,"_exactmetrics_sitenote_active":false,"_exactmetrics_sitenote_note":"","_exactmetrics_sitenote_category":0,"tdm_status":"","tdm_grid_status":"","footnotes":""},"categories":[67],"tags":[1327,8875,177,6,68,9,12899],"class_list":{"0":"post-177134","1":"post","2":"type-post","3":"status-publish","4":"format-standard","5":"has-post-thumbnail","7":"category-ludwigsburg-lokal","8":"tag-aok","9":"tag-die-webzeitung","10":"tag-kreissparkasse","11":"tag-ludwigsburg","12":"tag-online-zeitung","13":"tag-schaumedia","14":"tag-schillerareal"},"image_feature":"https:\/\/die-webzeitung.de\/ludwigsburg\/wp-content\/uploads\/sites\/5\/2025\/05\/Pressefoto-scaled.jpg","author_name":"Redaktion","pure_taxonomies":{"categories":[{"term_id":67,"name":"Ludwigsburg","slug":"ludwigsburg-lokal","term_group":0,"term_taxonomy_id":68,"taxonomy":"category","description":"","parent":1433,"count":653,"filter":"raw","image":""}],"tags":[{"term_id":1327,"name":"AOK","slug":"aok","term_group":0,"term_taxonomy_id":1336,"taxonomy":"post_tag","description":"","parent":0,"count":1,"filter":"raw","image":""},{"term_id":8875,"name":"Die-Webzeitung","slug":"die-webzeitung","term_group":0,"term_taxonomy_id":8876,"taxonomy":"post_tag","description":"","parent":0,"count":4259,"filter":"raw","image":""},{"term_id":177,"name":"Kreissparkasse","slug":"kreissparkasse","term_group":0,"term_taxonomy_id":179,"taxonomy":"post_tag","description":"","parent":0,"count":186,"filter":"raw","image":""},{"term_id":6,"name":"Ludwigsburg","slug":"ludwigsburg","term_group":0,"term_taxonomy_id":6,"taxonomy":"post_tag","description":"","parent":0,"count":1353,"filter":"raw","image":""},{"term_id":68,"name":"Online-Zeitung","slug":"online-zeitung","term_group":0,"term_taxonomy_id":69,"taxonomy":"post_tag","description":"","parent":0,"count":4208,"filter":"raw","image":""},{"term_id":9,"name":"SchauMedia","slug":"schaumedia","term_group":0,"term_taxonomy_id":9,"taxonomy":"post_tag","description":"","parent":0,"count":1582,"filter":"raw","image":""},{"term_id":12899,"name":"Schillerareal","slug":"schillerareal","term_group":0,"term_taxonomy_id":12900,"taxonomy":"post_tag","description":"","parent":0,"count":1,"filter":"raw","image":""}]},"_links":{"self":[{"href":"https:\/\/die-webzeitung.de\/ludwigsburg\/wp-json\/wp\/v2\/posts\/177134","targetHints":{"allow":["GET"]}}],"collection":[{"href":"https:\/\/die-webzeitung.de\/ludwigsburg\/wp-json\/wp\/v2\/posts"}],"about":[{"href":"https:\/\/die-webzeitung.de\/ludwigsburg\/wp-json\/wp\/v2\/types\/post"}],"author":[{"embeddable":true,"href":"https:\/\/die-webzeitung.de\/ludwigsburg\/wp-json\/wp\/v2\/users\/4"}],"replies":[{"embeddable":true,"href":"https:\/\/die-webzeitung.de\/ludwigsburg\/wp-json\/wp\/v2\/comments?post=177134"}],"version-history":[{"count":1,"href":"https:\/\/die-webzeitung.de\/ludwigsburg\/wp-json\/wp\/v2\/posts\/177134\/revisions"}],"predecessor-version":[{"id":177136,"href":"https:\/\/die-webzeitung.de\/ludwigsburg\/wp-json\/wp\/v2\/posts\/177134\/revisions\/177136"}],"wp:featuredmedia":[{"embeddable":true,"href":"https:\/\/die-webzeitung.de\/ludwigsburg\/wp-json\/wp\/v2\/media\/177135"}],"wp:attachment":[{"href":"https:\/\/die-webzeitung.de\/ludwigsburg\/wp-json\/wp\/v2\/media?parent=177134"}],"wp:term":[{"taxonomy":"category","embeddable":true,"href":"https:\/\/die-webzeitung.de\/ludwigsburg\/wp-json\/wp\/v2\/categories?post=177134"},{"taxonomy":"post_tag","embeddable":true,"href":"https:\/\/die-webzeitung.de\/ludwigsburg\/wp-json\/wp\/v2\/tags?post=177134"}],"curies":[{"name":"wp","href":"https:\/\/api.w.org\/{rel}","templated":true}]}}