{"id":177046,"date":"2025-05-18T10:22:26","date_gmt":"2025-05-18T09:22:26","guid":{"rendered":"https:\/\/die-webzeitung.de\/ludwigsburg\/?p=177046"},"modified":"2025-05-18T10:22:46","modified_gmt":"2025-05-18T09:22:46","slug":"bilanz-zum-achten-fahndungs-und-sicherheitstag-11-000-personen-kontrolliert","status":"publish","type":"post","link":"https:\/\/die-webzeitung.de\/ludwigsburg\/2025\/05\/18\/bilanz-zum-achten-fahndungs-und-sicherheitstag-11-000-personen-kontrolliert\/","title":{"rendered":"Bilanz zum achten Fahndungs- und Sicherheitstag: 11.000 Personen kontrolliert"},"content":{"rendered":"<div class=\"article-title__title\">\n<header class=\"page-title\">\n<div class=\"text text--intro\">\n<p style=\"text-align: justify;\">Am 13. Mai 2025 fand der achte l\u00e4nder\u00fcbergreifende Fahndungs- und Sicherheitstag zur Bek\u00e4mpfung der Straftaten im \u00f6ffentlichen Raum statt. Die beteiligten L\u00e4nder Baden-W\u00fcrttemberg, Bayern, Hessen, Rheinland-Pfalz und das Saarland ziehen eine positive<\/p>\n<\/div>\n<\/header>\n<\/div>\n<div class=\"article__body\">\n<div class=\"article__content\">\n<div id=\"c23728\" class=\"article__section article__section--no-1 article__section--list\">\n<div class=\"text\">\n<p style=\"text-align: justify;\">\u201eMit der Kooperationsvereinbarung zur Bek\u00e4mpfung von Straftaten im \u00f6ffentlichen Raum st\u00e4rken wir die Sicherheit auf \u00f6ffentlichen Stra\u00dfen und Pl\u00e4tzen. Einen besonderen Schwerpunkt haben wir in diesem Jahr bei den Kontrollen auf Messer gesetzt. Das ist wichtig, denn Messerangriffe k\u00f6nnen das Sicherheitsgef\u00fchl der Menschen nachhaltig besch\u00e4digen. Jedes sichergestellte Messer und jede sichergestellte Waffe ist ein Sicherheitsgewinn. Die Menschen in Baden-W\u00fcrttemberg sollen sicher sein und sich auch sicher f\u00fchlen \u2013 auch auf den \u00f6ffentlichen Stra\u00dfen, Wegen und Pl\u00e4tzen, in Parks und Gr\u00fcnanlagen. Mein Dank gilt den eingesetzten Polizeibeamtinnen und Polizeibeamten sowie allen beteiligten Kr\u00e4ften f\u00fcr die geleistete Arbeit\u201c, bilanziert der Stv. Ministerpr\u00e4sident und Innenminister Thomas Strobl.<\/p>\n<p style=\"text-align: justify;\">Zeitgleich mit den Polizeien aus Bayern, Hessen, Rheinland-Pfalz und dem Saarland fanden gestern in Baden-W\u00fcrttemberg zahlreiche Kontroll- und Fahndungsma\u00dfnahmen statt. Allein in Baden-W\u00fcrttemberg kontrollierte die Polizei, unterst\u00fctzt von Einsatzkr\u00e4ften der Bundespolizei, des Zolls, der St\u00e4dte- und Gemeindeverwaltungen, der Steuerfahndung sowie der Justiz und der Ausl\u00e4nderbeh\u00f6rden 11.013 Personen, 5.026 Fahrzeuge sowie mehr als 10.401 Dokumente. 2.246 Straftaten und Ordnungswidrigkeiten stellten die eingesetzten Beamten fest. 26 Personen wurden vorl\u00e4ufig festgenommen und insgesamt 37 Haftbefehle vollstreckt.<\/p>\n<p style=\"text-align: justify;\">Bei den Einsatzma\u00dfnahmen wurden landesweit 30 gef\u00e4hrliche Gegenst\u00e4nde und Waffen \u2013 darunter 16 Messer &#8211; in Verwahrung genommen. Dar\u00fcber hinaus wurden diverse Drogen, u.a. mehr als ein Kilogramm Cannabis, kleinere Mengen Kokain und Amphetamin sichergestellt.<\/p>\n<hr \/>\n<p style=\"text-align: justify;\">\n<\/div>\n<\/div>\n<\/div>\n<\/div>\n","protected":false},"excerpt":{"rendered":"<p>Am 13. Mai 2025 fand der achte l\u00e4nder\u00fcbergreifende Fahndungs- und Sicherheitstag zur Bek\u00e4mpfung der Straftaten im \u00f6ffentlichen Raum statt. Die beteiligten L\u00e4nder Baden-W\u00fcrttemberg, Bayern, Hessen, Rheinland-Pfalz und das Saarland ziehen eine positive \u201eMit der Kooperationsvereinbarung zur Bek\u00e4mpfung von Straftaten im \u00f6ffentlichen Raum st\u00e4rken wir die Sicherheit auf \u00f6ffentlichen Stra\u00dfen und Pl\u00e4tzen. Einen besonderen Schwerpunkt haben [&hellip;]<\/p>\n","protected":false},"author":4,"featured_media":162787,"comment_status":"closed","ping_status":"open","sticky":false,"template":"","format":"standard","meta":{"inline_featured_image":false,"_exactmetrics_skip_tracking":false,"_exactmetrics_sitenote_active":false,"_exactmetrics_sitenote_note":"","_exactmetrics_sitenote_category":0,"tdm_status":"","tdm_grid_status":"","footnotes":""},"categories":[59,2402],"tags":[4,68,205],"class_list":{"0":"post-177046","1":"post","2":"type-post","3":"status-publish","4":"format-standard","5":"has-post-thumbnail","7":"category-aktuell","8":"category-baden-wuerttemberg","9":"tag-baden-wurttemberg","10":"tag-online-zeitung","11":"tag-polizei"},"image_feature":"https:\/\/die-webzeitung.de\/ludwigsburg\/wp-content\/uploads\/sites\/5\/2021\/12\/Polizei.jpg","author_name":"Redaktion","pure_taxonomies":{"categories":[{"term_id":59,"name":"Aktuell","slug":"aktuell","term_group":0,"term_taxonomy_id":60,"taxonomy":"category","description":"","parent":0,"count":1175,"filter":"raw","image":""},{"term_id":2402,"name":"Baden-W\u00fcrttemberg","slug":"baden-wuerttemberg","term_group":0,"term_taxonomy_id":2414,"taxonomy":"category","description":"","parent":171,"count":248,"filter":"raw","image":""}],"tags":[{"term_id":4,"name":"Baden-W\u00fcrttemberg","slug":"baden-wurttemberg","term_group":0,"term_taxonomy_id":4,"taxonomy":"post_tag","description":"","parent":0,"count":140,"filter":"raw","image":""},{"term_id":68,"name":"Online-Zeitung","slug":"online-zeitung","term_group":0,"term_taxonomy_id":69,"taxonomy":"post_tag","description":"","parent":0,"count":4204,"filter":"raw","image":""},{"term_id":205,"name":"Polizei","slug":"polizei","term_group":0,"term_taxonomy_id":208,"taxonomy":"post_tag","description":"","parent":0,"count":186,"filter":"raw","image":""}]},"_links":{"self":[{"href":"https:\/\/die-webzeitung.de\/ludwigsburg\/wp-json\/wp\/v2\/posts\/177046","targetHints":{"allow":["GET"]}}],"collection":[{"href":"https:\/\/die-webzeitung.de\/ludwigsburg\/wp-json\/wp\/v2\/posts"}],"about":[{"href":"https:\/\/die-webzeitung.de\/ludwigsburg\/wp-json\/wp\/v2\/types\/post"}],"author":[{"embeddable":true,"href":"https:\/\/die-webzeitung.de\/ludwigsburg\/wp-json\/wp\/v2\/users\/4"}],"replies":[{"embeddable":true,"href":"https:\/\/die-webzeitung.de\/ludwigsburg\/wp-json\/wp\/v2\/comments?post=177046"}],"version-history":[{"count":2,"href":"https:\/\/die-webzeitung.de\/ludwigsburg\/wp-json\/wp\/v2\/posts\/177046\/revisions"}],"predecessor-version":[{"id":177048,"href":"https:\/\/die-webzeitung.de\/ludwigsburg\/wp-json\/wp\/v2\/posts\/177046\/revisions\/177048"}],"wp:featuredmedia":[{"embeddable":true,"href":"https:\/\/die-webzeitung.de\/ludwigsburg\/wp-json\/wp\/v2\/media\/162787"}],"wp:attachment":[{"href":"https:\/\/die-webzeitung.de\/ludwigsburg\/wp-json\/wp\/v2\/media?parent=177046"}],"wp:term":[{"taxonomy":"category","embeddable":true,"href":"https:\/\/die-webzeitung.de\/ludwigsburg\/wp-json\/wp\/v2\/categories?post=177046"},{"taxonomy":"post_tag","embeddable":true,"href":"https:\/\/die-webzeitung.de\/ludwigsburg\/wp-json\/wp\/v2\/tags?post=177046"}],"curies":[{"name":"wp","href":"https:\/\/api.w.org\/{rel}","templated":true}]}}