{"id":176976,"date":"2025-05-12T09:08:25","date_gmt":"2025-05-12T08:08:25","guid":{"rendered":"https:\/\/die-webzeitung.de\/ludwigsburg\/?p=176976"},"modified":"2025-05-12T09:08:25","modified_gmt":"2025-05-12T08:08:25","slug":"kommunale-gesundheitskonferenz-im-kreis","status":"publish","type":"post","link":"https:\/\/die-webzeitung.de\/ludwigsburg\/2025\/05\/12\/kommunale-gesundheitskonferenz-im-kreis\/","title":{"rendered":"Kommunale Gesundheitskonferenz im Kreis"},"content":{"rendered":"<h3 style=\"text-align: justify;\"><strong>Versorgung, Pr\u00e4vention und neue Gesundheitsprojekte im Landkreis <\/strong><strong>diskutiert<\/strong><\/h3>\n<p style=\"text-align: justify;\">Ludwigsburg.| Von ambulanter \u00e4rztlicher Versorgung \u00fcber Hebammenf\u00f6rderung bis hin zu Adipositas bei Kindern und Jugendlichen: Bei der elften Vollversammlung der Kommunalen Gesundheitskonferenz (KGK) im Landkreis Ludwigsburg diskutierten knapp 40 Teilnehmende aus \u00c4rzteschaft, Kommunalpolitik, Kliniken, Bildungseinrichtungen, sozialer Dienste sowie Krankenkassen \u00fcber aktuelle Gesundheitsfragen und Projekte im Landkreis.<\/p>\n<p style=\"text-align: justify;\">\u201eDass die Vernetzung relevanter Akteurinnen und Akteure im Gesundheitsbereich wichtig ist, war auch eine zentrale Erkenntnis aus dem Gesundheitsbericht von 2024 \u2013 die Kommunale Gesundheitskonferenz bietet hierf\u00fcr eine entscheidende Plattform\u201c, betonte Landrat Dietmar Allgaier bei seiner Begr\u00fc\u00dfung.<\/p>\n<h4 style=\"text-align: justify;\"><strong>Arbeitsgruppe soll demographischem Wandel begegnen<\/strong><\/h4>\n<p style=\"text-align: justify;\">Nach dem ersten Basisgesundheitsbericht 2024 r\u00fcckte bei der diesj\u00e4hrigen KGK die ambulante medizinische Versorgung in den Fokus. Marius G\u00e4\u00dfler, Mitarbeiter des Gesundheitsamts des Landkreises Ludwigsburg, stellte wesentliche Ergebnisse der ersten allgemeinen Befragung zur haus\u00e4rztlichen Versorgung unter den Hausarztpraxen und Kommunen im Landkreis vor \u2013 darunter der sp\u00fcrbare demographische Wandel in der \u00c4rzteschaft. Die Ergebnisse flie\u00dfen in einen Schwerpunktbericht ein, der im Sommer auf der Homepage des Landratsamts ver\u00f6ffentlicht wird. Die Mitglieder der KGK haben au\u00dferdem die Gr\u00fcndung einer Arbeitsgruppe (AG) zur ambulanten \u00e4rztlichen Versorgung beschlossen.<\/p>\n<h4 style=\"text-align: justify;\"><strong>Pr\u00e4vention gegen Adipositas bei Kindern und Jugendlichen nimmt Fahrt auf<\/strong><\/h4>\n<p style=\"text-align: justify;\">Aus der 2024 gegr\u00fcndeten AG \u201eAdipositas bei Kindern und Jugendlichen\u201c berichtete Dr. Stephan D\u00f6ring, stellvertretender Fachbereichsleiter des Fachbereichs Gesundheitsf\u00f6rderung und Gesundheitsplanung des Gesundheitsamts, \u00fcber die aktuellen Entwicklungen. Die AG erzielte gute Fortschritte beim Aufbau von kostenlosen Bewegungs- und Pr\u00e4ventionsangeboten f\u00fcr Kinder und Jugendliche mit \u00dcbergewicht und Adipositas. Die Homepage-Unterseite \u201e\u00dcbergewicht und Adipositas bei Kindern und Jugendlichen im Landkreis Ludwigsburg\u201c ist vergangene Woche online gegangen. Diese enth\u00e4lt, neben zahlreichen Infos und hilfreichen Tipps, Hinweise auf verschiedene kostenlose Bewegungsangebote f\u00fcr Kinder und Jugendliche mit \u00dcbergewicht und Adipositas.<\/p>\n<h4 style=\"text-align: justify;\"><strong>Erfolgreiches Modell zur Hebammenversorgung im Landkreis<\/strong><\/h4>\n<p style=\"text-align: justify;\">Alessa Polziehn, Mitarbeiterin des Gesundheitsamts, stellte den aktuellen Stand zur Hebammenf\u00f6rderung als Erfolgsprojekt im Landkreis vor, das als Vorbild f\u00fcr andere Landkreise dienen kann. Seit 2021 sind sechs dezentrale Hebammenpraxen im Landkreis entstanden, die laut aktuellen Zahlen von 2021 bis 2024 insgesamt 4.458 Familien beziehungsweise Frauen versorgen konnten. Durch den Wegfall der Wegstrecken zu den Familien und die festen Sprechstunden vor Ort k\u00f6nnen die Hebammen in den Praxen deutlich mehr Familien betreuen. Im Mai steht der Antrag zur Verl\u00e4ngerung der F\u00f6rderung der Hebammenstruktur im Sozialausschuss des Kreistags zur Entscheidung.<\/p>\n<h4 style=\"text-align: justify;\"><strong>Versorgung f\u00fcr Menschen ohne Krankenversicherung im Blick <\/strong><\/h4>\n<p style=\"text-align: justify;\">Als neuen Impuls brachte Dr. Gebhard Altenburger das Thema \u00e4rztliche und zahn\u00e4rztliche Versorgung f\u00fcr Menschen ohne Krankenversicherung ein und berichtete \u00fcber die Praxis der Malteser Medizin f\u00fcr Menschen ohne Krankenversicherungen (MMM) in Stuttgart. Dort k\u00f6nnen Menschen ohne Krankenversicherung seit 2008, auf Wunsch anonym, eine kostenlose \u00e4rztliche und seit 2024 auch eine zahn\u00e4rztliche Behandlung bekommen. Ehrenamtliche \u00c4rztinnen und \u00c4rzte sowie medizinische Fachkr\u00e4fte leisten hierbei einen wertvollen Beitrag zur Sicherstellung der medizinischen Versorgung. Dr. Gebhard Altenburger und die Kooperationspartner der Projektgruppe pr\u00fcfen, ob und wie eine Umsetzung im Landkreis Ludwigsburg gelingen kann.<\/p>\n<p style=\"text-align: justify;\">Die Kommunale Gesundheitskonferenz (KGK) im Landkreis Ludwigsburg stimmt seit 2011 gesundheitliche Fragestellungen auf Landkreisebene ab und entwickelt Ziele in den Bereichen Gesundheitsf\u00f6rderung, Pr\u00e4vention, medizinischer Versorgung und Pflege. Sie stellt eine wichtige Plattform dar, um lokale Akteure zu vernetzen und gemeinsame Ver\u00e4nderungsprozesse anzusto\u00dfen. Im Jahr 2015 wurde im Landesgesundheitsgesetz eine rechtliche Grundlage geschaffen, die alle Land- und Stadtkreise mit einem Gesundheitsamt dazu verpflichtet, eine Kommunale Gesundheitskonferenz einzurichten. Die KGK setzt sich aus Vertretern der verschiedenen Bereiche wie der \u00c4rzteschaft, Kliniken, Bildungseinrichtungen, soziale Dienste, Krankenkassen sowie der Kommunalpolitik zusammen.<\/p>\n<hr \/>\n<p style=\"text-align: justify;\">\n","protected":false},"excerpt":{"rendered":"<p>Versorgung, Pr\u00e4vention und neue Gesundheitsprojekte im Landkreis diskutiert Ludwigsburg.| Von ambulanter \u00e4rztlicher Versorgung \u00fcber Hebammenf\u00f6rderung bis hin zu Adipositas bei Kindern und Jugendlichen: Bei der elften Vollversammlung der Kommunalen Gesundheitskonferenz (KGK) im Landkreis Ludwigsburg diskutierten knapp 40 Teilnehmende aus \u00c4rzteschaft, Kommunalpolitik, Kliniken, Bildungseinrichtungen, sozialer Dienste sowie Krankenkassen \u00fcber aktuelle Gesundheitsfragen und Projekte im Landkreis. \u201eDass [&hellip;]<\/p>\n","protected":false},"author":4,"featured_media":176977,"comment_status":"closed","ping_status":"open","sticky":false,"template":"","format":"standard","meta":{"inline_featured_image":false,"_exactmetrics_skip_tracking":false,"_exactmetrics_sitenote_active":false,"_exactmetrics_sitenote_note":"","_exactmetrics_sitenote_category":0,"tdm_status":"","tdm_grid_status":"","footnotes":""},"categories":[65],"tags":[8875,8329,3839,6,68,9],"class_list":{"0":"post-176976","1":"post","2":"type-post","3":"status-publish","4":"format-standard","5":"has-post-thumbnail","7":"category-kreis_ludwigsburg","8":"tag-die-webzeitung","9":"tag-gesundheit","10":"tag-konferenz","11":"tag-ludwigsburg","12":"tag-online-zeitung","13":"tag-schaumedia"},"image_feature":"https:\/\/die-webzeitung.de\/ludwigsburg\/wp-content\/uploads\/sites\/5\/2025\/05\/20250506_Kommunale_Gesundheitskonf_015_a_Druck-scaled.jpg","author_name":"Redaktion","pure_taxonomies":{"categories":[{"term_id":65,"name":"Kreis Ludwigsburg","slug":"kreis_ludwigsburg","term_group":0,"term_taxonomy_id":66,"taxonomy":"category","description":"","parent":171,"count":631,"filter":"raw","image":""}],"tags":[{"term_id":8875,"name":"Die-Webzeitung","slug":"die-webzeitung","term_group":0,"term_taxonomy_id":8876,"taxonomy":"post_tag","description":"","parent":0,"count":4257,"filter":"raw","image":""},{"term_id":8329,"name":"Gesundheit","slug":"gesundheit","term_group":0,"term_taxonomy_id":214,"taxonomy":"post_tag","description":"","parent":0,"count":10,"filter":"raw","image":""},{"term_id":3839,"name":"Konferenz","slug":"konferenz","term_group":0,"term_taxonomy_id":3852,"taxonomy":"post_tag","description":"","parent":0,"count":3,"filter":"raw","image":""},{"term_id":6,"name":"Ludwigsburg","slug":"ludwigsburg","term_group":0,"term_taxonomy_id":6,"taxonomy":"post_tag","description":"","parent":0,"count":1353,"filter":"raw","image":""},{"term_id":68,"name":"Online-Zeitung","slug":"online-zeitung","term_group":0,"term_taxonomy_id":69,"taxonomy":"post_tag","description":"","parent":0,"count":4206,"filter":"raw","image":""},{"term_id":9,"name":"SchauMedia","slug":"schaumedia","term_group":0,"term_taxonomy_id":9,"taxonomy":"post_tag","description":"","parent":0,"count":1582,"filter":"raw","image":""}]},"_links":{"self":[{"href":"https:\/\/die-webzeitung.de\/ludwigsburg\/wp-json\/wp\/v2\/posts\/176976","targetHints":{"allow":["GET"]}}],"collection":[{"href":"https:\/\/die-webzeitung.de\/ludwigsburg\/wp-json\/wp\/v2\/posts"}],"about":[{"href":"https:\/\/die-webzeitung.de\/ludwigsburg\/wp-json\/wp\/v2\/types\/post"}],"author":[{"embeddable":true,"href":"https:\/\/die-webzeitung.de\/ludwigsburg\/wp-json\/wp\/v2\/users\/4"}],"replies":[{"embeddable":true,"href":"https:\/\/die-webzeitung.de\/ludwigsburg\/wp-json\/wp\/v2\/comments?post=176976"}],"version-history":[{"count":1,"href":"https:\/\/die-webzeitung.de\/ludwigsburg\/wp-json\/wp\/v2\/posts\/176976\/revisions"}],"predecessor-version":[{"id":176978,"href":"https:\/\/die-webzeitung.de\/ludwigsburg\/wp-json\/wp\/v2\/posts\/176976\/revisions\/176978"}],"wp:featuredmedia":[{"embeddable":true,"href":"https:\/\/die-webzeitung.de\/ludwigsburg\/wp-json\/wp\/v2\/media\/176977"}],"wp:attachment":[{"href":"https:\/\/die-webzeitung.de\/ludwigsburg\/wp-json\/wp\/v2\/media?parent=176976"}],"wp:term":[{"taxonomy":"category","embeddable":true,"href":"https:\/\/die-webzeitung.de\/ludwigsburg\/wp-json\/wp\/v2\/categories?post=176976"},{"taxonomy":"post_tag","embeddable":true,"href":"https:\/\/die-webzeitung.de\/ludwigsburg\/wp-json\/wp\/v2\/tags?post=176976"}],"curies":[{"name":"wp","href":"https:\/\/api.w.org\/{rel}","templated":true}]}}