{"id":176813,"date":"2025-04-29T14:20:01","date_gmt":"2025-04-29T13:20:01","guid":{"rendered":"https:\/\/die-webzeitung.de\/ludwigsburg\/?p=176813"},"modified":"2025-12-05T11:46:30","modified_gmt":"2025-12-05T10:46:30","slug":"mitgliederversammlung-bei-freibergs-groesstem-verein","status":"publish","type":"post","link":"https:\/\/die-webzeitung.de\/ludwigsburg\/2025\/04\/29\/mitgliederversammlung-bei-freibergs-groesstem-verein\/","title":{"rendered":"Mitgliederversammlung bei Freibergs gr\u00f6\u00dftem Verein"},"content":{"rendered":"<h3 style=\"text-align: justify;\"><strong>TuS Freiberg blickt auf ein erfolgreiches Jahr zur\u00fcck. Zahlreiche Ehrungen langj\u00e4hriger Mitglieder zeigt die Verbundenheit zum Vereinsleben.<\/strong><\/h3>\n<p style=\"text-align: justify;\">Freiberg a. N.| Am 11. April trafen sich Mitglieder des TuS Freiberg zu ihrer allj\u00e4hrlichen Mitgliederversammlung im Prisma. Nach Feststellung \u00fcber die satzungsgem\u00e4\u00dfe Einhaltung der Einladungsfrist und der entsprechenden Ver\u00f6ffentlichungen nahmen die Vorstandsmitglieder die Ehrung f\u00fcr langj\u00e4hrige Mitgliedschaft an eingeladenen und Mitgliedern vor.<\/p>\n<p style=\"text-align: justify;\">Pers\u00f6nlich geehrt f\u00fcr 25 Jahre Mitgliedschaft im Verein wurden: Jahre Wolfgang Lehle, Claudia Mahn, Waltraud Metzger, Karlheinz Nahr und Sebastian St\u00f6hrer.<\/p>\n<p style=\"text-align: justify;\">F\u00fcr 40 Jahre Mitgliedschaft konnten Herbert Heske, Josef Kruger, Uwe Luckscheiter und Birgit Reich Urkunden und kleines Pr\u00e4sent \u00fcberreicht werden.<\/p>\n<p style=\"text-align: justify;\">50 Jahre Mitgliedschaft im Verein betraf Falk Lorenz und Runhild B\u00f6hrkircher konnte sich nach 70 Jahren Mitgliedschaft \u00fcber einen Pr\u00e4sentkorb freuen.<\/p>\n<figure id=\"attachment_176815\" aria-describedby=\"caption-attachment-176815\" style=\"width: 696px\" class=\"wp-caption aligncenter\"><a href=\"https:\/\/die-webzeitung.de\/ludwigsburg\/wp-content\/uploads\/sites\/5\/2025\/04\/Ehrung-Waltraud-scaled.jpg\"><img loading=\"lazy\" decoding=\"async\" class=\"wp-image-176815 size-large\" src=\"https:\/\/die-webzeitung.de\/ludwigsburg\/wp-content\/uploads\/sites\/5\/2025\/04\/Ehrung-Waltraud-scaled-large.jpg\" alt=\"\" width=\"696\" height=\"461\" srcset=\"https:\/\/die-webzeitung.de\/ludwigsburg\/wp-content\/uploads\/sites\/5\/2025\/04\/Ehrung-Waltraud-scaled-large.jpg 1024w, https:\/\/die-webzeitung.de\/ludwigsburg\/wp-content\/uploads\/sites\/5\/2025\/04\/Ehrung-Waltraud-300x199.jpg 300w, https:\/\/die-webzeitung.de\/ludwigsburg\/wp-content\/uploads\/sites\/5\/2025\/04\/Ehrung-Waltraud-768x509.jpg 768w, https:\/\/die-webzeitung.de\/ludwigsburg\/wp-content\/uploads\/sites\/5\/2025\/04\/Ehrung-Waltraud-1536x1017.jpg 1536w, https:\/\/die-webzeitung.de\/ludwigsburg\/wp-content\/uploads\/sites\/5\/2025\/04\/Ehrung-Waltraud-2048x1356.jpg 2048w, https:\/\/die-webzeitung.de\/ludwigsburg\/wp-content\/uploads\/sites\/5\/2025\/04\/Ehrung-Waltraud-634x420.jpg 634w, https:\/\/die-webzeitung.de\/ludwigsburg\/wp-content\/uploads\/sites\/5\/2025\/04\/Ehrung-Waltraud-150x99.jpg 150w, https:\/\/die-webzeitung.de\/ludwigsburg\/wp-content\/uploads\/sites\/5\/2025\/04\/Ehrung-Waltraud-696x461.jpg 696w, https:\/\/die-webzeitung.de\/ludwigsburg\/wp-content\/uploads\/sites\/5\/2025\/04\/Ehrung-Waltraud-scaled.jpg 1068w, https:\/\/die-webzeitung.de\/ludwigsburg\/wp-content\/uploads\/sites\/5\/2025\/04\/Ehrung-Waltraud-1920x1272.jpg 1920w\" sizes=\"auto, (max-width: 696px) 100vw, 696px\" \/><\/a><figcaption id=\"caption-attachment-176815\" class=\"wp-caption-text\">Waltrauf Metzger ist seit 40 Jahren im Verein | Foto: TuS 1899 Freiberg e.V.<\/figcaption><\/figure>\n<p style=\"text-align: justify;\">Joachim Walzer erhielt eine Urkunde f\u00fcr besondere Verdienste als langj\u00e4hriger Abteilungsleiter und Trainer in der Faustball-Abteilung. Waltraud Metzger aus der FitGe-Abteilung erhielt ebenfalls f\u00fcr besondere Verdienste die Ehrung. An Waltraud Metzger (Namensgleichheit) konnte die im letzten Jahr vers\u00e4umte Ehrung f\u00fcr 40 Jahre Mitgliedschaft nachgeholt werden.<\/p>\n<p style=\"text-align: justify;\">Mitglieder, die ihre Teilnahme an der Versammlung absagen mussten, erhalten ihre Urkunden zugeschickt.<\/p>\n<p style=\"text-align: justify;\">Nach einer Schweigeminute f\u00fcr die im vergangenen Jahr verstorbenen Vereinsmitglieder trug der 1. Vorsitzende, Eberhard M\u00fcller, den Vorstandsbericht f\u00fcr das Jahr 2024 (dem Jubil\u00e4umsjahr f\u00fcr 125 Jahre TuS Freiberg) vor. Im Anschluss berichtete der Gesch\u00e4ftsf\u00fchrer des TuS, Thorben Kurz, \u00fcber die Finanzen und der Bericht des Kassenpr\u00fcfers, Olaf Schmitt, schloss die Berichte ab.<\/p>\n<p style=\"text-align: justify;\">Die Entlastung von Vorstand, Hauptausschuss und Kassenpr\u00fcfer nahm unser B\u00fcrgermeister, Jan Hambach, vor, der Gru\u00dfworte der Kommune \u00fcberbrachte und sich lobenswert \u00fcber den Verein \u00e4u\u00dferte und dabei die Wichtigkeit des Vereins f\u00fcr die B\u00fcrger Freibergs betonte.<a href=\"https:\/\/die-webzeitung.de\/ludwigsburg\/wp-content\/uploads\/sites\/5\/2025\/04\/Ehrung-Joachim-Walzer-scaled.jpg\"><img loading=\"lazy\" decoding=\"async\" class=\"aligncenter size-large wp-image-176816\" src=\"https:\/\/die-webzeitung.de\/ludwigsburg\/wp-content\/uploads\/sites\/5\/2025\/04\/Ehrung-Joachim-Walzer-scaled-large.jpg\" alt=\"\" width=\"696\" height=\"461\" srcset=\"https:\/\/die-webzeitung.de\/ludwigsburg\/wp-content\/uploads\/sites\/5\/2025\/04\/Ehrung-Joachim-Walzer-scaled-large.jpg 1024w, https:\/\/die-webzeitung.de\/ludwigsburg\/wp-content\/uploads\/sites\/5\/2025\/04\/Ehrung-Joachim-Walzer-300x199.jpg 300w, https:\/\/die-webzeitung.de\/ludwigsburg\/wp-content\/uploads\/sites\/5\/2025\/04\/Ehrung-Joachim-Walzer-768x509.jpg 768w, https:\/\/die-webzeitung.de\/ludwigsburg\/wp-content\/uploads\/sites\/5\/2025\/04\/Ehrung-Joachim-Walzer-1536x1017.jpg 1536w, https:\/\/die-webzeitung.de\/ludwigsburg\/wp-content\/uploads\/sites\/5\/2025\/04\/Ehrung-Joachim-Walzer-2048x1356.jpg 2048w, https:\/\/die-webzeitung.de\/ludwigsburg\/wp-content\/uploads\/sites\/5\/2025\/04\/Ehrung-Joachim-Walzer-634x420.jpg 634w, https:\/\/die-webzeitung.de\/ludwigsburg\/wp-content\/uploads\/sites\/5\/2025\/04\/Ehrung-Joachim-Walzer-150x99.jpg 150w, https:\/\/die-webzeitung.de\/ludwigsburg\/wp-content\/uploads\/sites\/5\/2025\/04\/Ehrung-Joachim-Walzer-696x461.jpg 696w, https:\/\/die-webzeitung.de\/ludwigsburg\/wp-content\/uploads\/sites\/5\/2025\/04\/Ehrung-Joachim-Walzer-scaled.jpg 1068w, https:\/\/die-webzeitung.de\/ludwigsburg\/wp-content\/uploads\/sites\/5\/2025\/04\/Ehrung-Joachim-Walzer-1920x1272.jpg 1920w\" sizes=\"auto, (max-width: 696px) 100vw, 696px\" \/><\/a>Durch die Teilnehmer der Versammlung wurde einstimmig beschlossen, dass die in der Satzung verankerte 2%ige Beitragsanpassung auch f\u00fcr die Jahre 2026 und 2027 ausgesetzt wird.<\/p>\n<p style=\"text-align: justify;\">Der 2. Vorsitzende, Christopher Herrmann, berichtete \u00fcber den Planungsstand f\u00fcr das Sportvereinszentrum, das nach wie vor eine existenzielle Notwendigkeit f\u00fcr den TuS Freiberg ist und die Planung lediglich w\u00e4hrend der Wahlen f\u00fcr B\u00fcrgermeister und Gemeinderat pausieren musste.<\/p>\n<p style=\"text-align: justify;\">Zum Abschluss verwies der 1. Vorsitzende noch auf gr\u00f6\u00dfere Veranstaltungen im Jahr 2025 und forderte die Anwesenden auf, die Abteilungen durch den Besuch der Veranstaltungen zu unterst\u00fctzen.<\/p>\n<p style=\"text-align: justify;\">Gegen 21:30 wurde die Versammlung beendet und der Vorstand bedankte sich f\u00fcr die Teilnahme.<\/p>\n<hr \/>\n<p style=\"text-align: justify;\">\n","protected":false},"excerpt":{"rendered":"<p>TuS Freiberg blickt auf ein erfolgreiches Jahr zur\u00fcck. Zahlreiche Ehrungen langj\u00e4hriger Mitglieder zeigt die Verbundenheit zum Vereinsleben. Freiberg a. N.| Am 11. April trafen sich Mitglieder des TuS Freiberg zu ihrer allj\u00e4hrlichen Mitgliederversammlung im Prisma. Nach Feststellung \u00fcber die satzungsgem\u00e4\u00dfe Einhaltung der Einladungsfrist und der entsprechenden Ver\u00f6ffentlichungen nahmen die Vorstandsmitglieder die Ehrung f\u00fcr langj\u00e4hrige Mitgliedschaft [&hellip;]<\/p>\n","protected":false},"author":4,"featured_media":176814,"comment_status":"closed","ping_status":"open","sticky":false,"template":"","format":"standard","meta":{"inline_featured_image":false,"_exactmetrics_skip_tracking":false,"_exactmetrics_sitenote_active":false,"_exactmetrics_sitenote_note":"","_exactmetrics_sitenote_category":0,"tdm_status":"","tdm_grid_status":"","footnotes":""},"categories":[65],"tags":[],"class_list":{"0":"post-176813","1":"post","2":"type-post","3":"status-publish","4":"format-standard","5":"has-post-thumbnail","7":"category-kreis_ludwigsburg"},"image_feature":"https:\/\/die-webzeitung.de\/ludwigsburg\/wp-content\/uploads\/sites\/5\/2025\/04\/Ehrungen-scaled.jpg","author_name":"Redaktion","pure_taxonomies":{"categories":[{"term_id":65,"name":"Kreis Ludwigsburg","slug":"kreis_ludwigsburg","term_group":0,"term_taxonomy_id":66,"taxonomy":"category","description":"","parent":171,"count":628,"filter":"raw","image":""}]},"_links":{"self":[{"href":"https:\/\/die-webzeitung.de\/ludwigsburg\/wp-json\/wp\/v2\/posts\/176813","targetHints":{"allow":["GET"]}}],"collection":[{"href":"https:\/\/die-webzeitung.de\/ludwigsburg\/wp-json\/wp\/v2\/posts"}],"about":[{"href":"https:\/\/die-webzeitung.de\/ludwigsburg\/wp-json\/wp\/v2\/types\/post"}],"author":[{"embeddable":true,"href":"https:\/\/die-webzeitung.de\/ludwigsburg\/wp-json\/wp\/v2\/users\/4"}],"replies":[{"embeddable":true,"href":"https:\/\/die-webzeitung.de\/ludwigsburg\/wp-json\/wp\/v2\/comments?post=176813"}],"version-history":[{"count":3,"href":"https:\/\/die-webzeitung.de\/ludwigsburg\/wp-json\/wp\/v2\/posts\/176813\/revisions"}],"predecessor-version":[{"id":176819,"href":"https:\/\/die-webzeitung.de\/ludwigsburg\/wp-json\/wp\/v2\/posts\/176813\/revisions\/176819"}],"wp:featuredmedia":[{"embeddable":true,"href":"https:\/\/die-webzeitung.de\/ludwigsburg\/wp-json\/wp\/v2\/media\/176814"}],"wp:attachment":[{"href":"https:\/\/die-webzeitung.de\/ludwigsburg\/wp-json\/wp\/v2\/media?parent=176813"}],"wp:term":[{"taxonomy":"category","embeddable":true,"href":"https:\/\/die-webzeitung.de\/ludwigsburg\/wp-json\/wp\/v2\/categories?post=176813"},{"taxonomy":"post_tag","embeddable":true,"href":"https:\/\/die-webzeitung.de\/ludwigsburg\/wp-json\/wp\/v2\/tags?post=176813"}],"curies":[{"name":"wp","href":"https:\/\/api.w.org\/{rel}","templated":true}]}}