{"id":176589,"date":"2025-04-08T16:24:58","date_gmt":"2025-04-08T15:24:58","guid":{"rendered":"https:\/\/die-webzeitung.de\/ludwigsburg\/?p=176589"},"modified":"2025-04-08T16:24:58","modified_gmt":"2025-04-08T15:24:58","slug":"gehbehinderte-koennen-eigenen-parkplatz-verlangen","status":"publish","type":"post","link":"https:\/\/die-webzeitung.de\/ludwigsburg\/2025\/04\/08\/gehbehinderte-koennen-eigenen-parkplatz-verlangen\/","title":{"rendered":"Gehbehinderte k\u00f6nnen eigenen Parkplatz verlangen"},"content":{"rendered":"<p style=\"text-align: justify;\"><strong>Eine Kommune muss gehbehinderten Besitzerinnen und Besitzern eines Fahrzeugs einen personenbezogenen Parkplatz in der N\u00e4he ihrer Wohnung einrichten, wenn keine andere zumutbare Parkm\u00f6glichkeit besteht. Die W\u00fcrttembergische Versicherung AG, ein Unternehmen der W&amp;W-Gruppe, weist auf ein aktuelles Urteil des Verwaltungsgerichts Gelsenkirchen (14 K 140\/24) hin.<\/strong><\/p>\n<p style=\"text-align: justify;\">Ein 77-j\u00e4hriger stark gehbehinderter Mann verlangte von der Stadt, dass ihm in der N\u00e4he seines Hauses ein pers\u00f6nlicher Parkplatz f\u00fcr Schwerbehinderte eingerichtet wird. Er verf\u00fcge zwar \u00fcber eine Garage im Untergeschoss seines Hauses. Aber er sei nicht mehr in der Lage, die absch\u00fcssige Zufahrt und die Teile der Kellertreppe zu seiner Garage zu gehen. Die Stadt strahlte die Kennzeichnung ab, da der Mann auf der Stra\u00dfe vor der Zufahrt zu seiner Garage parken konnte. Das sei zwar verboten, aber sie werde gegen den Mann kein Bu\u00dfgeld verh\u00e4ngen.<\/p>\n<p style=\"text-align: justify;\">Damit wollte sich der Mann nicht begn\u00fcgen, zumal st\u00e4ndig andere Leute vor seiner Einfahrt parkten. Er klagte vor dem Verwaltungsgericht und bekam Recht. Laut dem Urteil k\u00f6nnen behinderte Personen einen personenbezogenen Parkplatz verlangen, wenn in der Umgebung ein Mangel an Parkpl\u00e4tzen bestehe und sie \u00fcber keine gesicherte und zumutbare Parkm\u00f6glichkeit in unmittelbarer N\u00e4he zur Wohnung verf\u00fcgt. Beides bejahte das Gericht. Der Mann d\u00fcrfe auch nicht ohne Weiteres auf der Stra\u00dfe vor der Zufahrt zu seiner Garage parken. Dort war n\u00e4mlich der Bordstein des Gehwegs abgesenkt. Dies diene nicht nur der Zufahrt, sondern auch anderen behinderten Menschen, den Gehweg erleichtert zu betreten. Der Mann konnte daher dort nur legal parken, wenn ihm ein personenbezogener Parkplatz eingerichtet wurde.<\/p>\n<hr \/>\n<p style=\"text-align: justify;\">\n","protected":false},"excerpt":{"rendered":"<p>Eine Kommune muss gehbehinderten Besitzerinnen und Besitzern eines Fahrzeugs einen personenbezogenen Parkplatz in der N\u00e4he ihrer Wohnung einrichten, wenn keine andere zumutbare Parkm\u00f6glichkeit besteht. Die W\u00fcrttembergische Versicherung AG, ein Unternehmen der W&amp;W-Gruppe, weist auf ein aktuelles Urteil des Verwaltungsgerichts Gelsenkirchen (14 K 140\/24) hin. Ein 77-j\u00e4hriger stark gehbehinderter Mann verlangte von der Stadt, dass ihm [&hellip;]<\/p>\n","protected":false},"author":4,"featured_media":0,"comment_status":"closed","ping_status":"open","sticky":false,"template":"","format":"standard","meta":{"inline_featured_image":false,"_exactmetrics_skip_tracking":false,"_exactmetrics_sitenote_active":false,"_exactmetrics_sitenote_note":"","_exactmetrics_sitenote_category":0,"tdm_status":"","tdm_grid_status":"","footnotes":""},"categories":[8],"tags":[8875,12856,68,8749],"class_list":{"0":"post-176589","1":"post","2":"type-post","3":"status-publish","4":"format-standard","6":"category-ratgeber-leben","7":"tag-die-webzeitung","8":"tag-gehbehindert","9":"tag-online-zeitung","10":"tag-parkplatz"},"image_feature":null,"author_name":"Redaktion","pure_taxonomies":{"categories":[{"term_id":8,"name":"Ratgeber","slug":"ratgeber-leben","term_group":0,"term_taxonomy_id":8,"taxonomy":"category","description":"","parent":482,"count":380,"filter":"raw","image":""}],"tags":[{"term_id":8875,"name":"Die-Webzeitung","slug":"die-webzeitung","term_group":0,"term_taxonomy_id":8876,"taxonomy":"post_tag","description":"","parent":0,"count":4255,"filter":"raw","image":""},{"term_id":12856,"name":"Gehbehindert","slug":"gehbehindert","term_group":0,"term_taxonomy_id":12857,"taxonomy":"post_tag","description":"","parent":0,"count":1,"filter":"raw","image":""},{"term_id":68,"name":"Online-Zeitung","slug":"online-zeitung","term_group":0,"term_taxonomy_id":69,"taxonomy":"post_tag","description":"","parent":0,"count":4204,"filter":"raw","image":""},{"term_id":8749,"name":"Parkplatz","slug":"parkplatz","term_group":0,"term_taxonomy_id":8750,"taxonomy":"post_tag","description":"","parent":0,"count":3,"filter":"raw","image":""}]},"_links":{"self":[{"href":"https:\/\/die-webzeitung.de\/ludwigsburg\/wp-json\/wp\/v2\/posts\/176589","targetHints":{"allow":["GET"]}}],"collection":[{"href":"https:\/\/die-webzeitung.de\/ludwigsburg\/wp-json\/wp\/v2\/posts"}],"about":[{"href":"https:\/\/die-webzeitung.de\/ludwigsburg\/wp-json\/wp\/v2\/types\/post"}],"author":[{"embeddable":true,"href":"https:\/\/die-webzeitung.de\/ludwigsburg\/wp-json\/wp\/v2\/users\/4"}],"replies":[{"embeddable":true,"href":"https:\/\/die-webzeitung.de\/ludwigsburg\/wp-json\/wp\/v2\/comments?post=176589"}],"version-history":[{"count":1,"href":"https:\/\/die-webzeitung.de\/ludwigsburg\/wp-json\/wp\/v2\/posts\/176589\/revisions"}],"predecessor-version":[{"id":176590,"href":"https:\/\/die-webzeitung.de\/ludwigsburg\/wp-json\/wp\/v2\/posts\/176589\/revisions\/176590"}],"wp:attachment":[{"href":"https:\/\/die-webzeitung.de\/ludwigsburg\/wp-json\/wp\/v2\/media?parent=176589"}],"wp:term":[{"taxonomy":"category","embeddable":true,"href":"https:\/\/die-webzeitung.de\/ludwigsburg\/wp-json\/wp\/v2\/categories?post=176589"},{"taxonomy":"post_tag","embeddable":true,"href":"https:\/\/die-webzeitung.de\/ludwigsburg\/wp-json\/wp\/v2\/tags?post=176589"}],"curies":[{"name":"wp","href":"https:\/\/api.w.org\/{rel}","templated":true}]}}