{"id":176509,"date":"2025-04-02T17:19:51","date_gmt":"2025-04-02T16:19:51","guid":{"rendered":"https:\/\/die-webzeitung.de\/ludwigsburg\/?p=176509"},"modified":"2025-04-02T17:19:51","modified_gmt":"2025-04-02T16:19:51","slug":"van-life-trifft-seen-paradies","status":"publish","type":"post","link":"https:\/\/die-webzeitung.de\/ludwigsburg\/2025\/04\/02\/van-life-trifft-seen-paradies\/","title":{"rendered":"Van-Life trifft Seen-Paradies"},"content":{"rendered":"<h3 style=\"text-align: justify;\"><strong>Campen auf der sonnigen S\u00fcdseite der Alpen<\/strong><\/h3>\n<p style=\"text-align: justify;\">K\u00e4rnten, das s\u00fcdlichste Bundesland \u00d6sterreichs, ist nicht nur f\u00fcr seine sanfte H\u00fcgel- und beeindruckende Bergwelt bekannt, sondern auch f\u00fcr seine unz\u00e4hligen, herrlich warmen Seen, die sich wie Perlen in der Landschaft aneinanderreihen. Das ideale Ziel f\u00fcr Van-Liebhaber und Outdoor-Enthusiasten, die den Sommer in der Natur genie\u00dfen wollen \u2013 und genau dazu l\u00e4dt das 1. Van-Festival \u201eGates of Summer\u201c im Alpen-Adria-Raum ein.<\/p>\n<p style=\"text-align: justify;\">Inmitten dieses Seen-Paradieses \u00f6ffnet K\u00e4rnten die T\u00fcren zur neuen Saison: Das erste Communitytreffen f\u00fcr Van-Fans im S\u00fcden \u00d6sterreichs. Hier, am S\u00fcdufer des Ossiacher Sees, treffen sich zum Saisonstart erstmals Gleichgesinnte, um in einer traumhaften Umgebung die warme Jahreszeit willkommen zu hei\u00dfen. Auch die N\u00e4he zur Draustadt Villach und zur Gerlitzen Alpe sind Garanten f\u00fcr einen gelungenen und ereignisreichen Aufenthalt in dieser Region. Ab dem Fr\u00fchjahr bietet K\u00e4rnten bereits das perfekte Klima, um mediterranen Lifestyle, authentische Kulinarik und die Sch\u00f6nheit der Natur zu genie\u00dfen.<\/p>\n<h4 style=\"text-align: justify;\"><strong>Ein Wochenende voller Abenteuer und Begegnungen<\/strong><\/h4>\n<p style=\"text-align: justify;\">\u201eGates of Summer\u201c ist weit mehr als nur ein Camping-Event \u2013 es ist ein erster Treffpunkt f\u00fcr die Outdoor- &amp; Van-Community im S\u00fcden \u00d6sterreichs. Drei Tage lang k\u00f6nnen die Teilnehmer:innen am Campingplatz Seecamping Berghof ihre Leidenschaft f\u00fcr Wandern, Biken, Laufen und Wassersport ausleben. Workshops, Reisevortr\u00e4ge und Ausfl\u00fcge mit dem Schiff runden das Programm ab. Am Abend gibt es dann nichts Sch\u00f6neres, als bei einem Lagerfeuer die Erlebnisse des Tages auszutauschen und das Gemeinschaftsgef\u00fchl zu genie\u00dfen. So \u00f6ffnet \u201eGates of Summer\u201c nicht nur die Tore zum Sommer, sondern auch zu neuen Freundschaften und unvergesslichen Momenten.<\/p>\n<h4 style=\"text-align: justify;\"><strong>K\u00e4rntens Seen \u2013 Naturerlebnisse in reinster Form<\/strong><\/h4>\n<p style=\"text-align: justify;\">Die K\u00e4rntner Seen bieten eine einmalige Naturkulisse f\u00fcr Outdoor-Abenteuer. Jeder See hat seinen eigenen Charakter und seine Geschichte, doch eines haben sie alle neben dem herrlich warmen, kristallklaren Badewasser in Trinkwasserqualit\u00e4t gemeinsam: Sie tun gut. Die Seele. Dem Geist. Und dem K\u00f6rper.<\/p>\n<p style=\"text-align: justify;\">Am <strong>Ossiacher See<\/strong> , dem Treffpunkt von \u201eGates of Summer\u201c, geht es vor allem aktiv zu: Segeln, Windsurfen und Mountainbiken \u2013 der See ist ein wahres Paradies f\u00fcr Wassersportler und bietet gleichzeitig zahlreiche M\u00f6glichkeiten f\u00fcr entspannte Ausfl\u00fcge zu Aussichtspunkten oder zu den kulturellen Highlights der Umgebung, wie dem Stift Ossiach oder der Burg Landskron.<\/p>\n<p style=\"text-align: justify;\">Am <strong>W\u00f6rthersee<\/strong> , dem gr\u00f6\u00dften See K\u00e4rntens, erleben die Besucher das perfekte Zusammenspiel von Natur und Lifestyle. Das karibisch-t\u00fcrkische Wasser lockt nicht nur zum Baden, sondern auch zum Surfen und Wakesurfen. Wer es ruhiger mag, findet beim Yoga am Seeufer oder bei einer entspannten Bootsfahrt seinen Platz. Und nach einem aktiven Tag kann man sich in den Bars und Restaurants mit Seeterrassen verw\u00f6hnen lassen.<\/p>\n<p style=\"text-align: justify;\">Der <strong>Millst\u00e4tter See<\/strong> hingegen verf\u00fchrt mit mystischen Momenten. In den sanften H\u00fcgeln und rund um den Mirnock \u2013 ein Berg von sagenumwobener Bedeutung \u2013 kann man sich auf eine Reise zu Kraftpl\u00e4tzen geben. Der See ist nicht nur ein Traumziel f\u00fcr Wanderer, sondern auch f\u00fcr Genie\u00dfer, die sich mit kulinarischen K\u00f6stlichkeiten von lokalen Bauern verw\u00f6hnen lassen m\u00f6chten.<\/p>\n<p style=\"text-align: justify;\">F\u00fcr alle jene, die das Besondere suchen, ist der <strong>Wei\u00dfensee<\/strong> der richtige Ort. Auf \u00fcber 930 Metern Seeh\u00f6he gelegen, ist der Wei\u00dfensee von einer unber\u00fchrten Natur umgeben, die fast schon ein wenig magisch wirkt. Der Naturpark rund um den See ist ein Eldorado f\u00fcr nachhaltige Erlebnisse \u2013 vom Flo\u00dffahren \u00fcber Pilzexkursionen bis hin zu romantischen Pferdekutschenfahrten. Hier kann man den Alltagsstress hinter sich lassen und sich inmitten unber\u00fchrter Natur entspannen.<\/p>\n<p style=\"text-align: justify;\">Ob beim Kanu-Abenteuer auf dem <strong>Faaker See<\/strong> , im Bademanteltempo im Badehaus am <strong>Klopeiner See<\/strong> oder beim entspannten Camping am <strong>Keutschacher See<\/strong> \u2013 K\u00e4rnten bietet unz\u00e4hlige M\u00f6glichkeiten f\u00fcr naturnahe Erholung. Wer abseits des Trubels die Ruhe sucht, findet an den kleinen Badeseen wie dem <strong>Turnersee<\/strong> oder dem <strong>L\u00e4ngsee<\/strong> seinen pers\u00f6nlichen R\u00fcckzugsort. Hier kann man die Seele baumeln lassen, den Alltag vergessen und einfach das Leben genie\u00dfen.<\/p>\n<h4 style=\"text-align: justify;\"><strong>K\u00e4rnten \u2013 ein Sehnsuchtsort f\u00fcr alle Sinne<\/strong><\/h4>\n<p style=\"text-align: justify;\">Das sind nur einige der vielen Seen in K\u00e4rnten. K\u00e4rnten ist ein Paradies f\u00fcr alle, die Wasser in all seinen Facetten lieben. Die perfekte Mischung aus erstklassigen Campingpl\u00e4tzen mit herzlichen Gastgebern und der magischen Sch\u00f6nheit der K\u00e4rntner Seenlandschaft macht einen Urlaub in K\u00e4rnten zu einem unvergesslichen Urlaubserlebnis \u2013 hier, wo die Sonne die Landschaft in ein goldenes Licht taucht, findet jeder seinen pers\u00f6nlichen Sehnsuchtsort.<\/p>\n<p style=\"text-align: justify;\"><strong>Tore des Sommers:\u00a0<\/strong>24.-27. April 2025\u00a0Seecamping Berghof am Ossiacher See<br \/>\nWeitere Infos: <span class=\"gmail-notranslate\"><a href=\"https:\/\/vansandfriends.de\/gos\" target=\"_blank\" rel=\"noopener noreferrer\">https:\/\/vansandfriends.de\/gos<\/a><\/span><\/p>\n<hr \/>\n<p style=\"text-align: justify;\">\n","protected":false},"excerpt":{"rendered":"<p>Campen auf der sonnigen S\u00fcdseite der Alpen K\u00e4rnten, das s\u00fcdlichste Bundesland \u00d6sterreichs, ist nicht nur f\u00fcr seine sanfte H\u00fcgel- und beeindruckende Bergwelt bekannt, sondern auch f\u00fcr seine unz\u00e4hligen, herrlich warmen Seen, die sich wie Perlen in der Landschaft aneinanderreihen. Das ideale Ziel f\u00fcr Van-Liebhaber und Outdoor-Enthusiasten, die den Sommer in der Natur genie\u00dfen wollen \u2013 [&hellip;]<\/p>\n","protected":false},"author":4,"featured_media":176510,"comment_status":"closed","ping_status":"open","sticky":false,"template":"","format":"standard","meta":{"inline_featured_image":false,"_exactmetrics_skip_tracking":false,"_exactmetrics_sitenote_active":false,"_exactmetrics_sitenote_note":"","_exactmetrics_sitenote_category":0,"tdm_status":"","tdm_grid_status":"","footnotes":""},"categories":[89],"tags":[8875,12847,68,9],"class_list":{"0":"post-176509","1":"post","2":"type-post","3":"status-publish","4":"format-standard","5":"has-post-thumbnail","7":"category-reisezeit","8":"tag-die-webzeitung","9":"tag-kaernten","10":"tag-online-zeitung","11":"tag-schaumedia"},"image_feature":"https:\/\/die-webzeitung.de\/ludwigsburg\/wp-content\/uploads\/sites\/5\/2025\/04\/kaernten2-scaled.jpg","author_name":"Redaktion","pure_taxonomies":{"categories":[{"term_id":89,"name":"Freizeit &amp; Reise","slug":"reisezeit","term_group":0,"term_taxonomy_id":90,"taxonomy":"category","description":"","parent":482,"count":33,"filter":"raw","image":""}],"tags":[{"term_id":8875,"name":"Die-Webzeitung","slug":"die-webzeitung","term_group":0,"term_taxonomy_id":8876,"taxonomy":"post_tag","description":"","parent":0,"count":4255,"filter":"raw","image":""},{"term_id":12847,"name":"K\u00e4rnten","slug":"kaernten","term_group":0,"term_taxonomy_id":12848,"taxonomy":"post_tag","description":"","parent":0,"count":1,"filter":"raw","image":""},{"term_id":68,"name":"Online-Zeitung","slug":"online-zeitung","term_group":0,"term_taxonomy_id":69,"taxonomy":"post_tag","description":"","parent":0,"count":4204,"filter":"raw","image":""},{"term_id":9,"name":"SchauMedia","slug":"schaumedia","term_group":0,"term_taxonomy_id":9,"taxonomy":"post_tag","description":"","parent":0,"count":1582,"filter":"raw","image":""}]},"_links":{"self":[{"href":"https:\/\/die-webzeitung.de\/ludwigsburg\/wp-json\/wp\/v2\/posts\/176509","targetHints":{"allow":["GET"]}}],"collection":[{"href":"https:\/\/die-webzeitung.de\/ludwigsburg\/wp-json\/wp\/v2\/posts"}],"about":[{"href":"https:\/\/die-webzeitung.de\/ludwigsburg\/wp-json\/wp\/v2\/types\/post"}],"author":[{"embeddable":true,"href":"https:\/\/die-webzeitung.de\/ludwigsburg\/wp-json\/wp\/v2\/users\/4"}],"replies":[{"embeddable":true,"href":"https:\/\/die-webzeitung.de\/ludwigsburg\/wp-json\/wp\/v2\/comments?post=176509"}],"version-history":[{"count":1,"href":"https:\/\/die-webzeitung.de\/ludwigsburg\/wp-json\/wp\/v2\/posts\/176509\/revisions"}],"predecessor-version":[{"id":176511,"href":"https:\/\/die-webzeitung.de\/ludwigsburg\/wp-json\/wp\/v2\/posts\/176509\/revisions\/176511"}],"wp:featuredmedia":[{"embeddable":true,"href":"https:\/\/die-webzeitung.de\/ludwigsburg\/wp-json\/wp\/v2\/media\/176510"}],"wp:attachment":[{"href":"https:\/\/die-webzeitung.de\/ludwigsburg\/wp-json\/wp\/v2\/media?parent=176509"}],"wp:term":[{"taxonomy":"category","embeddable":true,"href":"https:\/\/die-webzeitung.de\/ludwigsburg\/wp-json\/wp\/v2\/categories?post=176509"},{"taxonomy":"post_tag","embeddable":true,"href":"https:\/\/die-webzeitung.de\/ludwigsburg\/wp-json\/wp\/v2\/tags?post=176509"}],"curies":[{"name":"wp","href":"https:\/\/api.w.org\/{rel}","templated":true}]}}