{"id":176506,"date":"2025-04-02T14:20:08","date_gmt":"2025-04-02T13:20:08","guid":{"rendered":"https:\/\/die-webzeitung.de\/ludwigsburg\/?p=176506"},"modified":"2025-04-02T14:20:08","modified_gmt":"2025-04-02T13:20:08","slug":"kreissparkasse-ist-ausgezeichneter-partner-fuer-foerderkreditberatung","status":"publish","type":"post","link":"https:\/\/die-webzeitung.de\/ludwigsburg\/2025\/04\/02\/kreissparkasse-ist-ausgezeichneter-partner-fuer-foerderkreditberatung\/","title":{"rendered":"Kreissparkasse ist ausgezeichneter Partner f\u00fcr\u00a0F\u00f6rderkreditberatung"},"content":{"rendered":"<p style=\"text-align: justify;\">Ludwigsburg.| Die Landesbank Baden-W\u00fcrttemberg (LBBW) hat die Kreissparkasse Ludwigsburg erneut als &#8220;Premium-Partner F\u00f6rderberatung&#8221; ausgezeichnet. Damit w\u00fcrdigt die LBBW die herausragende Beratungsleistung im F\u00f6rderkreditgesch\u00e4ft. Mit \u00fcber 42 Millionen Euro an F\u00f6rderdarlehen hat die Kreissparkasse im Jahr 2024 zahlreiche Unternehmen und Privatpersonen im Landkreis unterst\u00fctzt \u2013 sei es bei Investitionen in die Wirtschaft als auch in energetische Sanierungsma\u00dfnahmen.<\/p>\n<p style=\"text-align: justify;\">Die Finanzierungsspezialisten kennen alle relevanten F\u00f6rderm\u00f6glichkeiten und helfen dabei, finanzielle Vorteile optimal zu nutzen. \u201eWir sind stolz darauf, einen aktiven Beitrag zur wirtschaftlichen Entwicklung und zur Energiewende in der Region zu leisten. \u00dcber die erneute Auszeichnung freuen wir uns sehr. Das ist eine Best\u00e4tigung unserer Arbeit und ein Ansporn f\u00fcr die Zukunft&#8221;, sagt Dr. Heinz-Werner Schulte, Vorstandsvorsitzender der Kreissparkasse.<\/p>\n<p style=\"text-align: justify;\">\u201eAls Marktf\u00fchrer im Kreis setzen wir uns daf\u00fcr ein, dass unsere Kundinnen und Kunden ihre Investitionen bestm\u00f6glich finanzieren k\u00f6nnen. Besonders stolz sind wir auf den hohen Anteil der ausgereichten F\u00f6rdermittel mit Nachhaltigkeitsmerkmalen. Bei 33% der von der Kreissparkasse Ludwigsburg im Jahr 2024 ausgereichten F\u00f6rderkrediten handelt sich um Kredite f\u00fcr \u00f6kologische Zwecke. Damit konnten wir einen wichtigen Beitrag zur Unterst\u00fctzung der regionalen Wirtschaft und zur Energiewende leisten\u201c, erg\u00e4nzt Vorstandsmitglied Thomas Raab und dankt der LBBW f\u00fcr die Auszeichnung. \u201eWir freuen uns auf die weitere, erfolgreiche Zusammenarbeit.\u201c<\/p>\n<p style=\"text-align: justify;\">Investitionen schaffen die Voraussetzung f\u00fcr Wettbewerbsf\u00e4higkeit, Wirtschaftswachstum und Wohlstand. Die gesamtwirtschaftliche Entwicklung im Land f\u00fchrte 2024 zu einem deutlichen Investitionsr\u00fcckgang der Unternehmen und bei Wohnungsbauvorhaben. F\u00f6rderkredite z\u00e4hlen nach wie vor zu den attraktiven Finanzierungformen f\u00fcr gewerbliche und wohnwirtschaftliche Investitionen.<\/p>\n<hr \/>\n<p style=\"text-align: justify;\">\n","protected":false},"excerpt":{"rendered":"<p>Ludwigsburg.| Die Landesbank Baden-W\u00fcrttemberg (LBBW) hat die Kreissparkasse Ludwigsburg erneut als &#8220;Premium-Partner F\u00f6rderberatung&#8221; ausgezeichnet. Damit w\u00fcrdigt die LBBW die herausragende Beratungsleistung im F\u00f6rderkreditgesch\u00e4ft. Mit \u00fcber 42 Millionen Euro an F\u00f6rderdarlehen hat die Kreissparkasse im Jahr 2024 zahlreiche Unternehmen und Privatpersonen im Landkreis unterst\u00fctzt \u2013 sei es bei Investitionen in die Wirtschaft als auch in energetische [&hellip;]<\/p>\n","protected":false},"author":4,"featured_media":0,"comment_status":"closed","ping_status":"open","sticky":false,"template":"","format":"standard","meta":{"inline_featured_image":false,"_exactmetrics_skip_tracking":false,"_exactmetrics_sitenote_active":false,"_exactmetrics_sitenote_note":"","_exactmetrics_sitenote_category":0,"tdm_status":"","tdm_grid_status":"","footnotes":""},"categories":[479],"tags":[8875,177,68,9],"class_list":{"0":"post-176506","1":"post","2":"type-post","3":"status-publish","4":"format-standard","6":"category-wirtschaft","7":"tag-die-webzeitung","8":"tag-kreissparkasse","9":"tag-online-zeitung","10":"tag-schaumedia"},"image_feature":null,"author_name":"Redaktion","pure_taxonomies":{"categories":[{"term_id":479,"name":"Wirtschaft","slug":"wirtschaft","term_group":0,"term_taxonomy_id":1941,"taxonomy":"category","description":"","parent":0,"count":391,"filter":"raw","image":""}],"tags":[{"term_id":8875,"name":"Die-Webzeitung","slug":"die-webzeitung","term_group":0,"term_taxonomy_id":8876,"taxonomy":"post_tag","description":"","parent":0,"count":4249,"filter":"raw","image":""},{"term_id":177,"name":"Kreissparkasse","slug":"kreissparkasse","term_group":0,"term_taxonomy_id":179,"taxonomy":"post_tag","description":"","parent":0,"count":185,"filter":"raw","image":""},{"term_id":68,"name":"Online-Zeitung","slug":"online-zeitung","term_group":0,"term_taxonomy_id":69,"taxonomy":"post_tag","description":"","parent":0,"count":4198,"filter":"raw","image":""},{"term_id":9,"name":"SchauMedia","slug":"schaumedia","term_group":0,"term_taxonomy_id":9,"taxonomy":"post_tag","description":"","parent":0,"count":1582,"filter":"raw","image":""}]},"_links":{"self":[{"href":"https:\/\/die-webzeitung.de\/ludwigsburg\/wp-json\/wp\/v2\/posts\/176506","targetHints":{"allow":["GET"]}}],"collection":[{"href":"https:\/\/die-webzeitung.de\/ludwigsburg\/wp-json\/wp\/v2\/posts"}],"about":[{"href":"https:\/\/die-webzeitung.de\/ludwigsburg\/wp-json\/wp\/v2\/types\/post"}],"author":[{"embeddable":true,"href":"https:\/\/die-webzeitung.de\/ludwigsburg\/wp-json\/wp\/v2\/users\/4"}],"replies":[{"embeddable":true,"href":"https:\/\/die-webzeitung.de\/ludwigsburg\/wp-json\/wp\/v2\/comments?post=176506"}],"version-history":[{"count":1,"href":"https:\/\/die-webzeitung.de\/ludwigsburg\/wp-json\/wp\/v2\/posts\/176506\/revisions"}],"predecessor-version":[{"id":176507,"href":"https:\/\/die-webzeitung.de\/ludwigsburg\/wp-json\/wp\/v2\/posts\/176506\/revisions\/176507"}],"wp:attachment":[{"href":"https:\/\/die-webzeitung.de\/ludwigsburg\/wp-json\/wp\/v2\/media?parent=176506"}],"wp:term":[{"taxonomy":"category","embeddable":true,"href":"https:\/\/die-webzeitung.de\/ludwigsburg\/wp-json\/wp\/v2\/categories?post=176506"},{"taxonomy":"post_tag","embeddable":true,"href":"https:\/\/die-webzeitung.de\/ludwigsburg\/wp-json\/wp\/v2\/tags?post=176506"}],"curies":[{"name":"wp","href":"https:\/\/api.w.org\/{rel}","templated":true}]}}