{"id":176426,"date":"2025-03-27T11:51:03","date_gmt":"2025-03-27T10:51:03","guid":{"rendered":"https:\/\/die-webzeitung.de\/ludwigsburg\/?p=176426"},"modified":"2025-03-27T11:51:03","modified_gmt":"2025-03-27T10:51:03","slug":"forum-am-schlosspark-stadt-prueft-generalsanierung","status":"publish","type":"post","link":"https:\/\/die-webzeitung.de\/ludwigsburg\/2025\/03\/27\/forum-am-schlosspark-stadt-prueft-generalsanierung\/","title":{"rendered":"Forum am Schlosspark: Stadt pr\u00fcft Generalsanierung"},"content":{"rendered":"<h3 style=\"text-align: justify;\"><strong>Bis Anfang 2026 sollen Umfang und Zeitplan feststehen<\/strong><\/h3>\n<p style=\"text-align: justify;\">Ludwigsburg.| Das Forum am Schlosspark Ludwigsburg ist eines der herausragenden Veranstaltungsh\u00e4user in den Bereichen Kultur und Kongress in Baden-W\u00fcrttemberg. In naher Zukunft k\u00f6nnte jedoch eine Generalsanierung bevorstehen. Die Stadtverwaltung hofft, dass bis Anfang 2026 auf der Grundlage laufender Untersuchungen die H\u00f6he der Kosten sowie ein zeitlicher Horizont der Generalsanierung vorliegen.<\/p>\n<p style=\"text-align: justify;\">Oberb\u00fcrgermeister Dr. Matthias Knecht unterstreicht die Bedeutung des Forums am Schosspark f\u00fcr die Barockstadt: \u201eDas Forum war seit seiner Er\u00f6ffnung 1988 die &#8216;gute Stube&#8217; der Stadtgesellschaft und ist f\u00fcr ein breites Spektrum von Akteurinnen und Akteuren aus Kunst und Kultur, Politik, Bildung und dem lebendigen Vereinsleben zu einer echten Heimat und einem Ort der Begegnung geworden. Das Haus ist mit Blick auf Architektur, Raumangebot und Struktur nach wie vor zeitgem\u00e4\u00df und modern, aber unter technischen Punkten.\u201c sanierungsbed\u00fcrftig\u201c, so der OB. \u201eWir bekennen uns ausdr\u00fccklich zu einem zukunftsf\u00e4higen Forum am Schlosspark. Klar ist aber auch, dass wir dies insbesondere vor dem Hintergrund einer ohnehin schon angespannten Haushaltslage nicht allein stemmen k\u00f6nnen, sondern hier auf F\u00f6rdermittel in erheblichem Umfang angewiesen sind.\u201c<\/p>\n<p style=\"text-align: justify;\">Mit welchem Kostenumfang und welchem Zeithorizont eine Generalsanierung verbunden w\u00e4re, wird die laufende Untersuchung von Architekten und Ingenieuren mit Blick auf unterschiedliche Geb\u00e4ude ergeben. Bis Anfang 2026 sollen hier belastbare Rahmendaten vorliegen.<\/p>\n<p style=\"text-align: justify;\">Mario Kreh ist Gesch\u00e4ftsf\u00fchrer des st\u00e4dtischen Eigenbetriebs Tourismus &amp; Events Ludwigsburg und f\u00fcr den Betrieb und die Instandhaltung des 1984 erbauten und 1988 er\u00f6ffneten Forums zust\u00e4ndig. Er geht bei einer Generalsanierung von einer mehrj\u00e4hrigen Schlie\u00dfung des Hauses aus. \u201eDie Alternative w\u00e4re, f\u00fcr einzelne Sanierungsma\u00dfnahmen das Haus jeweils \u00fcber mehrere Monate zu schlie\u00dfen, was jedoch mit Blick auf einen reibungslosen Betrieb sowohl als auch auf die Wirtschaftlichkeit die deutlich schlechtere Variante w\u00e4re\u201c, gibt Kreh zu bedenken.<\/p>\n<p style=\"text-align: justify;\">W\u00e4hrend die Bausubstanz des Forums einwandfrei sei, best\u00fcnden im technischen Bereich zahlreiche M\u00e4ngel, so Kreh. Diese reichen von der L\u00fcftung, den Wasser- und Elektroleitungen \u00fcber B\u00fchnentechnik und Betriebssysteme bis hin zu leichten Brandschutzm\u00e4ngeln. Viele Werke sind \u00fcber 40 Jahre alt und l\u00e4gen \u00fcber ihre Lebenserwartung. \u201eDies hat zur Folge, dass keine Gew\u00e4hrleistung mehr besteht und Ersatzteile nicht mehr verf\u00fcgbar sind. Auch regelm\u00e4\u00dfige Wartungen k\u00f6nnen hieran nichts ge\u00e4ndert werden.\u201c<\/p>\n<p style=\"text-align: justify;\">Lucas Reuter, Intendant der Ludwigsburger Schlossfestspiele, untermauert die herausragende Position des Hauses weit \u00fcber Baden-W\u00fcrttemberg hinaus: \u201eRenommierte K\u00fcnstlerinnen und K\u00fcnstler, Klangk\u00f6rper und Kompanien zeigen sich immer wieder begeistert vom Forum als erstklassiger Theaterbau Akustik des Forums im internationalen Vergleich.\u201c<\/p>\n<p style=\"text-align: justify;\">\u201eKaufen Sie Karten f\u00fcr die vielf\u00e4ltigen Konzerte und Veranstaltungen im Forum \u2013 der Betrieb geht erstmal v\u00f6llig normal weiter\u201c, appellierte Oberb\u00fcrgermeister Dr. Matthias Knecht an Besucherinnen und Besucher. Vorerst darf man sich auch nach wie vor auf ganz besondere Momente im Forum freuen.<\/p>\n<hr \/>\n<p style=\"text-align: justify;\">\n","protected":false},"excerpt":{"rendered":"<p>Bis Anfang 2026 sollen Umfang und Zeitplan feststehen Ludwigsburg.| Das Forum am Schlosspark Ludwigsburg ist eines der herausragenden Veranstaltungsh\u00e4user in den Bereichen Kultur und Kongress in Baden-W\u00fcrttemberg. In naher Zukunft k\u00f6nnte jedoch eine Generalsanierung bevorstehen. Die Stadtverwaltung hofft, dass bis Anfang 2026 auf der Grundlage laufender Untersuchungen die H\u00f6he der Kosten sowie ein zeitlicher Horizont [&hellip;]<\/p>\n","protected":false},"author":4,"featured_media":176427,"comment_status":"closed","ping_status":"open","sticky":false,"template":"","format":"standard","meta":{"inline_featured_image":false,"_exactmetrics_skip_tracking":false,"_exactmetrics_sitenote_active":false,"_exactmetrics_sitenote_note":"","_exactmetrics_sitenote_category":0,"tdm_status":"","tdm_grid_status":"","footnotes":""},"categories":[67],"tags":[8875,1615,6,68,9,2048],"class_list":{"0":"post-176426","1":"post","2":"type-post","3":"status-publish","4":"format-standard","5":"has-post-thumbnail","7":"category-ludwigsburg-lokal","8":"tag-die-webzeitung","9":"tag-forum","10":"tag-ludwigsburg","11":"tag-online-zeitung","12":"tag-schaumedia","13":"tag-schlosspark"},"image_feature":"https:\/\/die-webzeitung.de\/ludwigsburg\/wp-content\/uploads\/sites\/5\/2025\/03\/Forum-am-Schlosspark-Ludwigsburg-2\u00a9Tourismus__Events_Ludwigsburg_Daniel-Stauch-scaled.jpg","author_name":"Redaktion","pure_taxonomies":{"categories":[{"term_id":67,"name":"Ludwigsburg","slug":"ludwigsburg-lokal","term_group":0,"term_taxonomy_id":68,"taxonomy":"category","description":"","parent":1433,"count":653,"filter":"raw","image":""}],"tags":[{"term_id":8875,"name":"Die-Webzeitung","slug":"die-webzeitung","term_group":0,"term_taxonomy_id":8876,"taxonomy":"post_tag","description":"","parent":0,"count":4257,"filter":"raw","image":""},{"term_id":1615,"name":"Forum","slug":"forum","term_group":0,"term_taxonomy_id":1624,"taxonomy":"post_tag","description":"","parent":0,"count":6,"filter":"raw","image":""},{"term_id":6,"name":"Ludwigsburg","slug":"ludwigsburg","term_group":0,"term_taxonomy_id":6,"taxonomy":"post_tag","description":"","parent":0,"count":1353,"filter":"raw","image":""},{"term_id":68,"name":"Online-Zeitung","slug":"online-zeitung","term_group":0,"term_taxonomy_id":69,"taxonomy":"post_tag","description":"","parent":0,"count":4206,"filter":"raw","image":""},{"term_id":9,"name":"SchauMedia","slug":"schaumedia","term_group":0,"term_taxonomy_id":9,"taxonomy":"post_tag","description":"","parent":0,"count":1582,"filter":"raw","image":""},{"term_id":2048,"name":"Schlosspark","slug":"schlosspark","term_group":0,"term_taxonomy_id":2060,"taxonomy":"post_tag","description":"","parent":0,"count":2,"filter":"raw","image":""}]},"_links":{"self":[{"href":"https:\/\/die-webzeitung.de\/ludwigsburg\/wp-json\/wp\/v2\/posts\/176426","targetHints":{"allow":["GET"]}}],"collection":[{"href":"https:\/\/die-webzeitung.de\/ludwigsburg\/wp-json\/wp\/v2\/posts"}],"about":[{"href":"https:\/\/die-webzeitung.de\/ludwigsburg\/wp-json\/wp\/v2\/types\/post"}],"author":[{"embeddable":true,"href":"https:\/\/die-webzeitung.de\/ludwigsburg\/wp-json\/wp\/v2\/users\/4"}],"replies":[{"embeddable":true,"href":"https:\/\/die-webzeitung.de\/ludwigsburg\/wp-json\/wp\/v2\/comments?post=176426"}],"version-history":[{"count":1,"href":"https:\/\/die-webzeitung.de\/ludwigsburg\/wp-json\/wp\/v2\/posts\/176426\/revisions"}],"predecessor-version":[{"id":176428,"href":"https:\/\/die-webzeitung.de\/ludwigsburg\/wp-json\/wp\/v2\/posts\/176426\/revisions\/176428"}],"wp:featuredmedia":[{"embeddable":true,"href":"https:\/\/die-webzeitung.de\/ludwigsburg\/wp-json\/wp\/v2\/media\/176427"}],"wp:attachment":[{"href":"https:\/\/die-webzeitung.de\/ludwigsburg\/wp-json\/wp\/v2\/media?parent=176426"}],"wp:term":[{"taxonomy":"category","embeddable":true,"href":"https:\/\/die-webzeitung.de\/ludwigsburg\/wp-json\/wp\/v2\/categories?post=176426"},{"taxonomy":"post_tag","embeddable":true,"href":"https:\/\/die-webzeitung.de\/ludwigsburg\/wp-json\/wp\/v2\/tags?post=176426"}],"curies":[{"name":"wp","href":"https:\/\/api.w.org\/{rel}","templated":true}]}}