{"id":176381,"date":"2025-03-23T11:45:47","date_gmt":"2025-03-23T10:45:47","guid":{"rendered":"https:\/\/die-webzeitung.de\/ludwigsburg\/?p=176381"},"modified":"2025-03-23T12:09:52","modified_gmt":"2025-03-23T11:09:52","slug":"verwaltungsgericht-stuttgart-weist-afd-klage-ab","status":"publish","type":"post","link":"https:\/\/die-webzeitung.de\/ludwigsburg\/2025\/03\/23\/verwaltungsgericht-stuttgart-weist-afd-klage-ab\/","title":{"rendered":"Verwaltungsgericht Stuttgart weist AfD-Klage ab"},"content":{"rendered":"<p style=\"text-align: justify;\">Stuttgart.| Das Verwaltungsgericht Stuttgart hat die Klage des AfD Landesverbands Baden-W\u00fcrttemberg gegen seine Beobachtung durch das Landesamt f\u00fcr Verfassungsschutz Baden-W\u00fcrttemberg abgewiesen.<\/p>\n<p style=\"text-align: justify;\">Der Stv. Ministerpr\u00e4sident und Innenminister Thomas Strobl sagte zur Pressemitteilung des Verwaltungsgerichts Stuttgart vom 20. M\u00e4rz 2025, wonach die Klage des AfD Landesverbands Baden-W\u00fcrttemberg gegen seine Beobachtung durch das Landesamt f\u00fcr Verfassungsschutz Baden-W\u00fcrttemberg abgewiesen wurde:\u00a0\u201eSeit Jahren will die AfD den Anschein der B\u00fcrgerlichkeit wahren. Das Verwaltungsgericht Stuttgart hat best\u00e4tigt: Es gibt gute Gr\u00fcnde, dass der Verfassungsschutz die AfD in Baden-W\u00fcrttemberg beobachtet. Die AfD hat Verbindungen in den Extremismus. Der Verfassungsschutz ist kein politisches Kampfinstrument, sondern hat einen klaren Auftrag: den Schutz der freiheitlich demokratischen Grundordnung und damit aller im Land lebenden Menschen. Dabei entscheidet der Verfassungsschutz auf rechtlicher Grundlage \u2013 auch das hat das Verwaltungsgericht jetzt best\u00e4tigt.\u201c<\/p>\n<hr \/>\n<p style=\"text-align: justify;\">\n","protected":false},"excerpt":{"rendered":"<p>Stuttgart.| Das Verwaltungsgericht Stuttgart hat die Klage des AfD Landesverbands Baden-W\u00fcrttemberg gegen seine Beobachtung durch das Landesamt f\u00fcr Verfassungsschutz Baden-W\u00fcrttemberg abgewiesen. Der Stv. Ministerpr\u00e4sident und Innenminister Thomas Strobl sagte zur Pressemitteilung des Verwaltungsgerichts Stuttgart vom 20. M\u00e4rz 2025, wonach die Klage des AfD Landesverbands Baden-W\u00fcrttemberg gegen seine Beobachtung durch das Landesamt f\u00fcr Verfassungsschutz Baden-W\u00fcrttemberg abgewiesen [&hellip;]<\/p>\n","protected":false},"author":4,"featured_media":176382,"comment_status":"closed","ping_status":"open","sticky":false,"template":"","format":"standard","meta":{"inline_featured_image":false,"_exactmetrics_skip_tracking":false,"_exactmetrics_sitenote_active":false,"_exactmetrics_sitenote_note":"","_exactmetrics_sitenote_category":0,"tdm_status":"","tdm_grid_status":"","footnotes":""},"categories":[59,2402],"tags":[8673,12836,8875,12837,68,12622,9,1431],"class_list":{"0":"post-176381","1":"post","2":"type-post","3":"status-publish","4":"format-standard","5":"has-post-thumbnail","7":"category-aktuell","8":"category-baden-wuerttemberg","9":"tag-afd","10":"tag-beobachtung","11":"tag-die-webzeitung","12":"tag-klage","13":"tag-online-zeitung","14":"tag-rechtsextrem","15":"tag-schaumedia","16":"tag-verfassungsschutz"},"image_feature":"https:\/\/die-webzeitung.de\/ludwigsburg\/wp-content\/uploads\/sites\/5\/2025\/03\/justice-2060093_1280-scaled.jpg","author_name":"Redaktion","pure_taxonomies":{"categories":[{"term_id":59,"name":"Aktuell","slug":"aktuell","term_group":0,"term_taxonomy_id":60,"taxonomy":"category","description":"","parent":0,"count":1175,"filter":"raw","image":""},{"term_id":2402,"name":"Baden-W\u00fcrttemberg","slug":"baden-wuerttemberg","term_group":0,"term_taxonomy_id":2414,"taxonomy":"category","description":"","parent":171,"count":248,"filter":"raw","image":""}],"tags":[{"term_id":8673,"name":"AfD","slug":"afd","term_group":0,"term_taxonomy_id":8674,"taxonomy":"post_tag","description":"","parent":0,"count":3,"filter":"raw","image":""},{"term_id":12836,"name":"Beobachtung","slug":"beobachtung","term_group":0,"term_taxonomy_id":12837,"taxonomy":"post_tag","description":"","parent":0,"count":1,"filter":"raw","image":""},{"term_id":8875,"name":"Die-Webzeitung","slug":"die-webzeitung","term_group":0,"term_taxonomy_id":8876,"taxonomy":"post_tag","description":"","parent":0,"count":4257,"filter":"raw","image":""},{"term_id":12837,"name":"Klage","slug":"klage","term_group":0,"term_taxonomy_id":12838,"taxonomy":"post_tag","description":"","parent":0,"count":1,"filter":"raw","image":""},{"term_id":68,"name":"Online-Zeitung","slug":"online-zeitung","term_group":0,"term_taxonomy_id":69,"taxonomy":"post_tag","description":"","parent":0,"count":4206,"filter":"raw","image":""},{"term_id":12622,"name":"Rechtsextrem","slug":"rechtsextrem","term_group":0,"term_taxonomy_id":12623,"taxonomy":"post_tag","description":"","parent":0,"count":4,"filter":"raw","image":""},{"term_id":9,"name":"SchauMedia","slug":"schaumedia","term_group":0,"term_taxonomy_id":9,"taxonomy":"post_tag","description":"","parent":0,"count":1582,"filter":"raw","image":""},{"term_id":1431,"name":"Verfassungsschutz","slug":"verfassungsschutz","term_group":0,"term_taxonomy_id":1440,"taxonomy":"post_tag","description":"","parent":0,"count":4,"filter":"raw","image":""}]},"_links":{"self":[{"href":"https:\/\/die-webzeitung.de\/ludwigsburg\/wp-json\/wp\/v2\/posts\/176381","targetHints":{"allow":["GET"]}}],"collection":[{"href":"https:\/\/die-webzeitung.de\/ludwigsburg\/wp-json\/wp\/v2\/posts"}],"about":[{"href":"https:\/\/die-webzeitung.de\/ludwigsburg\/wp-json\/wp\/v2\/types\/post"}],"author":[{"embeddable":true,"href":"https:\/\/die-webzeitung.de\/ludwigsburg\/wp-json\/wp\/v2\/users\/4"}],"replies":[{"embeddable":true,"href":"https:\/\/die-webzeitung.de\/ludwigsburg\/wp-json\/wp\/v2\/comments?post=176381"}],"version-history":[{"count":1,"href":"https:\/\/die-webzeitung.de\/ludwigsburg\/wp-json\/wp\/v2\/posts\/176381\/revisions"}],"predecessor-version":[{"id":176383,"href":"https:\/\/die-webzeitung.de\/ludwigsburg\/wp-json\/wp\/v2\/posts\/176381\/revisions\/176383"}],"wp:featuredmedia":[{"embeddable":true,"href":"https:\/\/die-webzeitung.de\/ludwigsburg\/wp-json\/wp\/v2\/media\/176382"}],"wp:attachment":[{"href":"https:\/\/die-webzeitung.de\/ludwigsburg\/wp-json\/wp\/v2\/media?parent=176381"}],"wp:term":[{"taxonomy":"category","embeddable":true,"href":"https:\/\/die-webzeitung.de\/ludwigsburg\/wp-json\/wp\/v2\/categories?post=176381"},{"taxonomy":"post_tag","embeddable":true,"href":"https:\/\/die-webzeitung.de\/ludwigsburg\/wp-json\/wp\/v2\/tags?post=176381"}],"curies":[{"name":"wp","href":"https:\/\/api.w.org\/{rel}","templated":true}]}}