{"id":176335,"date":"2025-03-19T17:46:52","date_gmt":"2025-03-19T16:46:52","guid":{"rendered":"https:\/\/die-webzeitung.de\/ludwigsburg\/?p=176335"},"modified":"2025-03-19T17:46:52","modified_gmt":"2025-03-19T16:46:52","slug":"wuerttkranken-auszeichnung-fuer-mein-vitalbudget","status":"publish","type":"post","link":"https:\/\/die-webzeitung.de\/ludwigsburg\/2025\/03\/19\/wuerttkranken-auszeichnung-fuer-mein-vitalbudget\/","title":{"rendered":"W\u00fcrttKranken: Auszeichnung f\u00fcr \u201eMein Vitalbudget\u201c"},"content":{"rendered":"<p style=\"text-align: justify;\"><strong>Die W\u00fcrttembergische Krankenversicherung AG (W\u00fcrttKranken) ist Preistr\u00e4gerin beim Wettbewerb um die Goldenen Bullen. Diese geh\u00f6ren seit vielen Jahren zu den wichtigsten Auszeichnungen der deutschen Finanz-, Wirtschafts- und Bankenszene. In der Kategorie Vorsorgeprodukt des Jahres kam sie mit ihrer Krankenzusatzversicherung \u201eMein Vitalbudget\u201c auf Platz 3.<\/strong><\/p>\n<p style=\"text-align: justify;\">Diese Tage wurden die Goldenen Bullen 2025 f\u00fcr herausragende Leistungen in der Finanzwirtschaft verliehen. Hierf\u00fcr ermittelt die Redaktion des Fachmagazins Euro einmal im Jahr gemeinsam mit Expertinnen und Experten die Gewinnerinnen und Gewinner in 17 Kategorien. Dazu z\u00e4hlen beispielsweise Fondsspezialisten des Jahres, Online-Broker des Jahres, Finanzberater des Jahres, die Versicherungsinnovation des Jahres und das Vorsorgeprodukt des Jahres.<\/p>\n<p style=\"text-align: justify;\">Die W\u00fcrttKranken gehen mit ihrer im September 2024 eingef\u00fchrten Krankenzusatzversicherung \u201eMein Vitalbudget\u201c f\u00fcr den Wettbewerb um das Vorsorgeprodukt des Jahres ins Rennen. Hierf\u00fcr konnten ausschlie\u00dflich Produkte mit neuen oder entscheidend modifizierten Angeboten aus den Bereichen Kranken- und Lebensversicherung eingereicht werden. Bewertet wurden die Produkte nach Innovation und Kundennutzen. Hierbei konnte das Vitalbudget als Produkt mit einem neuartigen Ansatz \u00fcberzeugen und wurde daf\u00fcr \u2013 hinter zwei mit den Pl\u00e4tzen 1 und 2 pr\u00e4mierten Produkten von Lebensversicherern \u2013 mit dem dritten Platz ausgezeichnet. In der Begr\u00fcndung hie\u00df es, das Produkt biete den Kundinnen und Kunden maximale Flexibilit\u00e4t, da sie ihre Gesundheitsleistungen im Rahmen des festen Budgets frei zusammenstellen k\u00f6nnten.<\/p>\n<p style=\"text-align: justify;\">Dr. Jonas Eickholt, Vorstand der W\u00fcrttKranken: \u201eDie Auszeichnung zeigt, dass wir mit unserem Vitalbudget die richtige Produktl\u00f6sung f\u00fcr die sich wandelnden Kundenw\u00fcnsche entwickelt haben.\u201c<\/p>\n<p style=\"text-align: justify;\">Beim Vitalbudget entscheiden die Kundinnen und Kunden selbst, welches Budget pro Jahr f\u00fcr sie das Passende ist: Zur Wahl stehen 600 Euro und 1.200 Euro. Das jeweilige Budget kann die Versicherten nach den eigenen W\u00fcnschen verwenden und genau die Leistungen in Anspruch nehmen, die sie individuell ben\u00f6tigen. Die Kosten werden bis zur festgelegten, j\u00e4hrlich wiedernutzbaren Budgeth\u00f6he erstattet. Der Leistungskatalog der W\u00fcrttembergischen umfasst unter anderem umfangreiche Vorsorgeuntersuchungen inklusive zertifizierter Pr\u00e4ventionskurse, Zahnprophylaxe, Sehhilfen, Naturheilverfahren inklusive Osteopathie, Schutzimpfungen und freie Krankenhauswahl. Vielf\u00e4ltige Gesundheitsservices erg\u00e4nzen das Vitalbudget zum Beispiel um Vorsorge-Check-Ups, Online-Sprechstunde und 24-Stunden-Gesundheitstelefon. Nutzerinnen und Nutzer der W&amp;W-Kundenportal-App erhalten au\u00dferdem ihre Leistungsabrechnung w\u00e4hrend der Servicezeiten innerhalb von 24 Stunden. Den Kundinnen und Kunden stehen weiterhin die leistungsstarken Einzeltarife des Unternehmens f\u00fcr ma\u00dfgeschneiderten Versicherungsschutz zur Verf\u00fcgung. Dar\u00fcber hinaus besteht die M\u00f6glichkeit, das Vitalbudget mit ausgew\u00e4hlten Einzeltarifen bedarfsgerecht zu kombinieren.<\/p>\n<p style=\"text-align: justify;\">Bereits kurz nach ihrer Einf\u00fchrung erhielt die Krankenzusatzversicherung den Assekuranz Award 2024 der Mein-Geld Mediengruppe sowie j\u00fcngst die Auszeichnung als \u201eProdukt des Monats\u201c durch Focus Money Versicherungsprofi.<\/p>\n<hr \/>\n<p style=\"text-align: justify;\">\n","protected":false},"excerpt":{"rendered":"<p>Die W\u00fcrttembergische Krankenversicherung AG (W\u00fcrttKranken) ist Preistr\u00e4gerin beim Wettbewerb um die Goldenen Bullen. Diese geh\u00f6ren seit vielen Jahren zu den wichtigsten Auszeichnungen der deutschen Finanz-, Wirtschafts- und Bankenszene. In der Kategorie Vorsorgeprodukt des Jahres kam sie mit ihrer Krankenzusatzversicherung \u201eMein Vitalbudget\u201c auf Platz 3. Diese Tage wurden die Goldenen Bullen 2025 f\u00fcr herausragende Leistungen in [&hellip;]<\/p>\n","protected":false},"author":4,"featured_media":0,"comment_status":"closed","ping_status":"open","sticky":false,"template":"","format":"standard","meta":{"inline_featured_image":false,"_exactmetrics_skip_tracking":false,"_exactmetrics_sitenote_active":false,"_exactmetrics_sitenote_note":"","_exactmetrics_sitenote_category":0,"tdm_status":"","tdm_grid_status":"","footnotes":""},"categories":[479],"tags":[828,8875,1108,68,9,9404],"class_list":{"0":"post-176335","1":"post","2":"type-post","3":"status-publish","4":"format-standard","6":"category-wirtschaft","7":"tag-auszeichnung","8":"tag-die-webzeitung","9":"tag-krankenversicherung","10":"tag-online-zeitung","11":"tag-schaumedia","12":"tag-wuerttkranken"},"image_feature":null,"author_name":"Redaktion","pure_taxonomies":{"categories":[{"term_id":479,"name":"Wirtschaft","slug":"wirtschaft","term_group":0,"term_taxonomy_id":1941,"taxonomy":"category","description":"","parent":0,"count":392,"filter":"raw","image":""}],"tags":[{"term_id":828,"name":"Auszeichnung","slug":"auszeichnung","term_group":0,"term_taxonomy_id":837,"taxonomy":"post_tag","description":"","parent":0,"count":15,"filter":"raw","image":""},{"term_id":8875,"name":"Die-Webzeitung","slug":"die-webzeitung","term_group":0,"term_taxonomy_id":8876,"taxonomy":"post_tag","description":"","parent":0,"count":4257,"filter":"raw","image":""},{"term_id":1108,"name":"Krankenversicherung","slug":"krankenversicherung","term_group":0,"term_taxonomy_id":1117,"taxonomy":"post_tag","description":"","parent":0,"count":2,"filter":"raw","image":""},{"term_id":68,"name":"Online-Zeitung","slug":"online-zeitung","term_group":0,"term_taxonomy_id":69,"taxonomy":"post_tag","description":"","parent":0,"count":4206,"filter":"raw","image":""},{"term_id":9,"name":"SchauMedia","slug":"schaumedia","term_group":0,"term_taxonomy_id":9,"taxonomy":"post_tag","description":"","parent":0,"count":1582,"filter":"raw","image":""},{"term_id":9404,"name":"W\u00fcrttKranken","slug":"wuerttkranken","term_group":0,"term_taxonomy_id":9405,"taxonomy":"post_tag","description":"","parent":0,"count":1,"filter":"raw","image":""}]},"_links":{"self":[{"href":"https:\/\/die-webzeitung.de\/ludwigsburg\/wp-json\/wp\/v2\/posts\/176335","targetHints":{"allow":["GET"]}}],"collection":[{"href":"https:\/\/die-webzeitung.de\/ludwigsburg\/wp-json\/wp\/v2\/posts"}],"about":[{"href":"https:\/\/die-webzeitung.de\/ludwigsburg\/wp-json\/wp\/v2\/types\/post"}],"author":[{"embeddable":true,"href":"https:\/\/die-webzeitung.de\/ludwigsburg\/wp-json\/wp\/v2\/users\/4"}],"replies":[{"embeddable":true,"href":"https:\/\/die-webzeitung.de\/ludwigsburg\/wp-json\/wp\/v2\/comments?post=176335"}],"version-history":[{"count":1,"href":"https:\/\/die-webzeitung.de\/ludwigsburg\/wp-json\/wp\/v2\/posts\/176335\/revisions"}],"predecessor-version":[{"id":176336,"href":"https:\/\/die-webzeitung.de\/ludwigsburg\/wp-json\/wp\/v2\/posts\/176335\/revisions\/176336"}],"wp:attachment":[{"href":"https:\/\/die-webzeitung.de\/ludwigsburg\/wp-json\/wp\/v2\/media?parent=176335"}],"wp:term":[{"taxonomy":"category","embeddable":true,"href":"https:\/\/die-webzeitung.de\/ludwigsburg\/wp-json\/wp\/v2\/categories?post=176335"},{"taxonomy":"post_tag","embeddable":true,"href":"https:\/\/die-webzeitung.de\/ludwigsburg\/wp-json\/wp\/v2\/tags?post=176335"}],"curies":[{"name":"wp","href":"https:\/\/api.w.org\/{rel}","templated":true}]}}