{"id":176226,"date":"2025-03-12T13:09:21","date_gmt":"2025-03-12T12:09:21","guid":{"rendered":"https:\/\/die-webzeitung.de\/ludwigsburg\/?p=176226"},"modified":"2025-03-12T13:09:21","modified_gmt":"2025-03-12T12:09:21","slug":"saisonstart-fuer-sicheres-radfahren-mit-radspass","status":"publish","type":"post","link":"https:\/\/die-webzeitung.de\/ludwigsburg\/2025\/03\/12\/saisonstart-fuer-sicheres-radfahren-mit-radspass\/","title":{"rendered":"Saisonstart f\u00fcr sicheres Radfahren mit radspa\u00df"},"content":{"rendered":"<h3 style=\"text-align: justify;\"><strong>Fahrsicherheitstrainings f\u00fcr E-Bike und Fahrrad<\/strong><\/h3>\n<p style=\"text-align: justify;\">Die ersten Sonnenstrahlen wecken die Lust aufs Radfahren! Mehr Freude am Rad und Souver\u00e4nit\u00e4t auf allen Wegen \u2013 genau das bieten die radspa\u00df-Kurse. Ab dem 21. M\u00e4rz l\u00e4dt der Allgemeine Deutsche Fahrrad-Club (ADFC) alle Interessierten im Rems-Murr-Kreis ein, ihre Fahrtechnik zu verbessern und sich auf dem Fahrrad oder E-Bike sicherer zu f\u00fchlen.<\/p>\n<p style=\"text-align: justify;\">Mit Schwung startet das Radtraining des ADFC in die neue Saison. Ein Fu\u00df aufs Pedal, absto\u00dfen \u2013 und los! Doch was tun, wenn eine enge Kurve pl\u00f6tzlich zur Herausforderung wird oder die Bremse st\u00e4rker greift als erwartet? Genau hier setzt der radspa\u00df-Kurs an: In den praxisnahen Trainings lernen Teilnehmende, sicherer, souver\u00e4ner und entspannter unterwegs zu sein \u2013 egal ob mit dem neuen E-Bike oder nach vielen Jahren auf dem Rad.<\/p>\n<p style=\"text-align: justify;\">Speziell geschulte Trainerinnen und Trainer begleiten die Kurse. Innerhalb von drei bis 3,5 Stunden wird sicheres Fahrverhalten f\u00fcr herausfordernde Situationen ge\u00fcbt. Die Teilnahme kostet 38 \u20ac pro Person.<\/p>\n<p style=\"text-align: justify;\"><strong>Wann und wo finden die Kurse statt?<\/strong><\/p>\n<p style=\"text-align: justify;\">Interessierte k\u00f6nnen sich ab sofort f\u00fcr die n\u00e4chsten Termine anmelden.<\/p>\n<p style=\"text-align: justify;\"><strong>Kursangebote im M\u00e4rz und April 2025:<\/strong><\/p>\n<ul>\n<li style=\"text-align: justify;\">Freitag, 21.03.2025 \u2013 Waiblingen<\/li>\n<li style=\"text-align: justify;\">Samstag, 05.04.2025 \u2013 Schorndorf<\/li>\n<li style=\"text-align: justify;\">Mittwoch, 09.04.2025 \u2013 Birkmannsweiler<\/li>\n<li style=\"text-align: justify;\">Freitag, 11.04.2025 \u2013 Weiler zum Stein<\/li>\n<li style=\"text-align: justify;\">Freitag, 11.04.2025 \u2013 Waiblingen<\/li>\n<li style=\"text-align: justify;\">Samstag, 19.04.2025 \u2013 Schorndorf<\/li>\n<\/ul>\n<p style=\"text-align: justify;\">Alle Infos zur Anmeldung und zu weiteren Kursen gibt es unter <a href=\"http:\/\/radspass.org\/kurse\" target=\"_blank\" rel=\"noopener\" data-saferedirecturl=\"https:\/\/www.google.com\/url?q=http:\/\/radspass.org\/kurse&amp;source=gmail&amp;ust=1741867562183000&amp;usg=AOvVaw0HNI3cCWkIQFbmaAiTnY-R\">radspass.org\/kurse<\/a>.<\/p>\n<p style=\"text-align: justify;\">Die Sicherheit von Radfahrerinnen und Radfahrern liegt dem Rems-Murr-Kreis besonders am Herzen. Deshalb k\u00f6nnen auch andere Anbieter von E-Bike-Fahrsicherheitskursen ihre Angebote auf der Homepage des Landkreises ver\u00f6ffentlichen. Interessierte Anbieter k\u00f6nnen ihre Informationen an <a href=\"mailto:radwege@rems-murr-kreis.de\" target=\"_blank\" rel=\"noopener\">radwege@rems-murr-kreis.de<\/a> senden.<\/p>\n<hr \/>\n<p style=\"text-align: justify;\">\n","protected":false},"excerpt":{"rendered":"<p>Fahrsicherheitstrainings f\u00fcr E-Bike und Fahrrad Die ersten Sonnenstrahlen wecken die Lust aufs Radfahren! Mehr Freude am Rad und Souver\u00e4nit\u00e4t auf allen Wegen \u2013 genau das bieten die radspa\u00df-Kurse. Ab dem 21. M\u00e4rz l\u00e4dt der Allgemeine Deutsche Fahrrad-Club (ADFC) alle Interessierten im Rems-Murr-Kreis ein, ihre Fahrtechnik zu verbessern und sich auf dem Fahrrad oder E-Bike sicherer [&hellip;]<\/p>\n","protected":false},"author":4,"featured_media":0,"comment_status":"closed","ping_status":"open","sticky":false,"template":"","format":"standard","meta":{"inline_featured_image":false,"_exactmetrics_skip_tracking":false,"_exactmetrics_sitenote_active":false,"_exactmetrics_sitenote_note":"","_exactmetrics_sitenote_category":0,"tdm_status":"","tdm_grid_status":"","footnotes":""},"categories":[1376,165],"tags":[8875,1577,1209,12816,68,1620,9],"class_list":{"0":"post-176226","1":"post","2":"type-post","3":"status-publish","4":"format-standard","6":"category-leben-weiterbildung","7":"category-kreis-rems-murr","8":"tag-die-webzeitung","9":"tag-e-bike","10":"tag-fahrrad","11":"tag-fahrsicherheitstraining","12":"tag-online-zeitung","13":"tag-rems-murr","14":"tag-schaumedia"},"image_feature":null,"author_name":"Redaktion","pure_taxonomies":{"categories":[{"term_id":1376,"name":"Kurse und Bildung","slug":"leben-weiterbildung","term_group":0,"term_taxonomy_id":1385,"taxonomy":"category","description":"","parent":482,"count":5,"filter":"raw","image":""},{"term_id":165,"name":"Rems-Murr Kreis","slug":"kreis-rems-murr","term_group":0,"term_taxonomy_id":167,"taxonomy":"category","description":"","parent":171,"count":235,"filter":"raw","image":""}],"tags":[{"term_id":8875,"name":"Die-Webzeitung","slug":"die-webzeitung","term_group":0,"term_taxonomy_id":8876,"taxonomy":"post_tag","description":"","parent":0,"count":4257,"filter":"raw","image":""},{"term_id":1577,"name":"E-Bike","slug":"e-bike","term_group":0,"term_taxonomy_id":1586,"taxonomy":"post_tag","description":"","parent":0,"count":3,"filter":"raw","image":""},{"term_id":1209,"name":"Fahrrad","slug":"fahrrad","term_group":0,"term_taxonomy_id":1218,"taxonomy":"post_tag","description":"","parent":0,"count":10,"filter":"raw","image":""},{"term_id":12816,"name":"Fahrsicherheitstraining","slug":"fahrsicherheitstraining","term_group":0,"term_taxonomy_id":12817,"taxonomy":"post_tag","description":"","parent":0,"count":1,"filter":"raw","image":""},{"term_id":68,"name":"Online-Zeitung","slug":"online-zeitung","term_group":0,"term_taxonomy_id":69,"taxonomy":"post_tag","description":"","parent":0,"count":4206,"filter":"raw","image":""},{"term_id":1620,"name":"Rems-Murr","slug":"rems-murr","term_group":0,"term_taxonomy_id":1629,"taxonomy":"post_tag","description":"","parent":0,"count":251,"filter":"raw","image":""},{"term_id":9,"name":"SchauMedia","slug":"schaumedia","term_group":0,"term_taxonomy_id":9,"taxonomy":"post_tag","description":"","parent":0,"count":1582,"filter":"raw","image":""}]},"_links":{"self":[{"href":"https:\/\/die-webzeitung.de\/ludwigsburg\/wp-json\/wp\/v2\/posts\/176226","targetHints":{"allow":["GET"]}}],"collection":[{"href":"https:\/\/die-webzeitung.de\/ludwigsburg\/wp-json\/wp\/v2\/posts"}],"about":[{"href":"https:\/\/die-webzeitung.de\/ludwigsburg\/wp-json\/wp\/v2\/types\/post"}],"author":[{"embeddable":true,"href":"https:\/\/die-webzeitung.de\/ludwigsburg\/wp-json\/wp\/v2\/users\/4"}],"replies":[{"embeddable":true,"href":"https:\/\/die-webzeitung.de\/ludwigsburg\/wp-json\/wp\/v2\/comments?post=176226"}],"version-history":[{"count":1,"href":"https:\/\/die-webzeitung.de\/ludwigsburg\/wp-json\/wp\/v2\/posts\/176226\/revisions"}],"predecessor-version":[{"id":176227,"href":"https:\/\/die-webzeitung.de\/ludwigsburg\/wp-json\/wp\/v2\/posts\/176226\/revisions\/176227"}],"wp:attachment":[{"href":"https:\/\/die-webzeitung.de\/ludwigsburg\/wp-json\/wp\/v2\/media?parent=176226"}],"wp:term":[{"taxonomy":"category","embeddable":true,"href":"https:\/\/die-webzeitung.de\/ludwigsburg\/wp-json\/wp\/v2\/categories?post=176226"},{"taxonomy":"post_tag","embeddable":true,"href":"https:\/\/die-webzeitung.de\/ludwigsburg\/wp-json\/wp\/v2\/tags?post=176226"}],"curies":[{"name":"wp","href":"https:\/\/api.w.org\/{rel}","templated":true}]}}