{"id":176013,"date":"2025-02-23T11:22:05","date_gmt":"2025-02-23T10:22:05","guid":{"rendered":"https:\/\/die-webzeitung.de\/ludwigsburg\/?p=176013"},"modified":"2025-02-23T11:22:05","modified_gmt":"2025-02-23T10:22:05","slug":"mehr-als-300-frisch-ausgebildete-polizistinnen-und-polizisten","status":"publish","type":"post","link":"https:\/\/die-webzeitung.de\/ludwigsburg\/2025\/02\/23\/mehr-als-300-frisch-ausgebildete-polizistinnen-und-polizisten\/","title":{"rendered":"Mehr als 300 frisch ausgebildete Polizistinnen und Polizisten"},"content":{"rendered":"<h3 style=\"text-align: justify;\"><strong>Die Polizei erh\u00e4lt <\/strong><strong>Verst\u00e4rkung<\/strong><\/h3>\n<p style=\"text-align: justify;\">Die Polizei in Baden-W\u00fcrttemberg bekommt ab dem 1. M\u00e4rz 2025 Verst\u00e4rkung von 326 frisch ausgebildeten Polizistinnen und Polizisten.<\/p>\n<p style=\"text-align: justify;\">\u201e326 Polizistinnen und Polizisten haben ihre Ausbildung erfolgreich abgeschlossen und verst\u00e4rken jetzt die Polizeidienststellen in Baden-W\u00fcrttemberg. Ab dem 1. M\u00e4rz 2025 unterst\u00fctzen sie die Polizeireviere und Einsatzz\u00fcge im Land. Mit ihnen hat die Polizei Baden-W\u00fcrttemberg rund 500 erstklassig ausgebildete und hoch motivierte Polizeibeamtinnen und Polizeibeamte mehr als im Jahr 2016\u201c, erl\u00e4uterte Innenminister Thomas Strobl.<\/p>\n<p style=\"text-align: justify;\">\u201eWir haben eine top Polizeiausbildung im Land: abwechslungsreich, interessant und anspruchsvoll. Das \u00fcberzeugt junge Menschen, den Polizeiberuf einzuschlagen. 326 Polizistinnen und Polizisten verst\u00e4rken jetzt zus\u00e4tzlich die Reviere und k\u00f6nnen ihr Wissen auf die Stra\u00dfe bringen \u2013 und damit Sorge f\u00fcr die Sicherheit der Menschen in unserem Land tragen\u201c, sagte der Stv. Ministerpr\u00e4sident und Innenminister Thomas Strobl anl\u00e4sslich der Verabschiedung und Ernennung von Polizeibeamtinnen und Polizeibeamten nach deren bestandenen Ausbildungen.<\/p>\n<p style=\"text-align: justify;\">Von den insgesamt 326 Nachwuchskr\u00e4ften haben 71 in Biberach, 42 in Bruchsal, 87 in Herrenberg, 102 in Lahr und 24 in Wertheim ihre Ausbildung erfolgreich abgeschlossen. 241 der Absolventinnen und Absolventen haben das Abitur oder die Fachhochschulreife.<\/p>\n<h4 style=\"text-align: justify;\"><strong>Einstellungsoffensive der Polizei Baden-W\u00fcrttemberg tr\u00e4gt Fr\u00fcchte: 500 zus\u00e4tzliche Polizistinnen und Polizisten<\/strong><\/h4>\n<p style=\"text-align: justify;\">Mit rund 25.000 ausgebildeten Polizistinnen und Polizisten hat die Polizei Baden-W\u00fcrttemberg inzwischen rund 500 Polizeibeamtinnen und Polizeibeamte mehr als noch im Jahr 2016.<\/p>\n<p style=\"text-align: justify;\">\u201eBaden-W\u00fcrttemberg ist seit Jahren eines der sichersten L\u00e4nder. Und wir tun sehr viel daf\u00fcr, dass das so bleibt. Seit 2016 arbeiten wir hartn\u00e4ckig daran, mehr Polizistinnen und Polizisten auf die Stra\u00dfe zu bringen. Durch die gr\u00f6\u00dfte Einstellungsoffensive in der Geschichte der Polizei Baden-W\u00fcrttemberg haben wir seither mehr als 12.000 junge Menschen f\u00fcr die Polizei gewonnen. Trotz der noch anhaltenden Pensionierungswelle haben wir schon heute rund 500 Polizistinnen und Polizisten mehr als im Jahr 2016. Bis 2026 werden es 1.000 mehr sein. Wir haben keine Kosten und M\u00fchen gescheut und das hat sich ausgezahlt\u201c, betonte Innenminister Thomas Strobl.<\/p>\n<p style=\"text-align: justify;\">Im Jahr 2016 hat die Baden-W\u00fcrttemberg die gr\u00f6\u00dfte Einstellungsoffensive in der Geschichte der Landespolizei gestartet. Seit dem Jahr 2016 wurden mehr als 12.000 junge Menschen f\u00fcr eine Ausbildung bei der Landespolizei Baden-W\u00fcrttemberg gewonnen. Derzeit befinden sich rund 3.700 Anw\u00e4rterinnen und Anw\u00e4rter in Ausbildung bzw. im Studium und k\u00f6nnen nach ihrem Abschluss in verschiedenen Bereichen der Landespolizei eingesetzt werden. Das Land wird die Einstellungsoffensive auch in den kommenden Jahren fortsetzen und auch k\u00fcnftig viele Ausbildungspl\u00e4tze anbieten. So stehen f\u00fcr 2025 und 2026 jeweils 1.200 Ausbildungs- und Studienpl\u00e4tze fest.<\/p>\n<h4 style=\"text-align: justify;\"><strong>St\u00e4rkung des Ausbildungsstandorts Wertheim: Entfristungen von Tarifvertr\u00e4gen<\/strong><\/h4>\n<p style=\"text-align: justify;\">Dar\u00fcber hinaus wurde im Rahmen der Verabschiedung der Absolventinnen und Absolventen am Donnerstag, 20. Februar 2025 in Wertheim der Bildungsstandort in Wertheim weiter gefestigt. Minister Thomas Strobl entfristete 39 Besch\u00e4ftigte und \u00fcberreichte ihnen einen unbefristeten Arbeitsvertrag. Das Land hatte am Standort Wertheim zur Bew\u00e4ltigung der Einstellungsoffensive Mitarbeiterinnen und Mitarbeiter f\u00fcr T\u00e4tigkeiten in den Bereichen Verwaltung, Technik und Kantine zun\u00e4chst befristet eingestellt. Nach der Verabschiedung des Doppelhaushalts 2025\/2026 durch den Landtag von Baden-W\u00fcrttemberg k\u00f6nnen 39 der 41 befristet Besch\u00e4ftigten nun unbefristet besch\u00e4ftigt werden. Daf\u00fcr hatte sich Innenminister Thomas Strobl eingesetzt.<\/p>\n<hr \/>\n<p style=\"text-align: justify;\">\n","protected":false},"excerpt":{"rendered":"<p>Die Polizei erh\u00e4lt Verst\u00e4rkung Die Polizei in Baden-W\u00fcrttemberg bekommt ab dem 1. M\u00e4rz 2025 Verst\u00e4rkung von 326 frisch ausgebildeten Polizistinnen und Polizisten. \u201e326 Polizistinnen und Polizisten haben ihre Ausbildung erfolgreich abgeschlossen und verst\u00e4rken jetzt die Polizeidienststellen in Baden-W\u00fcrttemberg. Ab dem 1. M\u00e4rz 2025 unterst\u00fctzen sie die Polizeireviere und Einsatzz\u00fcge im Land. Mit ihnen hat die [&hellip;]<\/p>\n","protected":false},"author":4,"featured_media":176014,"comment_status":"closed","ping_status":"open","sticky":false,"template":"","format":"standard","meta":{"inline_featured_image":false,"_exactmetrics_skip_tracking":false,"_exactmetrics_sitenote_active":false,"_exactmetrics_sitenote_note":"","_exactmetrics_sitenote_category":0,"tdm_status":"","tdm_grid_status":"","footnotes":""},"categories":[59,2402],"tags":[4,8875,68,205,12797,12798,9],"class_list":{"0":"post-176013","1":"post","2":"type-post","3":"status-publish","4":"format-standard","5":"has-post-thumbnail","7":"category-aktuell","8":"category-baden-wuerttemberg","9":"tag-baden-wurttemberg","10":"tag-die-webzeitung","11":"tag-online-zeitung","12":"tag-polizei","13":"tag-polizisten","14":"tag-polizistinnen","15":"tag-schaumedia"},"image_feature":"https:\/\/die-webzeitung.de\/ludwigsburg\/wp-content\/uploads\/sites\/5\/2025\/02\/Design_ohne_Titel__3_.png","author_name":"Redaktion","pure_taxonomies":{"categories":[{"term_id":59,"name":"Aktuell","slug":"aktuell","term_group":0,"term_taxonomy_id":60,"taxonomy":"category","description":"","parent":0,"count":1175,"filter":"raw","image":""},{"term_id":2402,"name":"Baden-W\u00fcrttemberg","slug":"baden-wuerttemberg","term_group":0,"term_taxonomy_id":2414,"taxonomy":"category","description":"","parent":171,"count":248,"filter":"raw","image":""}],"tags":[{"term_id":4,"name":"Baden-W\u00fcrttemberg","slug":"baden-wurttemberg","term_group":0,"term_taxonomy_id":4,"taxonomy":"post_tag","description":"","parent":0,"count":140,"filter":"raw","image":""},{"term_id":8875,"name":"Die-Webzeitung","slug":"die-webzeitung","term_group":0,"term_taxonomy_id":8876,"taxonomy":"post_tag","description":"","parent":0,"count":4257,"filter":"raw","image":""},{"term_id":68,"name":"Online-Zeitung","slug":"online-zeitung","term_group":0,"term_taxonomy_id":69,"taxonomy":"post_tag","description":"","parent":0,"count":4206,"filter":"raw","image":""},{"term_id":205,"name":"Polizei","slug":"polizei","term_group":0,"term_taxonomy_id":208,"taxonomy":"post_tag","description":"","parent":0,"count":186,"filter":"raw","image":""},{"term_id":12797,"name":"Polizisten","slug":"polizisten","term_group":0,"term_taxonomy_id":12798,"taxonomy":"post_tag","description":"","parent":0,"count":1,"filter":"raw","image":""},{"term_id":12798,"name":"Polizistinnen","slug":"polizistinnen","term_group":0,"term_taxonomy_id":12799,"taxonomy":"post_tag","description":"","parent":0,"count":1,"filter":"raw","image":""},{"term_id":9,"name":"SchauMedia","slug":"schaumedia","term_group":0,"term_taxonomy_id":9,"taxonomy":"post_tag","description":"","parent":0,"count":1582,"filter":"raw","image":""}]},"_links":{"self":[{"href":"https:\/\/die-webzeitung.de\/ludwigsburg\/wp-json\/wp\/v2\/posts\/176013","targetHints":{"allow":["GET"]}}],"collection":[{"href":"https:\/\/die-webzeitung.de\/ludwigsburg\/wp-json\/wp\/v2\/posts"}],"about":[{"href":"https:\/\/die-webzeitung.de\/ludwigsburg\/wp-json\/wp\/v2\/types\/post"}],"author":[{"embeddable":true,"href":"https:\/\/die-webzeitung.de\/ludwigsburg\/wp-json\/wp\/v2\/users\/4"}],"replies":[{"embeddable":true,"href":"https:\/\/die-webzeitung.de\/ludwigsburg\/wp-json\/wp\/v2\/comments?post=176013"}],"version-history":[{"count":1,"href":"https:\/\/die-webzeitung.de\/ludwigsburg\/wp-json\/wp\/v2\/posts\/176013\/revisions"}],"predecessor-version":[{"id":176015,"href":"https:\/\/die-webzeitung.de\/ludwigsburg\/wp-json\/wp\/v2\/posts\/176013\/revisions\/176015"}],"wp:featuredmedia":[{"embeddable":true,"href":"https:\/\/die-webzeitung.de\/ludwigsburg\/wp-json\/wp\/v2\/media\/176014"}],"wp:attachment":[{"href":"https:\/\/die-webzeitung.de\/ludwigsburg\/wp-json\/wp\/v2\/media?parent=176013"}],"wp:term":[{"taxonomy":"category","embeddable":true,"href":"https:\/\/die-webzeitung.de\/ludwigsburg\/wp-json\/wp\/v2\/categories?post=176013"},{"taxonomy":"post_tag","embeddable":true,"href":"https:\/\/die-webzeitung.de\/ludwigsburg\/wp-json\/wp\/v2\/tags?post=176013"}],"curies":[{"name":"wp","href":"https:\/\/api.w.org\/{rel}","templated":true}]}}