{"id":176008,"date":"2025-02-22T14:10:22","date_gmt":"2025-02-22T13:10:22","guid":{"rendered":"https:\/\/die-webzeitung.de\/ludwigsburg\/?p=176008"},"modified":"2025-02-22T14:10:22","modified_gmt":"2025-02-22T13:10:22","slug":"mieter-koennen-behindertengerechten-umbau-verlangen","status":"publish","type":"post","link":"https:\/\/die-webzeitung.de\/ludwigsburg\/2025\/02\/22\/mieter-koennen-behindertengerechten-umbau-verlangen\/","title":{"rendered":"Mieter k\u00f6nnen behindertengerechten Umbau verlangen"},"content":{"rendered":"<p style=\"text-align: justify;\"><strong>Mieterinnen und Mieter einer Wohnung k\u00f6nnen in der Regel verlangen, dass Vermieterinnen und Vermieter den Einbau eines Treppenlifts und andere behindertengerechte Umbauten zulassen. Die W\u00fcstenrot Immobilien GmbH, ein Unternehmen der W&amp;W-Gruppe, weist auf eine aktuelle Entscheidung des Bundesgerichtshofs (BGH VIII ZR 234\/23) hin. <\/strong><\/p>\n<p style=\"text-align: justify;\">Im entschiedenen Fall hatte ein Ehepaar eine Vierzimmerwohnung im 1. Stock eines Altbaus gemietet. Da ihr Sohn nach einem Sportunfall querschnittsgel\u00e4hmt war und das Mietshaus keinen Aufzug hatte, wollten sie auf ihre Kosten im Treppenhaus bis zum 1. Stock einen Treppenlift einbauen lassen und das Bad ihrer Wohnung barrierefrei umbauen. Die Vermieter stimmten jedoch den gew\u00fcnschten Umbauten nicht zu, da dadurch nach ihrer Ansicht ein Wertverlust ihrer Immobilie eintreten w\u00fcrde. Daraufhin klagten die Mieter und bekamen in s\u00e4mtlichen Instanzen Recht.<\/p>\n<p style=\"text-align: justify;\">Nachdem das Landgericht M\u00fcnchen I die Vermieter verurteilt hatte, die verlangten Bauma\u00dfnahmen zu akzeptieren, beschwerten sich diese beim BGH und wollten eine \u00dcberpr\u00fcfung des Urteils herbeif\u00fchren. Dieser entschied, dass eine Revision unzul\u00e4ssig sei. Die Vermieter h\u00e4tten dazu n\u00e4mlich eine Wertminderung ihrer Immobilie von mindestens 20.000 Euro nachweisen m\u00fcssen. Dazu waren sie aber nicht in der Lage. Die mindestens erforderliche Laufbreite der Treppe von einem Meter werde durch den Einbau des Treppenlifts nicht unterschritten. Auch die bei Nutzung des Treppenlifts entstehende Ger\u00e4uschemission von 70 dB f\u00fchre, so der BGH, zu keiner erheblichen Wertminderung, da der Lift nur zu bestimmten Gelegenheiten und f\u00fcr eine begrenzte Zeit in Betrieb sei.<\/p>\n<hr \/>\n<p style=\"text-align: justify;\">\n","protected":false},"excerpt":{"rendered":"<p>Mieterinnen und Mieter einer Wohnung k\u00f6nnen in der Regel verlangen, dass Vermieterinnen und Vermieter den Einbau eines Treppenlifts und andere behindertengerechte Umbauten zulassen. Die W\u00fcstenrot Immobilien GmbH, ein Unternehmen der W&amp;W-Gruppe, weist auf eine aktuelle Entscheidung des Bundesgerichtshofs (BGH VIII ZR 234\/23) hin. Im entschiedenen Fall hatte ein Ehepaar eine Vierzimmerwohnung im 1. Stock eines [&hellip;]<\/p>\n","protected":false},"author":4,"featured_media":0,"comment_status":"closed","ping_status":"open","sticky":false,"template":"","format":"standard","meta":{"inline_featured_image":false,"_exactmetrics_skip_tracking":false,"_exactmetrics_sitenote_active":false,"_exactmetrics_sitenote_note":"","_exactmetrics_sitenote_category":0,"tdm_status":"","tdm_grid_status":"","footnotes":""},"categories":[8],"tags":[7797,8875,332,68,9,551],"class_list":{"0":"post-176008","1":"post","2":"type-post","3":"status-publish","4":"format-standard","6":"category-ratgeber-leben","7":"tag-behindertengerecht","8":"tag-die-webzeitung","9":"tag-mieter","10":"tag-online-zeitung","11":"tag-schaumedia","12":"tag-umbau"},"image_feature":null,"author_name":"Redaktion","pure_taxonomies":{"categories":[{"term_id":8,"name":"Ratgeber","slug":"ratgeber-leben","term_group":0,"term_taxonomy_id":8,"taxonomy":"category","description":"","parent":482,"count":380,"filter":"raw","image":""}],"tags":[{"term_id":7797,"name":"behindertengerecht","slug":"behindertengerecht","term_group":0,"term_taxonomy_id":7821,"taxonomy":"post_tag","description":"","parent":0,"count":2,"filter":"raw","image":""},{"term_id":8875,"name":"Die-Webzeitung","slug":"die-webzeitung","term_group":0,"term_taxonomy_id":8876,"taxonomy":"post_tag","description":"","parent":0,"count":4257,"filter":"raw","image":""},{"term_id":332,"name":"Mieter","slug":"mieter","term_group":0,"term_taxonomy_id":338,"taxonomy":"post_tag","description":"","parent":0,"count":7,"filter":"raw","image":""},{"term_id":68,"name":"Online-Zeitung","slug":"online-zeitung","term_group":0,"term_taxonomy_id":69,"taxonomy":"post_tag","description":"","parent":0,"count":4206,"filter":"raw","image":""},{"term_id":9,"name":"SchauMedia","slug":"schaumedia","term_group":0,"term_taxonomy_id":9,"taxonomy":"post_tag","description":"","parent":0,"count":1582,"filter":"raw","image":""},{"term_id":551,"name":"Umbau","slug":"umbau","term_group":0,"term_taxonomy_id":559,"taxonomy":"post_tag","description":"","parent":0,"count":6,"filter":"raw","image":""}]},"_links":{"self":[{"href":"https:\/\/die-webzeitung.de\/ludwigsburg\/wp-json\/wp\/v2\/posts\/176008","targetHints":{"allow":["GET"]}}],"collection":[{"href":"https:\/\/die-webzeitung.de\/ludwigsburg\/wp-json\/wp\/v2\/posts"}],"about":[{"href":"https:\/\/die-webzeitung.de\/ludwigsburg\/wp-json\/wp\/v2\/types\/post"}],"author":[{"embeddable":true,"href":"https:\/\/die-webzeitung.de\/ludwigsburg\/wp-json\/wp\/v2\/users\/4"}],"replies":[{"embeddable":true,"href":"https:\/\/die-webzeitung.de\/ludwigsburg\/wp-json\/wp\/v2\/comments?post=176008"}],"version-history":[{"count":1,"href":"https:\/\/die-webzeitung.de\/ludwigsburg\/wp-json\/wp\/v2\/posts\/176008\/revisions"}],"predecessor-version":[{"id":176009,"href":"https:\/\/die-webzeitung.de\/ludwigsburg\/wp-json\/wp\/v2\/posts\/176008\/revisions\/176009"}],"wp:attachment":[{"href":"https:\/\/die-webzeitung.de\/ludwigsburg\/wp-json\/wp\/v2\/media?parent=176008"}],"wp:term":[{"taxonomy":"category","embeddable":true,"href":"https:\/\/die-webzeitung.de\/ludwigsburg\/wp-json\/wp\/v2\/categories?post=176008"},{"taxonomy":"post_tag","embeddable":true,"href":"https:\/\/die-webzeitung.de\/ludwigsburg\/wp-json\/wp\/v2\/tags?post=176008"}],"curies":[{"name":"wp","href":"https:\/\/api.w.org\/{rel}","templated":true}]}}