{"id":175517,"date":"2024-12-19T17:08:38","date_gmt":"2024-12-19T16:08:38","guid":{"rendered":"https:\/\/die-webzeitung.de\/ludwigsburg\/?p=175517"},"modified":"2024-12-19T17:08:38","modified_gmt":"2024-12-19T16:08:38","slug":"gute-noten-fuer-kundenservice-und-produkte","status":"publish","type":"post","link":"https:\/\/die-webzeitung.de\/ludwigsburg\/2024\/12\/19\/gute-noten-fuer-kundenservice-und-produkte\/","title":{"rendered":"Gute Noten f\u00fcr Kundenservice und Produkte"},"content":{"rendered":"<p style=\"text-align: justify;\">Ausgezeichneter Kundenservice: Auch 2024 wurden die Versicherungsunternehmen der W\u00fcstenrot &amp; W\u00fcrttembergische-Gruppe (W&amp;W) in zahlreichen Ratings, Rankings, Tests und Vergleichen sehr gut bewertet. Dies spricht f\u00fcr die hohe Qualit\u00e4t der Produkte und Beratung. Anbei nur einige Beispiele.<\/p>\n<p style=\"text-align: justify;\">Die W\u00fcrttembergische Versicherung AG (W\u00fcrttVers) \u00fcberzeugte beispielsweise die Stiftung Warentest mit einem \u201eSehr gut\u201c in der Wohngeb\u00e4ude-Versicherung; die Rating-Agentur Franke &amp; Bornberg erteilte die gleiche Note f\u00fcr die Sparten Unfall- und Rechtsschutz. Auch aus dem Firmenkunden-Bereich gab es erfreuliche Nachrichten: Focus-Money hat die W\u00fcrttVers zum neunten Mal in Folge als fairsten Firmenversicherer ausgezeichnet.<\/p>\n<p style=\"text-align: justify;\">In der Lebensversicherung k\u00fcrte der Focus-Money-Versicherungsprofi die \u201eGenius Vorsorge\u201c der W\u00fcrttembergischen Lebensversicherung AG (W\u00fcrttLeben) kurz nach der Produkteinf\u00fchrung zum Produkt des Monats. Auch f\u00fcr die betriebliche Altersvorsorge (bAV) gab es Top-Noten: So zum Beispiel beim bAV-Direktversicherungs-Rating von Focus-Money. Die W\u00fcrttLeben hat mit drei Produkten verschiedener Kategorien teilgenommen: \u201eGenius Vorsorge Klassik\u201c, \u201eIndexClever\u201cund \u201eGenius Vorsorge\u201c. F\u00fcr ihre Angebote in den Bereichen neue Klassik und garantieorientierte Hybridpolicen erhielt die W\u00fcrttLeben jeweils ein \u201eSehr gut\u201c, f\u00fcr ihr Angebot im Bereich Klassik-Index gab es sogar die Bestnote \u201eHervorragend\u201c.<\/p>\n<p style=\"text-align: justify;\">Bei der W\u00fcrttembergischen Krankenversicherung AG erhielten die Zahnzusatz-Tarife \u201eZahnersatz 100\u201c, \u201eZahnzusatz 100 + Zahnbehandlung\u201c und \u201eZahnSchutzPremium\u201c von Stiftung Warentest jeweils ein \u201eSehr gut\u201c. Und noch eine begehrte Auszeichnung: Die neue Krankenzusatzversicherung \u201eMein Vitalbudget\u201c gewann kurz nach Produkteinf\u00fchrung den begehrten Assekuranz Award des Anlegermagazins \u201eMein Geld\u201c.<\/p>\n<hr \/>\n<p style=\"text-align: justify;\">\n","protected":false},"excerpt":{"rendered":"<p>Ausgezeichneter Kundenservice: Auch 2024 wurden die Versicherungsunternehmen der W\u00fcstenrot &amp; W\u00fcrttembergische-Gruppe (W&amp;W) in zahlreichen Ratings, Rankings, Tests und Vergleichen sehr gut bewertet. Dies spricht f\u00fcr die hohe Qualit\u00e4t der Produkte und Beratung. Anbei nur einige Beispiele. Die W\u00fcrttembergische Versicherung AG (W\u00fcrttVers) \u00fcberzeugte beispielsweise die Stiftung Warentest mit einem \u201eSehr gut\u201c in der Wohngeb\u00e4ude-Versicherung; die Rating-Agentur [&hellip;]<\/p>\n","protected":false},"author":4,"featured_media":168185,"comment_status":"closed","ping_status":"open","sticky":false,"template":"","format":"standard","meta":{"inline_featured_image":false,"_exactmetrics_skip_tracking":false,"_exactmetrics_sitenote_active":false,"_exactmetrics_sitenote_note":"","_exactmetrics_sitenote_category":0,"tdm_status":"","tdm_grid_status":"","footnotes":""},"categories":[479],"tags":[828,8875,12750,68,10391,18,19],"class_list":{"0":"post-175517","1":"post","2":"type-post","3":"status-publish","4":"format-standard","5":"has-post-thumbnail","7":"category-wirtschaft","8":"tag-auszeichnung","9":"tag-die-webzeitung","10":"tag-kundenservice","11":"tag-online-zeitung","12":"tag-ww-ag","13":"tag-wurttembergische","14":"tag-wustenrot"},"image_feature":"https:\/\/die-webzeitung.de\/ludwigsburg\/wp-content\/uploads\/sites\/5\/2023\/02\/Bild_Aussenaufnahme-WW-Campus_Hohe-Aufloesung_Andreas-Martin-scaled.jpg","author_name":"Redaktion","pure_taxonomies":{"categories":[{"term_id":479,"name":"Wirtschaft","slug":"wirtschaft","term_group":0,"term_taxonomy_id":1941,"taxonomy":"category","description":"","parent":0,"count":392,"filter":"raw","image":""}],"tags":[{"term_id":828,"name":"Auszeichnung","slug":"auszeichnung","term_group":0,"term_taxonomy_id":837,"taxonomy":"post_tag","description":"","parent":0,"count":15,"filter":"raw","image":""},{"term_id":8875,"name":"Die-Webzeitung","slug":"die-webzeitung","term_group":0,"term_taxonomy_id":8876,"taxonomy":"post_tag","description":"","parent":0,"count":4257,"filter":"raw","image":""},{"term_id":12750,"name":"Kundenservice","slug":"kundenservice","term_group":0,"term_taxonomy_id":12751,"taxonomy":"post_tag","description":"","parent":0,"count":1,"filter":"raw","image":""},{"term_id":68,"name":"Online-Zeitung","slug":"online-zeitung","term_group":0,"term_taxonomy_id":69,"taxonomy":"post_tag","description":"","parent":0,"count":4206,"filter":"raw","image":""},{"term_id":10391,"name":"W&amp;W AG","slug":"ww-ag","term_group":0,"term_taxonomy_id":10392,"taxonomy":"post_tag","description":"","parent":0,"count":3,"filter":"raw","image":""},{"term_id":18,"name":"W\u00fcrttembergische","slug":"wurttembergische","term_group":0,"term_taxonomy_id":18,"taxonomy":"post_tag","description":"","parent":0,"count":113,"filter":"raw","image":""},{"term_id":19,"name":"W\u00fcstenrot","slug":"wustenrot","term_group":0,"term_taxonomy_id":19,"taxonomy":"post_tag","description":"","parent":0,"count":181,"filter":"raw","image":""}]},"_links":{"self":[{"href":"https:\/\/die-webzeitung.de\/ludwigsburg\/wp-json\/wp\/v2\/posts\/175517","targetHints":{"allow":["GET"]}}],"collection":[{"href":"https:\/\/die-webzeitung.de\/ludwigsburg\/wp-json\/wp\/v2\/posts"}],"about":[{"href":"https:\/\/die-webzeitung.de\/ludwigsburg\/wp-json\/wp\/v2\/types\/post"}],"author":[{"embeddable":true,"href":"https:\/\/die-webzeitung.de\/ludwigsburg\/wp-json\/wp\/v2\/users\/4"}],"replies":[{"embeddable":true,"href":"https:\/\/die-webzeitung.de\/ludwigsburg\/wp-json\/wp\/v2\/comments?post=175517"}],"version-history":[{"count":1,"href":"https:\/\/die-webzeitung.de\/ludwigsburg\/wp-json\/wp\/v2\/posts\/175517\/revisions"}],"predecessor-version":[{"id":175518,"href":"https:\/\/die-webzeitung.de\/ludwigsburg\/wp-json\/wp\/v2\/posts\/175517\/revisions\/175518"}],"wp:featuredmedia":[{"embeddable":true,"href":"https:\/\/die-webzeitung.de\/ludwigsburg\/wp-json\/wp\/v2\/media\/168185"}],"wp:attachment":[{"href":"https:\/\/die-webzeitung.de\/ludwigsburg\/wp-json\/wp\/v2\/media?parent=175517"}],"wp:term":[{"taxonomy":"category","embeddable":true,"href":"https:\/\/die-webzeitung.de\/ludwigsburg\/wp-json\/wp\/v2\/categories?post=175517"},{"taxonomy":"post_tag","embeddable":true,"href":"https:\/\/die-webzeitung.de\/ludwigsburg\/wp-json\/wp\/v2\/tags?post=175517"}],"curies":[{"name":"wp","href":"https:\/\/api.w.org\/{rel}","templated":true}]}}