{"id":175165,"date":"2024-11-05T10:25:58","date_gmt":"2024-11-05T09:25:58","guid":{"rendered":"https:\/\/die-webzeitung.de\/ludwigsburg\/?p=175165"},"modified":"2024-11-05T10:26:31","modified_gmt":"2024-11-05T09:26:31","slug":"kooperation-unter-konkurrenten-gemeinsamer-steillagenwein-entsteht","status":"publish","type":"post","link":"https:\/\/die-webzeitung.de\/ludwigsburg\/2024\/11\/05\/kooperation-unter-konkurrenten-gemeinsamer-steillagenwein-entsteht\/","title":{"rendered":"Kooperation unter Konkurrenten: Gemeinsamer Steillagenwein entsteht"},"content":{"rendered":"<h3 style=\"text-align: justify;\"><strong>Landratsamt Ludwigsburg f\u00f6rdert Vermarktungsprojekt mit rund 300.000 Euro<\/strong><\/h3>\n<p style=\"text-align: justify;\">Ludwigsburg.| Schon im kommenden Jahr soll er in den Regalen des Einzelhandels stehen: Der neue Steillagenwein, den sechs Weinbauern und -genossenschaften gemeinsam kreieren. Der Landkreis Ludwigsburg f\u00f6rdert das Vermarktungskonzept bis 2027 mit insgesamt rund 300.000 Euro. \u201eErstmals produzieren konkurrierende Weinbetriebe gemeinsam einen Wein in dieser Dimension\u201c, freut sich Landrat Dietmar Allgaier bei der \u00dcbergabe des F\u00f6rderbescheids. Der Wein soll zu einem Preis von rund 10 Euro und sowohl als Wei\u00df-, Rot- als auch Ros\u00e9wein angeboten werden. \u201eIch freue mich \u00fcber dieses tolle Projekt und hoffe, dass die Kundinnen und Kunden diesen besonderen Steillagenwein auch intensiv kaufen werden. Schlie\u00dflich f\u00f6rdern sie damit den Erhalt unserer Steillagen und damit die traditionelle Kulturlandschaft in unserem Landkreis.\u201c<\/p>\n<h4 style=\"text-align: justify;\"><strong>Christian Kaiser: Starke Teams bieten einmalige Chance<\/strong><\/h4>\n<p style=\"text-align: justify;\">Beim Projekt dabei sind die Marbacher und Lauffener Weing\u00e4rtner, das Weingut Faschian, die Felsengartenkellerei sowie die Lembergerland Kellerei Rosswag und das Weinbergwerk, unter dessen Dach das Projekt l\u00e4uft. \u201eDas Weinbergwerk zeigt eindr\u00fccklich was uns die Steillagen schon Jahrhunderte lehren, n\u00e4mlich dass die Bearbeitung nur gemeinsam in starken Teams funktioniert. Daher ist das Konzept einer starken Gruppe aus Weing\u00fctern und Genossenschaften und mit Unterst\u00fctzung des Landratsamts eine einmalige Chance die Lebensfreude, Vielfalt und das Potential dieser Kulturlandschaft gemeinsam in Szene zu setzten\u201c, sagt Christian Kaiser, Gesch\u00e4ftsf\u00fchrer und Vorstandsmitglied von der Lembergerland Kellerei Rosswag sowie Bevollm\u00e4chtigter f\u00fcr das Weinbergwerk.<\/p>\n<p style=\"text-align: justify;\">Auch Matthias Hammer, Vorstandsvorsitzender der Marbach Weing\u00e4rtner, sieht den Vorteil des gemeinsamen Projekts f\u00fcr die beteiligten Winzer: \u201eDurch unser gemeinsames Engagement k\u00f6nnen wir den Menschen die Bedeutung der Steillagen f\u00fcr unsere Gegend n\u00e4herbringen. So hoffen wir, dass im entscheidenden Moment der Kunde sich f\u00fcr unsere Produkte entscheidet.\u201c<\/p>\n<h4 style=\"text-align: justify;\"><strong>Landrat: Kauf von Steillagenwein hilft, Kulturlandschaft der Steillagen zu erhalten<\/strong><\/h4>\n<p style=\"text-align: justify;\">Mit einer gezielten gemeinsamen Vermaktung soll der Steillagenwein im Lebensmitteleinzelhandel plaziert werden. Ziel ist, Mehreinnahmen f\u00fcr die Wengerter zu generieren. Damit soll der fehlenden Wirtschaftlichkeit des Weinbaus in den Steillagen entgegengewirkt werden. \u201eWir m\u00f6chten bei unseren B\u00fcrgerinnen und B\u00fcrgern und bei den G\u00e4sten darum werben, Wein aus dem Landkreis Ludwigsburg und insbesondere von unseren Steillagen zu genie\u00dfen\u201c, so Landrat Allgaier. \u201eUnsere Wengerter konkurrieren mit<\/p>\n<p style=\"text-align: justify;\">Weinbetrieben aus anderen Regionen in Europa und weltweit, die ihre Produkte g\u00fcnstiger anbieten k\u00f6nnen. Wer jedoch Wein aus unseren Steillagen kauft, wertsch\u00e4tzt damit nicht nur das Herzblut unserer Wengerter und honoriert die oftmals m\u00fchevolle Handarbeit, sondern sichert auch die Zukunft einer \u00fcber Jahrunderte hinweg gewachsenen Kulturlandschaft.\u201c<\/p>\n<hr \/>\n<p style=\"text-align: justify;\">\n","protected":false},"excerpt":{"rendered":"<p>Landratsamt Ludwigsburg f\u00f6rdert Vermarktungsprojekt mit rund 300.000 Euro Ludwigsburg.| Schon im kommenden Jahr soll er in den Regalen des Einzelhandels stehen: Der neue Steillagenwein, den sechs Weinbauern und -genossenschaften gemeinsam kreieren. Der Landkreis Ludwigsburg f\u00f6rdert das Vermarktungskonzept bis 2027 mit insgesamt rund 300.000 Euro. \u201eErstmals produzieren konkurrierende Weinbetriebe gemeinsam einen Wein in dieser Dimension\u201c, freut [&hellip;]<\/p>\n","protected":false},"author":4,"featured_media":175166,"comment_status":"closed","ping_status":"open","sticky":false,"template":"","format":"standard","meta":{"inline_featured_image":false,"_exactmetrics_skip_tracking":false,"_exactmetrics_sitenote_active":false,"_exactmetrics_sitenote_note":"","_exactmetrics_sitenote_category":0,"tdm_status":"","tdm_grid_status":"","footnotes":""},"categories":[59,65],"tags":[8875,6,68,6546,509],"class_list":{"0":"post-175165","1":"post","2":"type-post","3":"status-publish","4":"format-standard","5":"has-post-thumbnail","7":"category-aktuell","8":"category-kreis_ludwigsburg","9":"tag-die-webzeitung","10":"tag-ludwigsburg","11":"tag-online-zeitung","12":"tag-steillagen","13":"tag-wein"},"image_feature":"https:\/\/die-webzeitung.de\/ludwigsburg\/wp-content\/uploads\/sites\/5\/2024\/11\/Steil-scaled.jpg","author_name":"Redaktion","pure_taxonomies":{"categories":[{"term_id":59,"name":"Aktuell","slug":"aktuell","term_group":0,"term_taxonomy_id":60,"taxonomy":"category","description":"","parent":0,"count":1175,"filter":"raw","image":""},{"term_id":65,"name":"Kreis Ludwigsburg","slug":"kreis_ludwigsburg","term_group":0,"term_taxonomy_id":66,"taxonomy":"category","description":"","parent":171,"count":631,"filter":"raw","image":""}],"tags":[{"term_id":8875,"name":"Die-Webzeitung","slug":"die-webzeitung","term_group":0,"term_taxonomy_id":8876,"taxonomy":"post_tag","description":"","parent":0,"count":4257,"filter":"raw","image":""},{"term_id":6,"name":"Ludwigsburg","slug":"ludwigsburg","term_group":0,"term_taxonomy_id":6,"taxonomy":"post_tag","description":"","parent":0,"count":1353,"filter":"raw","image":""},{"term_id":68,"name":"Online-Zeitung","slug":"online-zeitung","term_group":0,"term_taxonomy_id":69,"taxonomy":"post_tag","description":"","parent":0,"count":4206,"filter":"raw","image":""},{"term_id":6546,"name":"Steillagen","slug":"steillagen","term_group":0,"term_taxonomy_id":6564,"taxonomy":"post_tag","description":"","parent":0,"count":5,"filter":"raw","image":""},{"term_id":509,"name":"Wein","slug":"wein","term_group":0,"term_taxonomy_id":516,"taxonomy":"post_tag","description":"","parent":0,"count":9,"filter":"raw","image":""}]},"_links":{"self":[{"href":"https:\/\/die-webzeitung.de\/ludwigsburg\/wp-json\/wp\/v2\/posts\/175165","targetHints":{"allow":["GET"]}}],"collection":[{"href":"https:\/\/die-webzeitung.de\/ludwigsburg\/wp-json\/wp\/v2\/posts"}],"about":[{"href":"https:\/\/die-webzeitung.de\/ludwigsburg\/wp-json\/wp\/v2\/types\/post"}],"author":[{"embeddable":true,"href":"https:\/\/die-webzeitung.de\/ludwigsburg\/wp-json\/wp\/v2\/users\/4"}],"replies":[{"embeddable":true,"href":"https:\/\/die-webzeitung.de\/ludwigsburg\/wp-json\/wp\/v2\/comments?post=175165"}],"version-history":[{"count":1,"href":"https:\/\/die-webzeitung.de\/ludwigsburg\/wp-json\/wp\/v2\/posts\/175165\/revisions"}],"predecessor-version":[{"id":175167,"href":"https:\/\/die-webzeitung.de\/ludwigsburg\/wp-json\/wp\/v2\/posts\/175165\/revisions\/175167"}],"wp:featuredmedia":[{"embeddable":true,"href":"https:\/\/die-webzeitung.de\/ludwigsburg\/wp-json\/wp\/v2\/media\/175166"}],"wp:attachment":[{"href":"https:\/\/die-webzeitung.de\/ludwigsburg\/wp-json\/wp\/v2\/media?parent=175165"}],"wp:term":[{"taxonomy":"category","embeddable":true,"href":"https:\/\/die-webzeitung.de\/ludwigsburg\/wp-json\/wp\/v2\/categories?post=175165"},{"taxonomy":"post_tag","embeddable":true,"href":"https:\/\/die-webzeitung.de\/ludwigsburg\/wp-json\/wp\/v2\/tags?post=175165"}],"curies":[{"name":"wp","href":"https:\/\/api.w.org\/{rel}","templated":true}]}}