{"id":174802,"date":"2024-10-03T10:25:12","date_gmt":"2024-10-03T09:25:12","guid":{"rendered":"https:\/\/die-webzeitung.de\/ludwigsburg\/?p=174802"},"modified":"2024-10-03T10:25:12","modified_gmt":"2024-10-03T09:25:12","slug":"ein-neuling-und-drei-rueckkehrer-fuer-bosnien-und-die-niederlande","status":"publish","type":"post","link":"https:\/\/die-webzeitung.de\/ludwigsburg\/2024\/10\/03\/ein-neuling-und-drei-rueckkehrer-fuer-bosnien-und-die-niederlande\/","title":{"rendered":"Ein Neuling und drei R\u00fcckkehrer f\u00fcr Bosnien und die Niederlande"},"content":{"rendered":"<p style=\"text-align: justify;\">Frankfurt.| Die deutsche Nationalmannschaft geht mit einem Neuling und drei R\u00fcckkehrern im Kader in die beiden anstehenden L\u00e4nderspiele in der UEFA Nations League. F\u00fcr die Partien gegen Bosnien und Herzegowina sowie die Niederlande hat Bundestrainer Julian Nagelsmann am Donnerstag, 03.10.2024, erstmals St\u00fcrmer Tim Kleindienst von Borussia M\u00f6nchengladbach nominiert. Verteidiger Antonio R\u00fcdiger von Real Madrid, St\u00fcrmer Serge Gnabry vom FC Bayern M\u00fcnchen und Torwart Janis Blaswich vom FC Red Bull Salzburg kehren zur\u00fcck in das insgesamt 23 Mann starke Aufgebot. R\u00fcdiger war im September nach einem intensiven Sommer in Absprache mit dem Bundestrainer nicht nominiert worden und hatte die Zeit zur Regeneration genutzt. Gnabry und Blaswich standen zuletzt im November 2023 im Kader der deutschen Nationalmannschaft.<\/p>\n<p style=\"text-align: justify;\">Zur Nominierung von Tim Kleindienst sagt Bundestrainer Julian Nagelsmann: \u201eTim Kleindienst hat in Heidenheim \u00fcber ein Jahr hinweg gute Leistungen in der Bundesliga gezeigt, auch bei seinem neuen Verein Borussia M\u00f6nchengladbach ist er gut eingeschlagen. Unter anderem ist er defensiv sehr verl\u00e4sslich. Er hat es sich verdient. Die Verletzung von Niclas F\u00fcllkrug ist eine gute Gelegenheit, Tim zu testen, er kann sich jetzt beweisen.\u201c<\/p>\n<p style=\"text-align: justify;\">Das DFB-Team kommt von Montag an im Home Ground von DFB-Partner adidas in Herzogenaurach zusammen. Am 11. Oktober (ab 20.45, live bei RTL) trifft Deutschland zun\u00e4chst in Zenica auf Gastgeber Bosnien und Herzegowina. Am 14. Oktober (ab 20.45 Uhr, live im ZDF) tritt die Nationalmannschaft dann in M\u00fcnchen zum R\u00fcckspiel gegen EM-Halbfinalist Niederlande an. F\u00fcr den Klassiker gibt es noch Restkarten im DFB-Ticketportal.<\/p>\n<p style=\"text-align: justify;\">Julian Nagelsmann sagt: \u201eBosnien und Herzegowina hatte noch kein Heimspiel unter dem neuen Trainer Sergej Barbarez. Ich gehe also davon aus, dass es emotional wird im Stadion, dass die Heimfans Bosnien und Herzegowina extrem anfeuern und pushen werden &#8211;\u00a0wir werden sicher eine hitzige Atmosph\u00e4re vorfinden. Wenn wir die Leistung aus den vergangenen beiden Spielen zeigen, bin ich guter Dinge, dass wir auch dieses Spiel gewinnen werden, gerade ausw\u00e4rts w\u00e4re es ein wichtiger Sieg. Gegen die Niederlande haben wir schon in Amsterdam ein gutes Spiel gemacht. Wir sind nach einem sehr schlechten Start gut zur\u00fcckgekommen. Es gibt ein paar Stellschrauben, an denen wir drehen wollen, um unser Heimspiel gegen einen sehr starken Gegner hoffentlich gewinnen zu k\u00f6nnen.\u201c<\/p>\n<hr \/>\n<p style=\"text-align: justify;\">\n","protected":false},"excerpt":{"rendered":"<p>Frankfurt.| Die deutsche Nationalmannschaft geht mit einem Neuling und drei R\u00fcckkehrern im Kader in die beiden anstehenden L\u00e4nderspiele in der UEFA Nations League. F\u00fcr die Partien gegen Bosnien und Herzegowina sowie die Niederlande hat Bundestrainer Julian Nagelsmann am Donnerstag, 03.10.2024, erstmals St\u00fcrmer Tim Kleindienst von Borussia M\u00f6nchengladbach nominiert. Verteidiger Antonio R\u00fcdiger von Real Madrid, St\u00fcrmer [&hellip;]<\/p>\n","protected":false},"author":4,"featured_media":166647,"comment_status":"closed","ping_status":"open","sticky":false,"template":"","format":"standard","meta":{"inline_featured_image":false,"_exactmetrics_skip_tracking":false,"_exactmetrics_sitenote_active":false,"_exactmetrics_sitenote_note":"","_exactmetrics_sitenote_category":0,"tdm_status":"","tdm_grid_status":"","footnotes":""},"categories":[59,110],"tags":[618,8875,129,12602,619,68],"class_list":{"0":"post-174802","1":"post","2":"type-post","3":"status-publish","4":"format-standard","5":"has-post-thumbnail","7":"category-aktuell","8":"category-sport","9":"tag-dfb","10":"tag-die-webzeitung","11":"tag-fusball","12":"tag-nagelsmann","13":"tag-nationalmannschaft","14":"tag-online-zeitung"},"image_feature":"https:\/\/die-webzeitung.de\/ludwigsburg\/wp-content\/uploads\/sites\/5\/2022\/10\/fussball-scaled.jpg","author_name":"Redaktion","pure_taxonomies":{"categories":[{"term_id":59,"name":"Aktuell","slug":"aktuell","term_group":0,"term_taxonomy_id":60,"taxonomy":"category","description":"","parent":0,"count":1175,"filter":"raw","image":""},{"term_id":110,"name":"Sport","slug":"sport","term_group":0,"term_taxonomy_id":112,"taxonomy":"category","description":"Sportberichte","parent":0,"count":1115,"filter":"raw","image":""}],"tags":[{"term_id":618,"name":"DFB","slug":"dfb","term_group":0,"term_taxonomy_id":626,"taxonomy":"post_tag","description":"","parent":0,"count":48,"filter":"raw","image":""},{"term_id":8875,"name":"Die-Webzeitung","slug":"die-webzeitung","term_group":0,"term_taxonomy_id":8876,"taxonomy":"post_tag","description":"","parent":0,"count":4257,"filter":"raw","image":""},{"term_id":129,"name":"Fu\u00dfball","slug":"fusball","term_group":0,"term_taxonomy_id":131,"taxonomy":"post_tag","description":"","parent":0,"count":189,"filter":"raw","image":""},{"term_id":12602,"name":"Nagelsmann","slug":"nagelsmann","term_group":0,"term_taxonomy_id":12603,"taxonomy":"post_tag","description":"","parent":0,"count":3,"filter":"raw","image":""},{"term_id":619,"name":"Nationalmannschaft","slug":"nationalmannschaft","term_group":0,"term_taxonomy_id":627,"taxonomy":"post_tag","description":"","parent":0,"count":29,"filter":"raw","image":""},{"term_id":68,"name":"Online-Zeitung","slug":"online-zeitung","term_group":0,"term_taxonomy_id":69,"taxonomy":"post_tag","description":"","parent":0,"count":4206,"filter":"raw","image":""}]},"_links":{"self":[{"href":"https:\/\/die-webzeitung.de\/ludwigsburg\/wp-json\/wp\/v2\/posts\/174802","targetHints":{"allow":["GET"]}}],"collection":[{"href":"https:\/\/die-webzeitung.de\/ludwigsburg\/wp-json\/wp\/v2\/posts"}],"about":[{"href":"https:\/\/die-webzeitung.de\/ludwigsburg\/wp-json\/wp\/v2\/types\/post"}],"author":[{"embeddable":true,"href":"https:\/\/die-webzeitung.de\/ludwigsburg\/wp-json\/wp\/v2\/users\/4"}],"replies":[{"embeddable":true,"href":"https:\/\/die-webzeitung.de\/ludwigsburg\/wp-json\/wp\/v2\/comments?post=174802"}],"version-history":[{"count":1,"href":"https:\/\/die-webzeitung.de\/ludwigsburg\/wp-json\/wp\/v2\/posts\/174802\/revisions"}],"predecessor-version":[{"id":174803,"href":"https:\/\/die-webzeitung.de\/ludwigsburg\/wp-json\/wp\/v2\/posts\/174802\/revisions\/174803"}],"wp:featuredmedia":[{"embeddable":true,"href":"https:\/\/die-webzeitung.de\/ludwigsburg\/wp-json\/wp\/v2\/media\/166647"}],"wp:attachment":[{"href":"https:\/\/die-webzeitung.de\/ludwigsburg\/wp-json\/wp\/v2\/media?parent=174802"}],"wp:term":[{"taxonomy":"category","embeddable":true,"href":"https:\/\/die-webzeitung.de\/ludwigsburg\/wp-json\/wp\/v2\/categories?post=174802"},{"taxonomy":"post_tag","embeddable":true,"href":"https:\/\/die-webzeitung.de\/ludwigsburg\/wp-json\/wp\/v2\/tags?post=174802"}],"curies":[{"name":"wp","href":"https:\/\/api.w.org\/{rel}","templated":true}]}}