{"id":174163,"date":"2024-07-27T11:02:40","date_gmt":"2024-07-27T10:02:40","guid":{"rendered":"https:\/\/die-webzeitung.de\/ludwigsburg\/?p=174163"},"modified":"2024-07-27T11:03:23","modified_gmt":"2024-07-27T10:03:23","slug":"u17-auf-dem-gelaende-der-prezero-arena-angekommen","status":"publish","type":"post","link":"https:\/\/die-webzeitung.de\/ludwigsburg\/2024\/07\/27\/u17-auf-dem-gelaende-der-prezero-arena-angekommen\/","title":{"rendered":"U17 auf dem Gel\u00e4nde der PreZero Arena angekommen"},"content":{"rendered":"<div style=\"text-align: justify;\"><strong>Das Technik Museum Sinsheim in Sicht<\/strong><\/div>\n<div style=\"text-align: justify;\"><\/div>\n<div style=\"text-align: justify;\">Am Freitag, 26. Juli, absolvierte U17 die vorletzte Etappe durch den Kraichgau. Die Strecke von Weiler bis zum Gel\u00e4nde der TSG Hoffenheim f\u00fchrte \u00fcber kurvenreiche Serpentinenstra\u00dfen, was den Transport einmal mehr zu einer beeindruckenden logistischen Leistung machte. Bis zur \u00dcberquerung der Autobahn am Samstag, 27. Juli, bleibt U17 auf dem Stadionparkplatz. Von 12 bis 18 Uhr findet auf dem Gel\u00e4nde der PreZero Arena ein von der TSG Hoffenheim initiiertes U-Boot-Event statt. Danach f\u00e4hrt U17 zum zweiten und letzten Mal \u00fcber die vollgesperrte Autobahn mit dem Endziel Technik Museum Sinsheim.<\/div>\n<div><\/div>\n<div style=\"text-align: justify;\">Der U17-Transport der Technik Museen Sinsheim Speyer startete am fr\u00fchen Vormittag in Hilsbach und bewegte sich langsam durch die enge Stra\u00dfe in die Nachbargemeinde Weiler. Auf dem Weg durch den Sinsheimer Stadtteil wurden sowohl das Transportteam als auch die Zuschauer von den \u00f6rtlichen Vereinen und Organisationen kulinarisch versorgt. Am Fu\u00dfe der Burg Steinsberg galt es, einen Kreisverkehr und die kurvenreiche Stra\u00dfe entlang der H\u00e4userfassaden zu meistern. Zeitweise war es zwischen den H\u00e4usern so eng, dass kurzerhand Stra\u00dfenschilder abmontiert wurden, um die Durchfahrt zu erm\u00f6glichen. Da das Burgdorf auf der h\u00f6chsten Erhebung des Kraichgaus liegt, ging es am Ortsausgang wieder bergab. Dank sorgf\u00e4ltiger Planung und Vorbereitung, zu der auch das Begradigen von Stra\u00dfenabschnitten mit Stahlplatten geh\u00f6rte, konnte der Transport reibungslos durchgef\u00fchrt werden. Zahlreiche Schaulustige s\u00e4umten die Strecke und dokumentierten das ungew\u00f6hnliche Ereignis mit ihren Kameras. Die kurvenreiche Strecke von Weiler nach Sinsheim ist bekannt f\u00fcr ihre landschaftliche Sch\u00f6nheit und die anspruchsvolle Streckenf\u00fchrung. Der Transport erforderte daher besonderes Geschick von den Fahrern und Begleitfahrzeugen, die den 30-achsigen Tieflader samt U17 eskortierten. Gegen 16:30 Uhr kam der maritime Oldtimer der Technik Museen Sinsheim Speyer auf dem Stadiongel\u00e4nde des Bundesligisten TSG 1899 Hoffenheim an.<\/div>\n<div style=\"text-align: justify;\">\n<p>&nbsp;<\/p>\n<p>Solche Transporte von Exponaten wie das U-Boot U17, eine Leihgabe der Wehrtechnischen Studiensammlung des Bundesamtes f\u00fcr Ausr\u00fcstung, Informationstechnik und Nutzung der Bundeswehr (BAAINBw), sind f\u00fcr den gemeinn\u00fctzigen Museumsverein nur mit Unterst\u00fctzung m\u00f6glich. Denn die Museen sind eine Non-Profit-Organisation: Jeder Cent, der durch Eintrittsgelder, Mitgliedsbeitr\u00e4ge oder Spenden eingenommen wird, kommt den Museen zugute. Wer den Transport und den Verein unterst\u00fctzen m\u00f6chte: Ab dem 10. August k\u00f6nnen U17-Fans mehr \u00fcber die Geschichte und Technik des U-Boots erfahren. Die exklusiven F\u00fchrungen mit echten U-Boot-Fahrern sind ab sofort unter <span style=\"color: #0000ff;\"><a style=\"color: #0000ff;\" href=\"http:\/\/www.technik-museum.de\/u17-fuehrung\" target=\"_blank\" rel=\"noopener\" data-saferedirecturl=\"https:\/\/www.google.com\/url?q=http:\/\/www.technik-museum.de\/u17-fuehrung&amp;source=gmail&amp;ust=1722159698621000&amp;usg=AOvVaw1kTdLGmNjYbTEiXYY97gW9\">www.technik-museum.de\/u17-<wbr \/>fuehrung<\/a><\/span> buchbar. Dabei berichten die Seeb\u00e4ren des Verbandes Deutscher Ubootfahrer e.V. \u00fcber ihr Leben an Bord eines U-Bootes. Nach der Au\u00dfenbesichtigung von U17 zeigen und erkl\u00e4ren die U-Boot-Fahrer die zahlreichen Gegenst\u00e4nde des t\u00e4glichen Bedarfs an Bord von U17. Dar\u00fcber hinaus kann sich jeder mit einem finanziellen Beitrag am Projekt U17 beteiligen und dazu beitragen, dass dieses Mega-Exponat f\u00fcr zuk\u00fcnftige Generationen erhalten bleibt.<\/p>\n<p style=\"text-align: justify;\">F\u00fcr alle, die nicht live vor Ort dabei sein k\u00f6nnen, \u00fcbertragen die Technik Museen Sinsheim Speyer die finale Tagesetappe wie gewohnt als Livestream. Der Transport kann zudem \u00fcber die sozialen Medien und via <span style=\"color: #0000ff;\"><a style=\"color: #0000ff;\" href=\"http:\/\/www.technik-museum.de\/u17\" target=\"_blank\" rel=\"noopener\" data-saferedirecturl=\"https:\/\/www.google.com\/url?q=http:\/\/www.technik-museum.de\/u17&amp;source=gmail&amp;ust=1722159698621000&amp;usg=AOvVaw0Sgd4fUUlHQHApxhqhPm6R\">www.technik-museum.de\/u17<\/a><\/span> verfolgt werden.<\/p>\n<hr \/>\n<p style=\"text-align: justify;\">\n<\/div>\n","protected":false},"excerpt":{"rendered":"<p>Das Technik Museum Sinsheim in Sicht Am Freitag, 26. Juli, absolvierte U17 die vorletzte Etappe durch den Kraichgau. Die Strecke von Weiler bis zum Gel\u00e4nde der TSG Hoffenheim f\u00fchrte \u00fcber kurvenreiche Serpentinenstra\u00dfen, was den Transport einmal mehr zu einer beeindruckenden logistischen Leistung machte. Bis zur \u00dcberquerung der Autobahn am Samstag, 27. Juli, bleibt U17 auf [&hellip;]<\/p>\n","protected":false},"author":4,"featured_media":174164,"comment_status":"closed","ping_status":"open","sticky":false,"template":"","format":"standard","meta":{"inline_featured_image":false,"_exactmetrics_skip_tracking":false,"_exactmetrics_sitenote_active":false,"_exactmetrics_sitenote_note":"","_exactmetrics_sitenote_category":0,"tdm_status":"","tdm_grid_status":"","footnotes":""},"categories":[59,2402],"tags":[4,8875,1556,68,12635,12648,3848],"class_list":{"0":"post-174163","1":"post","2":"type-post","3":"status-publish","4":"format-standard","5":"has-post-thumbnail","7":"category-aktuell","8":"category-baden-wuerttemberg","9":"tag-baden-wurttemberg","10":"tag-die-webzeitung","11":"tag-museum","12":"tag-online-zeitung","13":"tag-sinsheim","14":"tag-u-boot","15":"tag-u17"},"image_feature":"https:\/\/die-webzeitung.de\/ludwigsburg\/wp-content\/uploads\/sites\/5\/2024\/07\/u17_in_weiler_2024-1-scaled.jpg","author_name":"Redaktion","pure_taxonomies":{"categories":[{"term_id":59,"name":"Aktuell","slug":"aktuell","term_group":0,"term_taxonomy_id":60,"taxonomy":"category","description":"","parent":0,"count":1175,"filter":"raw","image":""},{"term_id":2402,"name":"Baden-W\u00fcrttemberg","slug":"baden-wuerttemberg","term_group":0,"term_taxonomy_id":2414,"taxonomy":"category","description":"","parent":171,"count":248,"filter":"raw","image":""}],"tags":[{"term_id":4,"name":"Baden-W\u00fcrttemberg","slug":"baden-wurttemberg","term_group":0,"term_taxonomy_id":4,"taxonomy":"post_tag","description":"","parent":0,"count":140,"filter":"raw","image":""},{"term_id":8875,"name":"Die-Webzeitung","slug":"die-webzeitung","term_group":0,"term_taxonomy_id":8876,"taxonomy":"post_tag","description":"","parent":0,"count":4257,"filter":"raw","image":""},{"term_id":1556,"name":"Museum","slug":"museum","term_group":0,"term_taxonomy_id":1565,"taxonomy":"post_tag","description":"","parent":0,"count":6,"filter":"raw","image":""},{"term_id":68,"name":"Online-Zeitung","slug":"online-zeitung","term_group":0,"term_taxonomy_id":69,"taxonomy":"post_tag","description":"","parent":0,"count":4206,"filter":"raw","image":""},{"term_id":12635,"name":"Sinsheim","slug":"sinsheim","term_group":0,"term_taxonomy_id":12636,"taxonomy":"post_tag","description":"","parent":0,"count":2,"filter":"raw","image":""},{"term_id":12648,"name":"U-Boot","slug":"u-boot","term_group":0,"term_taxonomy_id":12649,"taxonomy":"post_tag","description":"","parent":0,"count":1,"filter":"raw","image":""},{"term_id":3848,"name":"U17","slug":"u17","term_group":0,"term_taxonomy_id":3861,"taxonomy":"post_tag","description":"","parent":0,"count":2,"filter":"raw","image":""}]},"_links":{"self":[{"href":"https:\/\/die-webzeitung.de\/ludwigsburg\/wp-json\/wp\/v2\/posts\/174163","targetHints":{"allow":["GET"]}}],"collection":[{"href":"https:\/\/die-webzeitung.de\/ludwigsburg\/wp-json\/wp\/v2\/posts"}],"about":[{"href":"https:\/\/die-webzeitung.de\/ludwigsburg\/wp-json\/wp\/v2\/types\/post"}],"author":[{"embeddable":true,"href":"https:\/\/die-webzeitung.de\/ludwigsburg\/wp-json\/wp\/v2\/users\/4"}],"replies":[{"embeddable":true,"href":"https:\/\/die-webzeitung.de\/ludwigsburg\/wp-json\/wp\/v2\/comments?post=174163"}],"version-history":[{"count":2,"href":"https:\/\/die-webzeitung.de\/ludwigsburg\/wp-json\/wp\/v2\/posts\/174163\/revisions"}],"predecessor-version":[{"id":174166,"href":"https:\/\/die-webzeitung.de\/ludwigsburg\/wp-json\/wp\/v2\/posts\/174163\/revisions\/174166"}],"wp:featuredmedia":[{"embeddable":true,"href":"https:\/\/die-webzeitung.de\/ludwigsburg\/wp-json\/wp\/v2\/media\/174164"}],"wp:attachment":[{"href":"https:\/\/die-webzeitung.de\/ludwigsburg\/wp-json\/wp\/v2\/media?parent=174163"}],"wp:term":[{"taxonomy":"category","embeddable":true,"href":"https:\/\/die-webzeitung.de\/ludwigsburg\/wp-json\/wp\/v2\/categories?post=174163"},{"taxonomy":"post_tag","embeddable":true,"href":"https:\/\/die-webzeitung.de\/ludwigsburg\/wp-json\/wp\/v2\/tags?post=174163"}],"curies":[{"name":"wp","href":"https:\/\/api.w.org\/{rel}","templated":true}]}}