{"id":174052,"date":"2024-07-15T13:36:24","date_gmt":"2024-07-15T12:36:24","guid":{"rendered":"https:\/\/die-webzeitung.de\/ludwigsburg\/?p=174052"},"modified":"2024-07-15T13:36:24","modified_gmt":"2024-07-15T12:36:24","slug":"web-unterstuetzt-klimakampagne-der-stadt-ludwigsburg","status":"publish","type":"post","link":"https:\/\/die-webzeitung.de\/ludwigsburg\/2024\/07\/15\/web-unterstuetzt-klimakampagne-der-stadt-ludwigsburg\/","title":{"rendered":"WEB unterst\u00fctzt Klimakampagne der\u00a0 Stadt Ludwigsburg"},"content":{"rendered":"<p style=\"text-align: justify;\">Unter dem Motto \u201eLust auf ganzheitliche Energieberatung\u201c beteiligt sich die W\u00fcstenrot Energieberatung GmbH (WEB), eine Tochter der W\u00fcstenrot Haus- und St\u00e4dtebau GmbH (WHS), an der Klimaneutralit\u00e4tskampagne der Stadt Ludwigsburg. Mit der Kampagne soll die Klimaneutralit\u00e4t der Barockstadt bis zum Jahr 2035 gef\u00f6rdert werden.<\/p>\n<p style=\"text-align: justify;\">Mit der neuesten \u00c4nderung des Klimaschutzgesetzes hat die Bundesregierung das Ziel der Treibhausgasneutralit\u00e4t bis 2045 verankert. Die Stadt Ludwigsburg geht sogar noch einen Schritt weiter \u2013 bis 2035 soll die Stadt klimaneutral sein. Um das zu erreichen, hat die Barockstadt eine eigene Klimaneutralit\u00e4tskampagne mit dem\u00a0 zukunftsweisenden Claim \u201eUnsere Stadt. 100% klimaneutral\u201c gestartet. Das Ziel: Sie will die gesamte Stadtgesellschaft in Ludwigsburg erreichen sowie die Menschen vor Ort motivieren und bef\u00e4higen, aktiv und wirkungsvoll zum Klimaneutralit\u00e4tsziel beizutragen.<\/p>\n<p style=\"text-align: justify;\"><strong>WEB \u00fcbernimmt Verantwortung<\/strong><\/p>\n<p style=\"text-align: justify;\">Die WEB ist aktiver Partner der Kampagne und m\u00f6chte so ihren Teil zum Erreichen der Ziele beitragen. \u201eAls Experten beim Thema Energieberatung kennen wir die Chancen und Vorteile einer klimaneutralen Stadt und freuen uns, diese Expertise in die Stadtgesellschaft einzubringen. Damit zeigen wir an unserem Standort Ludwigsburg Verantwortung f\u00fcr eine lebenswerte Zukunft\u201c, sagt Marcus Ziemer, Gesch\u00e4ftsf\u00fchrer der WEB.<\/p>\n<p style=\"text-align: justify;\"><strong>Erfolgreiche Auftaktveranstaltung<\/strong><\/p>\n<p style=\"text-align: justify;\">Der Startschuss der Kampagne fiel am 26. Juni bei der Auftaktveranstaltung im Franck-Areal. Dort pr\u00e4sentierten Oberb\u00fcrgermeister Dr. Matthias Knecht und Baub\u00fcrgermeisterin Andrea Schwarz die neue Klimakampagne. Gemeinsam mit mehr als 20 Ludwigsburger Unternehmen, Vereinen und Institutionen nahmen f\u00fcr die WEB Marcus Ziemer, Jonathan Eichhorn, Vincenzo Formaro und f\u00fcr die WHS Lea Hagenlocher als Nachhaltigkeitsbeauftragte an der Veranstaltung teil und bekr\u00e4ftigten ihre Unterst\u00fctzung f\u00fcr das Klimaneutralit\u00e4tsziel der Stadt Ludwigsburg.<\/p>\n<hr \/>\n<p style=\"text-align: justify;\">\n","protected":false},"excerpt":{"rendered":"<p>Unter dem Motto \u201eLust auf ganzheitliche Energieberatung\u201c beteiligt sich die W\u00fcstenrot Energieberatung GmbH (WEB), eine Tochter der W\u00fcstenrot Haus- und St\u00e4dtebau GmbH (WHS), an der Klimaneutralit\u00e4tskampagne der Stadt Ludwigsburg. Mit der Kampagne soll die Klimaneutralit\u00e4t der Barockstadt bis zum Jahr 2035 gef\u00f6rdert werden. Mit der neuesten \u00c4nderung des Klimaschutzgesetzes hat die Bundesregierung das Ziel der [&hellip;]<\/p>\n","protected":false},"author":4,"featured_media":0,"comment_status":"closed","ping_status":"open","sticky":false,"template":"","format":"standard","meta":{"inline_featured_image":false,"_exactmetrics_skip_tracking":false,"_exactmetrics_sitenote_active":false,"_exactmetrics_sitenote_note":"","_exactmetrics_sitenote_category":0,"tdm_status":"","tdm_grid_status":"","footnotes":""},"categories":[479],"tags":[8875,12643,6,68,19],"class_list":{"0":"post-174052","1":"post","2":"type-post","3":"status-publish","4":"format-standard","6":"category-wirtschaft","7":"tag-die-webzeitung","8":"tag-klimakampagne","9":"tag-ludwigsburg","10":"tag-online-zeitung","11":"tag-wustenrot"},"image_feature":null,"author_name":"Redaktion","pure_taxonomies":{"categories":[{"term_id":479,"name":"Wirtschaft","slug":"wirtschaft","term_group":0,"term_taxonomy_id":1941,"taxonomy":"category","description":"","parent":0,"count":392,"filter":"raw","image":""}],"tags":[{"term_id":8875,"name":"Die-Webzeitung","slug":"die-webzeitung","term_group":0,"term_taxonomy_id":8876,"taxonomy":"post_tag","description":"","parent":0,"count":4257,"filter":"raw","image":""},{"term_id":12643,"name":"Klimakampagne","slug":"klimakampagne","term_group":0,"term_taxonomy_id":12644,"taxonomy":"post_tag","description":"","parent":0,"count":1,"filter":"raw","image":""},{"term_id":6,"name":"Ludwigsburg","slug":"ludwigsburg","term_group":0,"term_taxonomy_id":6,"taxonomy":"post_tag","description":"","parent":0,"count":1353,"filter":"raw","image":""},{"term_id":68,"name":"Online-Zeitung","slug":"online-zeitung","term_group":0,"term_taxonomy_id":69,"taxonomy":"post_tag","description":"","parent":0,"count":4206,"filter":"raw","image":""},{"term_id":19,"name":"W\u00fcstenrot","slug":"wustenrot","term_group":0,"term_taxonomy_id":19,"taxonomy":"post_tag","description":"","parent":0,"count":181,"filter":"raw","image":""}]},"_links":{"self":[{"href":"https:\/\/die-webzeitung.de\/ludwigsburg\/wp-json\/wp\/v2\/posts\/174052","targetHints":{"allow":["GET"]}}],"collection":[{"href":"https:\/\/die-webzeitung.de\/ludwigsburg\/wp-json\/wp\/v2\/posts"}],"about":[{"href":"https:\/\/die-webzeitung.de\/ludwigsburg\/wp-json\/wp\/v2\/types\/post"}],"author":[{"embeddable":true,"href":"https:\/\/die-webzeitung.de\/ludwigsburg\/wp-json\/wp\/v2\/users\/4"}],"replies":[{"embeddable":true,"href":"https:\/\/die-webzeitung.de\/ludwigsburg\/wp-json\/wp\/v2\/comments?post=174052"}],"version-history":[{"count":1,"href":"https:\/\/die-webzeitung.de\/ludwigsburg\/wp-json\/wp\/v2\/posts\/174052\/revisions"}],"predecessor-version":[{"id":174053,"href":"https:\/\/die-webzeitung.de\/ludwigsburg\/wp-json\/wp\/v2\/posts\/174052\/revisions\/174053"}],"wp:attachment":[{"href":"https:\/\/die-webzeitung.de\/ludwigsburg\/wp-json\/wp\/v2\/media?parent=174052"}],"wp:term":[{"taxonomy":"category","embeddable":true,"href":"https:\/\/die-webzeitung.de\/ludwigsburg\/wp-json\/wp\/v2\/categories?post=174052"},{"taxonomy":"post_tag","embeddable":true,"href":"https:\/\/die-webzeitung.de\/ludwigsburg\/wp-json\/wp\/v2\/tags?post=174052"}],"curies":[{"name":"wp","href":"https:\/\/api.w.org\/{rel}","templated":true}]}}