{"id":172503,"date":"2024-02-22T17:02:42","date_gmt":"2024-02-22T16:02:42","guid":{"rendered":"https:\/\/die-webzeitung.de\/ludwigsburg\/?p=172503"},"modified":"2024-02-22T17:02:42","modified_gmt":"2024-02-22T16:02:42","slug":"solarpower-auf-dem-balkon-richtig-versichern","status":"publish","type":"post","link":"https:\/\/die-webzeitung.de\/ludwigsburg\/2024\/02\/22\/solarpower-auf-dem-balkon-richtig-versichern\/","title":{"rendered":"Solarpower auf dem Balkon richtig versichern"},"content":{"rendered":"<p style=\"text-align: justify;\"><strong>Balkonkraftwerke liegen im Trend. Ihre Verbreitung wird sich weiter beschleunigen, zumal die Bundesregierung das Ziel hat, bis 2030 den Anteil erneuerbarer Energien am Bruttostromverbrauch auf 80 Prozent zu erh\u00f6hen. Die W\u00fcrttembergische Versicherung informiert \u00fcber den passenden Versicherungsschutz solcher Balkonanlagen.<\/strong><\/p>\n<p style=\"text-align: justify;\">Bereits seit 2023 k\u00f6nnen sich B\u00fcrgerinnen und B\u00fcrger \u00fcber Erleichterungen im Bereich Photovoltaik freuen. So f\u00e4llt beispielsweise beim Kauf von Balkonanlagen keine Mehrwertsteuer mehr an. Zahlreiche Gesetzes\u00e4nderungen sollen k\u00fcnftig helfen, B\u00fcrokratie abzubauen und den Bau und den Betrieb von Photovoltaik-Anlagen zu beschleunigen. Dazu z\u00e4hlen beispielsweise folgende Ma\u00dfnahmen:<\/p>\n<ul style=\"text-align: justify;\">\n<li>Die Anmeldung beim Netzbetreiber f\u00e4llt weg. Es reicht die Eintragung ins Marktstammdatenregister, und diese soll deutlich einfacher und weniger umfangreich sein als zuvor.<\/li>\n<li>Alte, nicht digitale Stromz\u00e4hler d\u00fcrfen \u00fcbergangsweise weiterverwendet werden. Der Einbau eines neuen Zweirichtungsz\u00e4hlers ist vorerst nicht notwendig. Die alten, sogenannten Ferraris-Z\u00e4hler drehen sich bei der Stromeinspeisung durch das Balkonkraftwerk einfach r\u00fcckw\u00e4rts.<\/li>\n<li>Statt bisher 600 Watt darf eine Balkonanlage seit Januar 2024 eine Leistung von bis zu 800 Watt einspeisen.<\/li>\n<li>Um eine noch einfachere Installation zu gew\u00e4hrleisten, sollen zuk\u00fcnftig auch Balkonsolaranlagen mit Schuko-Steckern erm\u00f6glicht werden. Solche Bestimmungen werden jedoch \u00fcber technische Normen geregelt und nicht \u00fcber Gesetze. Daher muss der Verband der Elektrotechnik Elektronik Informationstechnik (VDE) die aktuelle Norm noch \u00fcberarbeiten.<\/li>\n<\/ul>\n<p style=\"text-align: justify;\">Wer eine private Balkonanlage au\u00dfen fest mit dem Wohngeb\u00e4ude oder dem Gel\u00e4nder verbunden anbringt, kann diese \u00fcber die Wohngeb\u00e4udeversicherung versichern. Eine andere M\u00f6glichkeit ist die Absicherung \u00fcber die Hausratversicherung, wenn Mieterinnen und Mieter oder Eigent\u00fcmerinnen und Eigent\u00fcmer einer selbstbewohnten Wohnung die Anlage auf eigene Kosten anschaffen. Mit einer Privat- bzw. Haus- und Grundbesitzerhaftpflichtversicherung ist man abgesichert, wenn durch die Balkonanlage Sch\u00e4den an fremdem Eigentum entstehen oder Personen zu Schaden kommen.<\/p>\n<p style=\"text-align: justify;\">Die W\u00fcrttembergische Versicherung empfiehlt allen, die ein Balkonkraftwerk anschaffen wollen oder angeschafft haben, das Thema Versicherungsschutz mit den Ansprechpartnerinnen und Ansprechpartnern ihrer Versicherung zu kl\u00e4ren.<\/p>\n<hr \/>\n<p style=\"text-align: justify;\">\n","protected":false},"excerpt":{"rendered":"<p>Balkonkraftwerke liegen im Trend. Ihre Verbreitung wird sich weiter beschleunigen, zumal die Bundesregierung das Ziel hat, bis 2030 den Anteil erneuerbarer Energien am Bruttostromverbrauch auf 80 Prozent zu erh\u00f6hen. Die W\u00fcrttembergische Versicherung informiert \u00fcber den passenden Versicherungsschutz solcher Balkonanlagen. Bereits seit 2023 k\u00f6nnen sich B\u00fcrgerinnen und B\u00fcrger \u00fcber Erleichterungen im Bereich Photovoltaik freuen. So f\u00e4llt [&hellip;]<\/p>\n","protected":false},"author":4,"featured_media":0,"comment_status":"closed","ping_status":"open","sticky":false,"template":"","format":"standard","meta":{"inline_featured_image":false,"_exactmetrics_skip_tracking":false,"_exactmetrics_sitenote_active":false,"_exactmetrics_sitenote_note":"","_exactmetrics_sitenote_category":0,"tdm_status":"","tdm_grid_status":"","footnotes":""},"categories":[8],"tags":[8875,68,12520,12378,18],"class_list":{"0":"post-172503","1":"post","2":"type-post","3":"status-publish","4":"format-standard","6":"category-ratgeber-leben","7":"tag-die-webzeitung","8":"tag-online-zeitung","9":"tag-solarpower","10":"tag-versichern","11":"tag-wurttembergische"},"image_feature":null,"author_name":"Redaktion","pure_taxonomies":{"categories":[{"term_id":8,"name":"Ratgeber","slug":"ratgeber-leben","term_group":0,"term_taxonomy_id":8,"taxonomy":"category","description":"","parent":482,"count":380,"filter":"raw","image":""}],"tags":[{"term_id":8875,"name":"Die-Webzeitung","slug":"die-webzeitung","term_group":0,"term_taxonomy_id":8876,"taxonomy":"post_tag","description":"","parent":0,"count":4255,"filter":"raw","image":""},{"term_id":68,"name":"Online-Zeitung","slug":"online-zeitung","term_group":0,"term_taxonomy_id":69,"taxonomy":"post_tag","description":"","parent":0,"count":4204,"filter":"raw","image":""},{"term_id":12520,"name":"Solarpower","slug":"solarpower","term_group":0,"term_taxonomy_id":12521,"taxonomy":"post_tag","description":"","parent":0,"count":1,"filter":"raw","image":""},{"term_id":12378,"name":"versichern","slug":"versichern","term_group":0,"term_taxonomy_id":12379,"taxonomy":"post_tag","description":"","parent":0,"count":2,"filter":"raw","image":""},{"term_id":18,"name":"W\u00fcrttembergische","slug":"wurttembergische","term_group":0,"term_taxonomy_id":18,"taxonomy":"post_tag","description":"","parent":0,"count":113,"filter":"raw","image":""}]},"_links":{"self":[{"href":"https:\/\/die-webzeitung.de\/ludwigsburg\/wp-json\/wp\/v2\/posts\/172503","targetHints":{"allow":["GET"]}}],"collection":[{"href":"https:\/\/die-webzeitung.de\/ludwigsburg\/wp-json\/wp\/v2\/posts"}],"about":[{"href":"https:\/\/die-webzeitung.de\/ludwigsburg\/wp-json\/wp\/v2\/types\/post"}],"author":[{"embeddable":true,"href":"https:\/\/die-webzeitung.de\/ludwigsburg\/wp-json\/wp\/v2\/users\/4"}],"replies":[{"embeddable":true,"href":"https:\/\/die-webzeitung.de\/ludwigsburg\/wp-json\/wp\/v2\/comments?post=172503"}],"version-history":[{"count":1,"href":"https:\/\/die-webzeitung.de\/ludwigsburg\/wp-json\/wp\/v2\/posts\/172503\/revisions"}],"predecessor-version":[{"id":172504,"href":"https:\/\/die-webzeitung.de\/ludwigsburg\/wp-json\/wp\/v2\/posts\/172503\/revisions\/172504"}],"wp:attachment":[{"href":"https:\/\/die-webzeitung.de\/ludwigsburg\/wp-json\/wp\/v2\/media?parent=172503"}],"wp:term":[{"taxonomy":"category","embeddable":true,"href":"https:\/\/die-webzeitung.de\/ludwigsburg\/wp-json\/wp\/v2\/categories?post=172503"},{"taxonomy":"post_tag","embeddable":true,"href":"https:\/\/die-webzeitung.de\/ludwigsburg\/wp-json\/wp\/v2\/tags?post=172503"}],"curies":[{"name":"wp","href":"https:\/\/api.w.org\/{rel}","templated":true}]}}