{"id":172146,"date":"2024-01-17T17:30:46","date_gmt":"2024-01-17T16:30:46","guid":{"rendered":"https:\/\/die-webzeitung.de\/ludwigsburg\/?p=172146"},"modified":"2024-01-17T17:30:46","modified_gmt":"2024-01-17T16:30:46","slug":"das-fehlt-vielen-anderen-kommunen","status":"publish","type":"post","link":"https:\/\/die-webzeitung.de\/ludwigsburg\/2024\/01\/17\/das-fehlt-vielen-anderen-kommunen\/","title":{"rendered":"\u201eDas fehlt vielen anderen Kommunen\u201c"},"content":{"rendered":"<p style=\"text-align: justify;\"><strong>FDP-Europakandidat des Landkreises Ludwigsburg, Rick Kirstein, startet B\u00fcrgermeistergespr\u00e4che<\/strong><\/p>\n<p style=\"text-align: justify;\">In der Rathausstra\u00dfe 7 in Erligheim, im Amtszimmer des hiesigen B\u00fcrgermeisters, Rainer Sch\u00e4uffele, startet der Europakandidat der Freien Demokraten im Landkreis Ludwigsburg seine B\u00fcrgermeistergespr\u00e4che. Rick Kirstein ist zudem Vorsitzender des FDP-Ortsverbandes Vaihingen-Sachsenheim und stellvertretender Kreisvorsitzender. \u201eMich interessieren die lokalen Gegebenheiten, wie es den Kommunen im Landkreis ergeht\u201c, so Kirstein zu seiner Motivation B\u00fcrgermeistergespr\u00e4che zu f\u00fchren.<\/p>\n<p style=\"text-align: justify;\">\u201eAls Kommune \u00fcberblicken wir h\u00e4ufig nicht, von welcher Ebene die umzusetzenden Regelungen kommen\u201c, kritisiert B\u00fcrgermeister Sch\u00e4uffele und erg\u00e4nzt: \u201eIch habe zu wenig Durchblick, was alles aus Europa kommt\u201c. Umso wichtiger sei es Transparenz zu schaffen und sich um europ\u00e4ische Zusammenh\u00e4nge vor Ort zu k\u00fcmmern, entgegnet der Sachsenheimer Kirstein.<\/p>\n<p>Sch\u00e4uffele erl\u00e4utert, dass seine Kommune die Quoten zur Aufnahme von Gefl\u00fcchteten bisher stets erf\u00fcllen konnte, ihm sei klar: \u201eDie Kommunen m\u00fcssen hier etwas tun\u201c. Ebenfalls gut aufgestellt sei die 3.000 Einwohner starke Kommune bei der Kinderbetreuung: \u201eEinige Tagesm\u00fctter kommen uns hierbei zugute\u201c, erkl\u00e4rt Sch\u00e4uffele. \u201eDas Gegenteil von anderen Kommunen\u201c, erwidert Kirstein und kritisiert die allgemeine Betreuungssituation.<\/p>\n<p style=\"text-align: justify;\">\u201eWir sind viele Jahre schuldenfrei, das hei\u00dft allerdings nicht, dass wir reich sind\u201c, kommt Sch\u00e4uffele auf die finanzielle Situation von Erligheim zu sprechen: \u201eWir sind gut mit eigenem Gewerbe versorgt\u201c. \u201eIn Erligheim wurde \u00fcber Jahrzehnte bedacht vorausgedacht. Das fehlt vielen anderen Kommunen\u201c zeigt sich der FDP-Europakandidat erfreut \u00fcber die gute finanzielle Lage.<\/p>\n<p style=\"text-align: justify;\">Zum Abschluss des Gespr\u00e4chs bedankt sich Rick Kirstein bei Rainer Sch\u00e4uffele f\u00fcr das \u201eoffene und konstruktive Gespr\u00e4ch\u201c. \u201eIch habe ein Gef\u00fchl f\u00fcr Erligheim bekommen\u201c, so Kirstein abschlie\u00dfend.<\/p>\n<hr \/>\n<p style=\"text-align: justify;\">\n","protected":false},"excerpt":{"rendered":"<p>FDP-Europakandidat des Landkreises Ludwigsburg, Rick Kirstein, startet B\u00fcrgermeistergespr\u00e4che In der Rathausstra\u00dfe 7 in Erligheim, im Amtszimmer des hiesigen B\u00fcrgermeisters, Rainer Sch\u00e4uffele, startet der Europakandidat der Freien Demokraten im Landkreis Ludwigsburg seine B\u00fcrgermeistergespr\u00e4che. Rick Kirstein ist zudem Vorsitzender des FDP-Ortsverbandes Vaihingen-Sachsenheim und stellvertretender Kreisvorsitzender. \u201eMich interessieren die lokalen Gegebenheiten, wie es den Kommunen im Landkreis ergeht\u201c, [&hellip;]<\/p>\n","protected":false},"author":4,"featured_media":172147,"comment_status":"closed","ping_status":"open","sticky":false,"template":"","format":"standard","meta":{"inline_featured_image":false,"_exactmetrics_skip_tracking":false,"_exactmetrics_sitenote_active":false,"_exactmetrics_sitenote_note":"","_exactmetrics_sitenote_category":0,"tdm_status":"","tdm_grid_status":"","footnotes":""},"categories":[65],"tags":[8875,6495,446,6,68],"class_list":{"0":"post-172146","1":"post","2":"type-post","3":"status-publish","4":"format-standard","5":"has-post-thumbnail","7":"category-kreis_ludwigsburg","8":"tag-die-webzeitung","9":"tag-europawahl","10":"tag-fdp","11":"tag-ludwigsburg","12":"tag-online-zeitung"},"image_feature":"https:\/\/die-webzeitung.de\/ludwigsburg\/wp-content\/uploads\/sites\/5\/2024\/01\/Bild-16.01.2024-scaled.jpg","author_name":"Redaktion","pure_taxonomies":{"categories":[{"term_id":65,"name":"Kreis Ludwigsburg","slug":"kreis_ludwigsburg","term_group":0,"term_taxonomy_id":66,"taxonomy":"category","description":"","parent":171,"count":631,"filter":"raw","image":""}],"tags":[{"term_id":8875,"name":"Die-Webzeitung","slug":"die-webzeitung","term_group":0,"term_taxonomy_id":8876,"taxonomy":"post_tag","description":"","parent":0,"count":4257,"filter":"raw","image":""},{"term_id":6495,"name":"Europawahl","slug":"europawahl","term_group":0,"term_taxonomy_id":6513,"taxonomy":"post_tag","description":"","parent":0,"count":3,"filter":"raw","image":""},{"term_id":446,"name":"FDP","slug":"fdp","term_group":0,"term_taxonomy_id":453,"taxonomy":"post_tag","description":"","parent":0,"count":35,"filter":"raw","image":""},{"term_id":6,"name":"Ludwigsburg","slug":"ludwigsburg","term_group":0,"term_taxonomy_id":6,"taxonomy":"post_tag","description":"","parent":0,"count":1353,"filter":"raw","image":""},{"term_id":68,"name":"Online-Zeitung","slug":"online-zeitung","term_group":0,"term_taxonomy_id":69,"taxonomy":"post_tag","description":"","parent":0,"count":4206,"filter":"raw","image":""}]},"_links":{"self":[{"href":"https:\/\/die-webzeitung.de\/ludwigsburg\/wp-json\/wp\/v2\/posts\/172146","targetHints":{"allow":["GET"]}}],"collection":[{"href":"https:\/\/die-webzeitung.de\/ludwigsburg\/wp-json\/wp\/v2\/posts"}],"about":[{"href":"https:\/\/die-webzeitung.de\/ludwigsburg\/wp-json\/wp\/v2\/types\/post"}],"author":[{"embeddable":true,"href":"https:\/\/die-webzeitung.de\/ludwigsburg\/wp-json\/wp\/v2\/users\/4"}],"replies":[{"embeddable":true,"href":"https:\/\/die-webzeitung.de\/ludwigsburg\/wp-json\/wp\/v2\/comments?post=172146"}],"version-history":[{"count":1,"href":"https:\/\/die-webzeitung.de\/ludwigsburg\/wp-json\/wp\/v2\/posts\/172146\/revisions"}],"predecessor-version":[{"id":172148,"href":"https:\/\/die-webzeitung.de\/ludwigsburg\/wp-json\/wp\/v2\/posts\/172146\/revisions\/172148"}],"wp:featuredmedia":[{"embeddable":true,"href":"https:\/\/die-webzeitung.de\/ludwigsburg\/wp-json\/wp\/v2\/media\/172147"}],"wp:attachment":[{"href":"https:\/\/die-webzeitung.de\/ludwigsburg\/wp-json\/wp\/v2\/media?parent=172146"}],"wp:term":[{"taxonomy":"category","embeddable":true,"href":"https:\/\/die-webzeitung.de\/ludwigsburg\/wp-json\/wp\/v2\/categories?post=172146"},{"taxonomy":"post_tag","embeddable":true,"href":"https:\/\/die-webzeitung.de\/ludwigsburg\/wp-json\/wp\/v2\/tags?post=172146"}],"curies":[{"name":"wp","href":"https:\/\/api.w.org\/{rel}","templated":true}]}}