{"id":171764,"date":"2023-12-06T17:17:17","date_gmt":"2023-12-06T16:17:17","guid":{"rendered":"https:\/\/die-webzeitung.de\/ludwigsburg\/?p=171764"},"modified":"2023-12-07T13:48:13","modified_gmt":"2023-12-07T12:48:13","slug":"171764","status":"publish","type":"post","link":"https:\/\/die-webzeitung.de\/ludwigsburg\/2023\/12\/06\/171764\/","title":{"rendered":"LKA Baden-W\u00fcrttemberg: Weitere Festnahmen und ein Brandgeschehen"},"content":{"rendered":"<p style=\"text-align: justify;\">Stuttgart.| Vergangenes Wochenende kam es im Gro\u00dfraum Stuttgart zu weiteren Durchsuchungen und Festnahmen, welche im Kontext der Auseinandersetzungen der beiden rivalisierenden Gruppierungen im Gro\u00dfraum Stuttgart stehen.<\/p>\n<p style=\"text-align: justify;\">Am 30. November wurden auf Grund eines von der Staatsanwaltschaft Stuttgart beantragten Beschlusses des zust\u00e4ndigen Ermittlungsrichters gemeinsame Durchsuchungsma\u00dfnahmen des Polizeipr\u00e4sidiums Reutlingen und des LKA BW bei einem 32-j\u00e4hrigen deutschen Tatverd\u00e4chtigen durchgef\u00fchrt, der an dem Angriff auf den Werfer der Handgranate auf die Trauergemeinde in Altbach im vergangenen Juni beteiligt gewesen sein soll. Mangels dringenden Tatverdachts wurde der 32-J\u00e4hrige nach Abschluss der strafprozessualen Ma\u00dfnahmen auf freien Fu\u00df entlassen.<\/p>\n<p style=\"text-align: justify;\">Bereits im Oktober 2023 hatten Zeugen in Bad \u00dcberkingen eine Plastikt\u00fcte entdeckt, in welcher eine Maschinenpistole, ein Revolver sowie eine Handgranate aufgefunden werden konnten. Aufgrund eines m\u00f6glichen Zusammenhangs zu der wechselseitigen Schussabgabe in Schorndorf-Weiler am 23. Oktober wurden die Ermittlungen durch die Staatsanwaltschaft Stuttgart und das LKA BW \u00fcbernommen. Untersuchungen des Kriminaltechnischen Institutes des LKA brachten DNA-Spuren zutage, die zur Ermittlung von drei Tatverd\u00e4chtigen im Alter von 25, 26 und 55 Jahren f\u00fchrten. Zwei der M\u00e4nner haben die serbische, einer die deutsche Staatsangeh\u00f6rigkeit. Im Rahmen von Durchsuchungsma\u00dfnahmen konnten bei diesen, neben knapp 600 Gramm Kokain, mehrere Datentr\u00e4ger und Bewaffnungsgegenst\u00e4nde sichergestellt werden. Gegen die Tatverd\u00e4chtigen wurden von der Staatsanwaltschaft Stuttgart beim zust\u00e4ndigen Amtsgericht Haftbefehle wegen des dringenden Tatverdachts des Versto\u00dfes gegen das Kriegswaffenkontrollgesetz erwirkt. Die drei Tatverd\u00e4chtigen befinden sich zwischenzeitlich in Untersuchungshaft.<\/p>\n<p style=\"text-align: justify;\">Hinsichtlich eines Brandgeschehens in einem Restaurant in N\u00fcrtingen am Morgen des 2. Dezember wird gegenw\u00e4rtig gepr\u00fcft, ob ein Zusammenhang mit den Auseinandersetzungen der beiden rivalisierenden Gruppierungen im Gro\u00dfraum Stuttgart besteht. Aus diesem Grund hat das LKA BW in Abstimmung mit der Staatsanwaltschaft Stuttgart die Ermittlungen \u00fcbernommen.<\/p>\n<p style=\"text-align: justify;\">Sachdienliche Hinweise zu den Auseinandersetzungen, insbesondere den Schussabgaben, nimmt das Landeskriminalamt Baden-W\u00fcrttemberg unter Telefon 0711 5401-3060 entgegen.<\/p>\n<hr \/>\n<p style=\"text-align: justify;\">\n","protected":false},"excerpt":{"rendered":"<p>Stuttgart.| Vergangenes Wochenende kam es im Gro\u00dfraum Stuttgart zu weiteren Durchsuchungen und Festnahmen, welche im Kontext der Auseinandersetzungen der beiden rivalisierenden Gruppierungen im Gro\u00dfraum Stuttgart stehen. Am 30. November wurden auf Grund eines von der Staatsanwaltschaft Stuttgart beantragten Beschlusses des zust\u00e4ndigen Ermittlungsrichters gemeinsame Durchsuchungsma\u00dfnahmen des Polizeipr\u00e4sidiums Reutlingen und des LKA BW bei einem 32-j\u00e4hrigen deutschen [&hellip;]<\/p>\n","protected":false},"author":4,"featured_media":171580,"comment_status":"closed","ping_status":"open","sticky":false,"template":"","format":"standard","meta":{"inline_featured_image":false,"_exactmetrics_skip_tracking":false,"_exactmetrics_sitenote_active":false,"_exactmetrics_sitenote_note":"","_exactmetrics_sitenote_category":0,"tdm_status":"","tdm_grid_status":"","footnotes":""},"categories":[59],"tags":[8875,2304,68,275],"class_list":{"0":"post-171764","1":"post","2":"type-post","3":"status-publish","4":"format-standard","5":"has-post-thumbnail","7":"category-aktuell","8":"tag-die-webzeitung","9":"tag-kriminalitat","10":"tag-online-zeitung","11":"tag-stuttgart"},"image_feature":"https:\/\/die-webzeitung.de\/ludwigsburg\/wp-content\/uploads\/sites\/5\/2023\/11\/police-378255_1280-scaled.jpg","author_name":"Redaktion","pure_taxonomies":{"categories":[{"term_id":59,"name":"Aktuell","slug":"aktuell","term_group":0,"term_taxonomy_id":60,"taxonomy":"category","description":"","parent":0,"count":1175,"filter":"raw","image":""}],"tags":[{"term_id":8875,"name":"Die-Webzeitung","slug":"die-webzeitung","term_group":0,"term_taxonomy_id":8876,"taxonomy":"post_tag","description":"","parent":0,"count":4259,"filter":"raw","image":""},{"term_id":2304,"name":"Kriminalit\u00e4t","slug":"kriminalitat","term_group":0,"term_taxonomy_id":2316,"taxonomy":"post_tag","description":"","parent":0,"count":3,"filter":"raw","image":""},{"term_id":68,"name":"Online-Zeitung","slug":"online-zeitung","term_group":0,"term_taxonomy_id":69,"taxonomy":"post_tag","description":"","parent":0,"count":4208,"filter":"raw","image":""},{"term_id":275,"name":"Stuttgart","slug":"stuttgart","term_group":0,"term_taxonomy_id":281,"taxonomy":"post_tag","description":"","parent":0,"count":195,"filter":"raw","image":""}]},"_links":{"self":[{"href":"https:\/\/die-webzeitung.de\/ludwigsburg\/wp-json\/wp\/v2\/posts\/171764","targetHints":{"allow":["GET"]}}],"collection":[{"href":"https:\/\/die-webzeitung.de\/ludwigsburg\/wp-json\/wp\/v2\/posts"}],"about":[{"href":"https:\/\/die-webzeitung.de\/ludwigsburg\/wp-json\/wp\/v2\/types\/post"}],"author":[{"embeddable":true,"href":"https:\/\/die-webzeitung.de\/ludwigsburg\/wp-json\/wp\/v2\/users\/4"}],"replies":[{"embeddable":true,"href":"https:\/\/die-webzeitung.de\/ludwigsburg\/wp-json\/wp\/v2\/comments?post=171764"}],"version-history":[{"count":3,"href":"https:\/\/die-webzeitung.de\/ludwigsburg\/wp-json\/wp\/v2\/posts\/171764\/revisions"}],"predecessor-version":[{"id":171770,"href":"https:\/\/die-webzeitung.de\/ludwigsburg\/wp-json\/wp\/v2\/posts\/171764\/revisions\/171770"}],"wp:featuredmedia":[{"embeddable":true,"href":"https:\/\/die-webzeitung.de\/ludwigsburg\/wp-json\/wp\/v2\/media\/171580"}],"wp:attachment":[{"href":"https:\/\/die-webzeitung.de\/ludwigsburg\/wp-json\/wp\/v2\/media?parent=171764"}],"wp:term":[{"taxonomy":"category","embeddable":true,"href":"https:\/\/die-webzeitung.de\/ludwigsburg\/wp-json\/wp\/v2\/categories?post=171764"},{"taxonomy":"post_tag","embeddable":true,"href":"https:\/\/die-webzeitung.de\/ludwigsburg\/wp-json\/wp\/v2\/tags?post=171764"}],"curies":[{"name":"wp","href":"https:\/\/api.w.org\/{rel}","templated":true}]}}