{"id":170924,"date":"2023-09-15T14:01:10","date_gmt":"2023-09-15T13:01:10","guid":{"rendered":"https:\/\/die-webzeitung.de\/ludwigsburg\/?p=170924"},"modified":"2023-09-15T14:01:10","modified_gmt":"2023-09-15T13:01:10","slug":"ww-gruppe-setzt-im-ersten-halbjahr-2023-wachstumskurs-fort","status":"publish","type":"post","link":"https:\/\/die-webzeitung.de\/ludwigsburg\/2023\/09\/15\/ww-gruppe-setzt-im-ersten-halbjahr-2023-wachstumskurs-fort\/","title":{"rendered":"W&#038;W-Gruppe setzt im ersten Halbjahr 2023 Wachstumskurs fort"},"content":{"rendered":"<ul style=\"text-align: justify;\">\n<li><strong>Halbjahres-Konzern\u00fcberschuss steigt nach starkem zweitem Quartal um 24 Prozent auf 180,7 Millionen Euro.<\/strong><\/li>\n<li><strong>W\u00fcstenrot Bausparkasse mit Rekordwert im Neugesch\u00e4ft und h\u00f6heren Marktanteilen, deutliches Plus bei W\u00fcrttembergischer Versicherung. <\/strong><\/li>\n<li><strong>Erfolgreiches Neugesch\u00e4ft, Gewinnung von Kunden, vorsichtige Risikopolitik, zunehmende Digitalisierung des Gesch\u00e4ftsmodells, stabilere Lage an den Finanzm\u00e4rkten und Sondereffekt wirken sich positiv auf Ertragslage aus.<\/strong><\/li>\n<li><strong>W&amp;W-Vorstandsvorsitzender J\u00fcrgen A. Junker: \u201eDie erfreulichen ersten sechs Monate zeigen, dass die W&amp;W-Gruppe auch in einem herausfordernden gesamtwirtschaftlichen Umfeld erfolgreich agieren kann.\u201c<\/strong><\/li>\n<\/ul>\n<p style=\"text-align: justify;\">Die W\u00fcstenrot &amp; W\u00fcrttembergische-Gruppe (W&amp;W) hat in den ersten sechs Monaten des laufenden Gesch\u00e4ftsjahres 2023 ihren Wachstumskurs unver\u00e4ndert fortgesetzt. Der Konzern\u00fcberschuss des Finanzdienstleisters stieg im ersten Halbjahr gegen\u00fcber dem Vorjahreszeitraum von 145,7 Millionen Euro um 24 Prozent auf 180,7 Millionen Euro. Dabei setzten sich die operativen Trends des ersten Quartals \u2013 wachsendes Neugesch\u00e4ft, Gewinnung neuer Kundinnen und Kunden, Risiko- und Kostendisziplin \u2013 im zweiten Jahresviertel teilweise verst\u00e4rkt fort. Zudem wirkten sich das gegen\u00fcber dem Vorjahr wieder stabilere Aktien- und Anleiheumfeld sowie ein Sondereffekt im Gesch\u00e4ftsfeld Wohnen positiv auf das Ergebnis aus. F\u00fcr das Gesamtjahr 2023 wird die bisherige Erwartung best\u00e4tigt, einen Konzern\u00fcberschuss in der Zielspanne von 220 bis 250 Millionen Euro zu erreichen.<\/p>\n<p style=\"text-align: justify;\"><strong>J\u00fcrgen A. Junker, Vorstandsvorsitzender der W&amp;W AG:<\/strong> \u201eDas erste Halbjahr ist klar erfolgreich verlaufen. Die Gesch\u00e4ftsentwicklung zeigt, dass die W&amp;W-Gruppe auch in einem herausfordernden konjunkturellen Umfeld mit hoher Inflation, Rezession und hoher Verunsicherung der Verbraucherinnen und Verbraucher stabil und sehr erfolgreich agieren kann.<\/p>\n<p style=\"text-align: justify;\">Besonders erfreulich ist, dass wir weiter Marktanteile gewinnen und immer mehr Kundinnen und Kunden unseren Mitarbeiterinnen und Mitarbeitern gerade in dieser nicht einfachen Zeit ihr Vertrauen schenken. Gleichzeitig zahlt sich unser Aufbruch in eine digitale Zukunft, den wir vor einigen Jahren begonnen haben, immer mehr aus. F\u00fcr die zweite Jahresh\u00e4lfte bleiben wir grunds\u00e4tzlich zuversichtlich, aber zugleich realistisch. Die verhaltene Konjunktur in Deutschland und die zumeist politisch und gesetzgeberisch begr\u00fcndeten Kostenbelastungen der B\u00fcrgerinnen und B\u00fcrger bieten keinen Anlass zum \u00dcberschwang.\u201c<\/p>\n<p style=\"text-align: justify;\"><strong>Entwicklung des Neugesch\u00e4fts im ersten Halbjahr 2023<\/strong><\/p>\n<p style=\"text-align: justify;\">Im <strong>Gesch\u00e4ftsfeld Versicherung<\/strong> verzeichnete die <strong>Schaden-\/Unfallversicherung<\/strong> einen Zuwachs im Neugesch\u00e4ft (Jahresbestandsbeitrag, Neu- und Ersatzgesch\u00e4ft) von 23,7 Prozent auf 260,1 Millionen Euro (Vorjahreszeitraum: 210,3 Millionen Euro), der \u00fcber dem Branchenwert lag. Das Plus wurde getragen durch das starke Kraftfahrt- und Firmenkundengesch\u00e4ft. Die Kosten-Aufwands-Relation (Combined Ratio) in der Schaden-\/Unfallversicherung lag in den ersten sechs Monaten nach IFRS 17 bei 92,5 Prozent (Vorjahreszeitraum: 91,2 Prozent).<\/p>\n<p style=\"text-align: justify;\">In der <strong>Lebensversicherung<\/strong> blieb das Neugesch\u00e4ft r\u00fcckl\u00e4ufig. Die Beitragssumme lag in den ersten sechs Monaten bei 1,61 Milliarden Euro (-6,9 Prozent zum entsprechenden Vorjahreswert von 1,73 Milliarden Euro). Nach wie vor auf Wachstumskurs ist dabei die betriebliche Altersvorsorge (bAV) mit der Steigerung der Beitragssumme im Halbjahr um knapp 7 Prozent.<\/p>\n<p style=\"text-align: justify;\">Im <strong>Gesch\u00e4ftsfeld Wohnen<\/strong> erzielte die <strong>W\u00fcstenrot Bausparkasse<\/strong> das h\u00f6chste Neugesch\u00e4ft in einem ersten Halbjahr in ihrer Firmengeschichte. Das Brutto-Neugesch\u00e4ft nach Bausparsumme lag mit 10,83 Milliarden Euro um 27,3 Prozent \u00fcber dem Vorjahreswert von 8,51 Milliarden Euro. W\u00fcstenrot wuchs damit st\u00e4rker als die Branche insgesamt und gewann weitere Marktanteile.<\/p>\n<p style=\"text-align: justify;\">Das <strong>Kreditneugesch\u00e4ft <\/strong>(einschlie\u00dflich Vermittlungen ins Fremdbuch) war r\u00fcckl\u00e4ufig und erreichte in den ersten sechs Monaten 1,83 Milliarden Euro (Vorjahreszeitraum: 3,98 Milliarden Euro, -54,1 Prozent). Gr\u00fcnde daf\u00fcr sind die gestiegenen Baukosten, hohe Immobilienpreise sowie h\u00f6here Finanzierungskosten, die das gesamte Baufinanzierungsgesch\u00e4ft im Markt im ersten Halbjahr 2023 um die H\u00e4lfte im Vergleich zum Vorjahr schrumpfen lie\u00dfen. Die Ertragslage des Gesch\u00e4ftsfelds wurde positiv beeinflusst durch einen Sondereffekt im Finanzergebnis aus einer fr\u00fcheren Akquisition.<\/p>\n<p style=\"text-align: justify;\"><strong>Ausblick auf das Gesamtjahr 2023<\/strong><\/p>\n<p style=\"text-align: justify;\">Die bisherige Prognose, im Gesamtjahr 2023 einen Konzern\u00fcberschuss in der Spanne von 220 bis 250 Millionen Euro zu erreichen, wird best\u00e4tigt. Dabei wird unterstellt, dass sich die Trends im Neugesch\u00e4ft auch in der zweiten Jahresh\u00e4lfte im Grundsatz fortsetzen werden. Voraussetzung ist, dass es vor dem Hintergrund der gesamtwirtschaftlichen Risiken zu keinen Verwerfungen an den Kapital- und Finanzm\u00e4rkten, zu sonstigen unvorhersehbaren Ereignissen und auch nicht zu weiteren Belastungen f\u00fcr die Verbraucherinnen und Verbraucher kommt.<\/p>\n<hr \/>\n<p style=\"text-align: justify;\">\n","protected":false},"excerpt":{"rendered":"<p>Halbjahres-Konzern\u00fcberschuss steigt nach starkem zweitem Quartal um 24 Prozent auf 180,7 Millionen Euro. W\u00fcstenrot Bausparkasse mit Rekordwert im Neugesch\u00e4ft und h\u00f6heren Marktanteilen, deutliches Plus bei W\u00fcrttembergischer Versicherung. Erfolgreiches Neugesch\u00e4ft, Gewinnung von Kunden, vorsichtige Risikopolitik, zunehmende Digitalisierung des Gesch\u00e4ftsmodells, stabilere Lage an den Finanzm\u00e4rkten und Sondereffekt wirken sich positiv auf Ertragslage aus. W&amp;W-Vorstandsvorsitzender J\u00fcrgen A. Junker: [&hellip;]<\/p>\n","protected":false},"author":4,"featured_media":0,"comment_status":"closed","ping_status":"open","sticky":false,"template":"","format":"standard","meta":{"inline_featured_image":false,"_exactmetrics_skip_tracking":false,"_exactmetrics_sitenote_active":false,"_exactmetrics_sitenote_note":"","_exactmetrics_sitenote_category":0,"tdm_status":"","tdm_grid_status":"","footnotes":""},"categories":[479],"tags":[8875,68,1442,18,19],"class_list":{"0":"post-170924","1":"post","2":"type-post","3":"status-publish","4":"format-standard","6":"category-wirtschaft","7":"tag-die-webzeitung","8":"tag-online-zeitung","9":"tag-ww","10":"tag-wurttembergische","11":"tag-wustenrot"},"image_feature":null,"author_name":"Redaktion","pure_taxonomies":{"categories":[{"term_id":479,"name":"Wirtschaft","slug":"wirtschaft","term_group":0,"term_taxonomy_id":1941,"taxonomy":"category","description":"","parent":0,"count":390,"filter":"raw","image":""}],"tags":[{"term_id":8875,"name":"Die-Webzeitung","slug":"die-webzeitung","term_group":0,"term_taxonomy_id":8876,"taxonomy":"post_tag","description":"","parent":0,"count":4242,"filter":"raw","image":""},{"term_id":68,"name":"Online-Zeitung","slug":"online-zeitung","term_group":0,"term_taxonomy_id":69,"taxonomy":"post_tag","description":"","parent":0,"count":4191,"filter":"raw","image":""},{"term_id":1442,"name":"W&amp;W","slug":"ww","term_group":0,"term_taxonomy_id":1451,"taxonomy":"post_tag","description":"","parent":0,"count":85,"filter":"raw","image":""},{"term_id":18,"name":"W\u00fcrttembergische","slug":"wurttembergische","term_group":0,"term_taxonomy_id":18,"taxonomy":"post_tag","description":"","parent":0,"count":112,"filter":"raw","image":""},{"term_id":19,"name":"W\u00fcstenrot","slug":"wustenrot","term_group":0,"term_taxonomy_id":19,"taxonomy":"post_tag","description":"","parent":0,"count":181,"filter":"raw","image":""}]},"_links":{"self":[{"href":"https:\/\/die-webzeitung.de\/ludwigsburg\/wp-json\/wp\/v2\/posts\/170924","targetHints":{"allow":["GET"]}}],"collection":[{"href":"https:\/\/die-webzeitung.de\/ludwigsburg\/wp-json\/wp\/v2\/posts"}],"about":[{"href":"https:\/\/die-webzeitung.de\/ludwigsburg\/wp-json\/wp\/v2\/types\/post"}],"author":[{"embeddable":true,"href":"https:\/\/die-webzeitung.de\/ludwigsburg\/wp-json\/wp\/v2\/users\/4"}],"replies":[{"embeddable":true,"href":"https:\/\/die-webzeitung.de\/ludwigsburg\/wp-json\/wp\/v2\/comments?post=170924"}],"version-history":[{"count":1,"href":"https:\/\/die-webzeitung.de\/ludwigsburg\/wp-json\/wp\/v2\/posts\/170924\/revisions"}],"predecessor-version":[{"id":170925,"href":"https:\/\/die-webzeitung.de\/ludwigsburg\/wp-json\/wp\/v2\/posts\/170924\/revisions\/170925"}],"wp:attachment":[{"href":"https:\/\/die-webzeitung.de\/ludwigsburg\/wp-json\/wp\/v2\/media?parent=170924"}],"wp:term":[{"taxonomy":"category","embeddable":true,"href":"https:\/\/die-webzeitung.de\/ludwigsburg\/wp-json\/wp\/v2\/categories?post=170924"},{"taxonomy":"post_tag","embeddable":true,"href":"https:\/\/die-webzeitung.de\/ludwigsburg\/wp-json\/wp\/v2\/tags?post=170924"}],"curies":[{"name":"wp","href":"https:\/\/api.w.org\/{rel}","templated":true}]}}