{"id":169791,"date":"2023-05-26T09:31:57","date_gmt":"2023-05-26T08:31:57","guid":{"rendered":"https:\/\/die-webzeitung.de\/ludwigsburg\/?p=169791"},"modified":"2023-05-26T09:31:57","modified_gmt":"2023-05-26T08:31:57","slug":"landkreis-ludwigsburg-erhaelt-erstmals-european-energy-award","status":"publish","type":"post","link":"https:\/\/die-webzeitung.de\/ludwigsburg\/2023\/05\/26\/landkreis-ludwigsburg-erhaelt-erstmals-european-energy-award\/","title":{"rendered":"Landkreis Ludwigsburg erh\u00e4lt erstmals European Energy Award"},"content":{"rendered":"<p style=\"text-align: justify;\">Ludwigsburg.| Im Rahmen des kommunalen Klimakongresses in Karlsruhe wurde vergangene Woche der Landkreis Ludwigsburg erstmals mit dem European Energy Award (eea) ausgezeichnet, gemeinsam mit 40 weiteren Preistr\u00e4gerkommunen.<\/p>\n<p style=\"text-align: justify;\">Prof. Dr. Adler \u2013 Dezernent f\u00fcr Umwelt, Technik und Bauen \u2013 nahm den Preis von Thekla Walker, Ministerin f\u00fcr Umwelt, Klima und Energiewirtschaft, entgegen. Er h\u00e4lt den eea f\u00fcr ein hervorragendes Instrument, um die Klimaschutzaktivit\u00e4ten weiterzuentwickeln. Unter Leitung der Klimaschutzmanagerin Julia Neuh\u00e4user wurde der Prozess initiiert und durchgef\u00fchrt \u2013 von ersten Treffen des Energie-Teams \u00fcber das Zusammentragen der Daten f\u00fcr die Ist-Analyse und die Erstellung des Arbeitsprogramms bis hin zum offiziellen Audit. Die Ergebnisse geben nun Hinweise zu weiteren Potenzialen, die der Landkreis auf dem Weg zur Klimaneutralit\u00e4t noch erschlie\u00dfen kann.<\/p>\n<p style=\"text-align: justify;\">\u201eWer wenn nicht wir Kommunen \u2013 St\u00e4dte, Gemeinden und Landkreise \u2013 k\u00f6nnen Klimaschutz ganz konkret vorantreiben? Deshalb nehmen wir als Kreis Ludwigsburg die Vorbildrolle der \u00f6ffentlichen Hand an und arbeiten daf\u00fcr, auch in Zukunft eine lebenswerte Region zu erhalten. Klimaschutz ist unser Auftrag.\u201c, begr\u00fcndet Landrat Dietmar Allgaier das Klimaengagement im Landratsamt. \u201eIch freue mich sehr, dass wir nun erstmals das Audit erhalten haben\u201c, so Allgaier weiter.<\/p>\n<p style=\"text-align: justify;\">Der Landkreis Ludwigsburg ist im Klimaschutz bereits seit vielen Jahren sehr engagiert. 2013 begann der Landkreis unter Einbindung der Kommunen mit der Erstellung eines Klimaschutzkonzeptes, das aktuell fortgeschrieben wird. Ein gro\u00dfer Erfolg war und ist die Einrichtung sowie der Ausbau der starken regionalen Energieagentur. Auch im Verkehrsbereich stellt sich der Kreis Ludwigsburg den Herausforderungen. Neben einem gut ausgebauten \u00d6PNV-Netz betreibt er aktiv Radverkehrsf\u00f6rderung und erstellt derzeit einen Klimamobilit\u00e4tsplan. Ein weiterer Schwerpunkt liegt auf dem im letzten Jahr gestarteten Prozess f\u00fcr eine klimaneutrale Verwaltung bis zum Jahr 2035. F\u00fcr die Mitarbeitenden gibt es seit Januar 2023 ein Radkilometergeld als Belohnung f\u00fcr klimafreundliche Mobilit\u00e4t f\u00fcr die Pendlerinnen und Pendler.<\/p>\n<p style=\"text-align: justify;\">Das europ\u00e4ische Zertifizierungsverfahren eea w\u00fcrdigt St\u00e4dte, Gemeinden und Landkreise, die ihre Nachhaltigkeitsaktivit\u00e4ten systematisch vorantreiben und Vorreiter beim Klimaschutz sind. Insgesamt nehmen im S\u00fcdwesten Deutschlands nun 181 Kommunen am eea teil. So viele wie in diesem Jahr wurden noch nie ausgezeichnet: 21 St\u00e4dte, 13 Gemeinden und sieben Landkreise \u2013 elf von ihnen erhielten die Sonderauszeichnung eea in Gold.<\/p>\n<hr \/>\n<p style=\"text-align: justify;\">\n","protected":false},"excerpt":{"rendered":"<p>Ludwigsburg.| Im Rahmen des kommunalen Klimakongresses in Karlsruhe wurde vergangene Woche der Landkreis Ludwigsburg erstmals mit dem European Energy Award (eea) ausgezeichnet, gemeinsam mit 40 weiteren Preistr\u00e4gerkommunen. Prof. Dr. Adler \u2013 Dezernent f\u00fcr Umwelt, Technik und Bauen \u2013 nahm den Preis von Thekla Walker, Ministerin f\u00fcr Umwelt, Klima und Energiewirtschaft, entgegen. Er h\u00e4lt den eea [&hellip;]<\/p>\n","protected":false},"author":4,"featured_media":169792,"comment_status":"closed","ping_status":"open","sticky":false,"template":"","format":"standard","meta":{"inline_featured_image":false,"_exactmetrics_skip_tracking":false,"_exactmetrics_sitenote_active":false,"_exactmetrics_sitenote_note":"","_exactmetrics_sitenote_category":0,"tdm_status":"","tdm_grid_status":"","footnotes":""},"categories":[65],"tags":[4847,8875,1446,6,68],"class_list":{"0":"post-169791","1":"post","2":"type-post","3":"status-publish","4":"format-standard","5":"has-post-thumbnail","7":"category-kreis_ludwigsburg","8":"tag-award","9":"tag-die-webzeitung","10":"tag-energy","11":"tag-ludwigsburg","12":"tag-online-zeitung"},"image_feature":"https:\/\/die-webzeitung.de\/ludwigsburg\/wp-content\/uploads\/sites\/5\/2023\/05\/20230517MST_0807-scaled.jpg","author_name":"Redaktion","pure_taxonomies":{"categories":[{"term_id":65,"name":"Kreis Ludwigsburg","slug":"kreis_ludwigsburg","term_group":0,"term_taxonomy_id":66,"taxonomy":"category","description":"","parent":171,"count":628,"filter":"raw","image":""}],"tags":[{"term_id":4847,"name":"Award","slug":"award","term_group":0,"term_taxonomy_id":4864,"taxonomy":"post_tag","description":"","parent":0,"count":4,"filter":"raw","image":""},{"term_id":8875,"name":"Die-Webzeitung","slug":"die-webzeitung","term_group":0,"term_taxonomy_id":8876,"taxonomy":"post_tag","description":"","parent":0,"count":4242,"filter":"raw","image":""},{"term_id":1446,"name":"Energy","slug":"energy","term_group":0,"term_taxonomy_id":1455,"taxonomy":"post_tag","description":"","parent":0,"count":4,"filter":"raw","image":""},{"term_id":6,"name":"Ludwigsburg","slug":"ludwigsburg","term_group":0,"term_taxonomy_id":6,"taxonomy":"post_tag","description":"","parent":0,"count":1347,"filter":"raw","image":""},{"term_id":68,"name":"Online-Zeitung","slug":"online-zeitung","term_group":0,"term_taxonomy_id":69,"taxonomy":"post_tag","description":"","parent":0,"count":4191,"filter":"raw","image":""}]},"_links":{"self":[{"href":"https:\/\/die-webzeitung.de\/ludwigsburg\/wp-json\/wp\/v2\/posts\/169791","targetHints":{"allow":["GET"]}}],"collection":[{"href":"https:\/\/die-webzeitung.de\/ludwigsburg\/wp-json\/wp\/v2\/posts"}],"about":[{"href":"https:\/\/die-webzeitung.de\/ludwigsburg\/wp-json\/wp\/v2\/types\/post"}],"author":[{"embeddable":true,"href":"https:\/\/die-webzeitung.de\/ludwigsburg\/wp-json\/wp\/v2\/users\/4"}],"replies":[{"embeddable":true,"href":"https:\/\/die-webzeitung.de\/ludwigsburg\/wp-json\/wp\/v2\/comments?post=169791"}],"version-history":[{"count":1,"href":"https:\/\/die-webzeitung.de\/ludwigsburg\/wp-json\/wp\/v2\/posts\/169791\/revisions"}],"predecessor-version":[{"id":169793,"href":"https:\/\/die-webzeitung.de\/ludwigsburg\/wp-json\/wp\/v2\/posts\/169791\/revisions\/169793"}],"wp:featuredmedia":[{"embeddable":true,"href":"https:\/\/die-webzeitung.de\/ludwigsburg\/wp-json\/wp\/v2\/media\/169792"}],"wp:attachment":[{"href":"https:\/\/die-webzeitung.de\/ludwigsburg\/wp-json\/wp\/v2\/media?parent=169791"}],"wp:term":[{"taxonomy":"category","embeddable":true,"href":"https:\/\/die-webzeitung.de\/ludwigsburg\/wp-json\/wp\/v2\/categories?post=169791"},{"taxonomy":"post_tag","embeddable":true,"href":"https:\/\/die-webzeitung.de\/ludwigsburg\/wp-json\/wp\/v2\/tags?post=169791"}],"curies":[{"name":"wp","href":"https:\/\/api.w.org\/{rel}","templated":true}]}}