{"id":169526,"date":"2023-05-08T14:51:33","date_gmt":"2023-05-08T13:51:33","guid":{"rendered":"https:\/\/die-webzeitung.de\/ludwigsburg\/?p=169526"},"modified":"2023-05-08T14:51:33","modified_gmt":"2023-05-08T13:51:33","slug":"ludwigsburger-pferdemarkt-endlich-wieder-mit-festumzug","status":"publish","type":"post","link":"https:\/\/die-webzeitung.de\/ludwigsburg\/2023\/05\/08\/ludwigsburger-pferdemarkt-endlich-wieder-mit-festumzug\/","title":{"rendered":"Ludwigsburger Pferdemarkt endlich wieder mit Festumzug"},"content":{"rendered":"<p style=\"text-align: justify;\"><strong>Zahlreiche Attraktionen rund um Ludwigsburgs \u00e4ltestes Traditionsfest<\/strong><\/p>\n<p style=\"text-align: justify;\">Ludwigsburg.| Ganze vier Jahre ist es her, dass der Festumzug als H\u00f6hepunkt des Ludwigsburger Pferdemarktes Tausende Besucherinnen und Besucher anlockte \u2013 am Sonntag, den 21. Mai 2023, wird er nun endlich wieder stattfinden. \u201eIm vergangenen Jahr mussten wir pandemiebedingt noch etwas mit angezogener Handbremse agieren und daher auf den Umzug verzichten\u201c, erkl\u00e4rt Gesch\u00e4ftsf\u00fchrer Mario Kreh und freut sich: \u201eDass wir den zahlreichen Vereinen und Beteiligten des traditionellen Festumzugs endlich wieder eine B\u00fchne geben k\u00f6nnen, freut uns nat\u00fcrlich ganz besonders.\u201c<\/p>\n<p style=\"text-align: justify;\">Prunkvolle Ehrenkutschen und Pferdegespanne sind ebenso mit dabei wie lokale und regionale Akteure wie das Bl\u00fchende Barock oder Winzergruppen; nicht zu vergessen Musik-, Tanz- und Trachtengruppen. Der Festumzug startet in der Schorndorfer Stra\u00dfe auf H\u00f6he der Alt-W\u00fcrttemberg-Allee und verl\u00e4uft \u00fcber die Wilhelmstra\u00dfe bis zum Schillerplatz.<\/p>\n<p style=\"text-align: justify;\"><strong>Buntes Programm vom 19. bis 21. Mai 2023<\/strong><\/p>\n<p style=\"text-align: justify;\">Los geht der Ludwigsburger Pferdemarkt am Freitag, den 19. Mai 2023. Christoph Adels, Leiter der Abteilung Veranstaltungen, ist sich sicher, zusammen mit seinem Team auch in diesem Jahr wieder ein interessantes und abwechslungsreiches Programm f\u00fcr Jung und Alt auf die Beine gestellt zu haben. \u201eNeben bew\u00e4hrten Programmpunkten wie etwa dem bunten Kr\u00e4mer- und Kunsthandwerkermarkt, dem Vergn\u00fcgungspark und einem attraktiven Pferdeprogramm geht das Hobby Horse Turnier nach dem Erfolg des vergangenen Jahres bereits zum zweiten Mal an den Start\u201c, verr\u00e4t Adels. Bei verschiedenen Disziplinen wie Springreiten oder Dressur kommen dabei Steckenpferde zum Einsatz, die vor Ort auch ausgeliehen werden k\u00f6nnen. \u201eDer Run war beim Hobby Horse Turnier enorm \u2013 es ist bereits ausgebucht\u201c, so Christoph Adels.<\/p>\n<p style=\"text-align: justify;\">Schon zum dritten Mal findet das Ludwigsburger Dackelrennen am Samstag ab 13:30 Uhr auf der B\u00e4renwiese (Ost) statt. Die lustigen Vierbeiner werden wieder f\u00fcr viel Heiterkeit und ein echtes Hundevergn\u00fcgen sorgen.<\/p>\n<p style=\"text-align: justify;\">Auch das attraktive Showprogramm und die traditionellen Pferdepr\u00e4mierungen werden wieder im Mittelpunkt des Geschehens stehen.<\/p>\n<p style=\"text-align: justify;\">Alt Bew\u00e4hrtes und neue Attraktionen \u2013 darauf darf man sich beim Ludwigsburger Pferdemarkt freuen!<\/p>\n<p style=\"text-align: justify;\">Alle Informationen rund um den Ludwigsburger Pferdemarkt gibt es unter:<br \/>\n<a href=\"http:\/\/www.visitludwigsburg.de\" target=\"_blank\" rel=\"noopener\">www.visitludwigsburg.de<\/a> sowie in der Tourist Information im MIK (Eberhardstra\u00dfe 1, Ludwigsburg).<\/p>\n<hr \/>\n<p style=\"text-align: justify;\">\n","protected":false},"excerpt":{"rendered":"<p>Zahlreiche Attraktionen rund um Ludwigsburgs \u00e4ltestes Traditionsfest Ludwigsburg.| Ganze vier Jahre ist es her, dass der Festumzug als H\u00f6hepunkt des Ludwigsburger Pferdemarktes Tausende Besucherinnen und Besucher anlockte \u2013 am Sonntag, den 21. Mai 2023, wird er nun endlich wieder stattfinden. \u201eIm vergangenen Jahr mussten wir pandemiebedingt noch etwas mit angezogener Handbremse agieren und daher auf [&hellip;]<\/p>\n","protected":false},"author":4,"featured_media":169527,"comment_status":"closed","ping_status":"open","sticky":false,"template":"","format":"standard","meta":{"inline_featured_image":false,"_exactmetrics_skip_tracking":false,"_exactmetrics_sitenote_active":false,"_exactmetrics_sitenote_note":"","_exactmetrics_sitenote_category":0,"tdm_status":"","tdm_grid_status":"","footnotes":""},"categories":[67],"tags":[8875,6,68,1391],"class_list":{"0":"post-169526","1":"post","2":"type-post","3":"status-publish","4":"format-standard","5":"has-post-thumbnail","7":"category-ludwigsburg-lokal","8":"tag-die-webzeitung","9":"tag-ludwigsburg","10":"tag-online-zeitung","11":"tag-pferdemarkt"},"image_feature":"https:\/\/die-webzeitung.de\/ludwigsburg\/wp-content\/uploads\/sites\/5\/2023\/05\/\u00a9SCHAU.MEDIA-Pfema2013-16-scaled.jpg","author_name":"Redaktion","pure_taxonomies":{"categories":[{"term_id":67,"name":"Ludwigsburg","slug":"ludwigsburg-lokal","term_group":0,"term_taxonomy_id":68,"taxonomy":"category","description":"","parent":1433,"count":653,"filter":"raw","image":""}],"tags":[{"term_id":8875,"name":"Die-Webzeitung","slug":"die-webzeitung","term_group":0,"term_taxonomy_id":8876,"taxonomy":"post_tag","description":"","parent":0,"count":4257,"filter":"raw","image":""},{"term_id":6,"name":"Ludwigsburg","slug":"ludwigsburg","term_group":0,"term_taxonomy_id":6,"taxonomy":"post_tag","description":"","parent":0,"count":1353,"filter":"raw","image":""},{"term_id":68,"name":"Online-Zeitung","slug":"online-zeitung","term_group":0,"term_taxonomy_id":69,"taxonomy":"post_tag","description":"","parent":0,"count":4206,"filter":"raw","image":""},{"term_id":1391,"name":"Pferdemarkt","slug":"pferdemarkt","term_group":0,"term_taxonomy_id":1400,"taxonomy":"post_tag","description":"","parent":0,"count":8,"filter":"raw","image":""}]},"_links":{"self":[{"href":"https:\/\/die-webzeitung.de\/ludwigsburg\/wp-json\/wp\/v2\/posts\/169526","targetHints":{"allow":["GET"]}}],"collection":[{"href":"https:\/\/die-webzeitung.de\/ludwigsburg\/wp-json\/wp\/v2\/posts"}],"about":[{"href":"https:\/\/die-webzeitung.de\/ludwigsburg\/wp-json\/wp\/v2\/types\/post"}],"author":[{"embeddable":true,"href":"https:\/\/die-webzeitung.de\/ludwigsburg\/wp-json\/wp\/v2\/users\/4"}],"replies":[{"embeddable":true,"href":"https:\/\/die-webzeitung.de\/ludwigsburg\/wp-json\/wp\/v2\/comments?post=169526"}],"version-history":[{"count":1,"href":"https:\/\/die-webzeitung.de\/ludwigsburg\/wp-json\/wp\/v2\/posts\/169526\/revisions"}],"predecessor-version":[{"id":169528,"href":"https:\/\/die-webzeitung.de\/ludwigsburg\/wp-json\/wp\/v2\/posts\/169526\/revisions\/169528"}],"wp:featuredmedia":[{"embeddable":true,"href":"https:\/\/die-webzeitung.de\/ludwigsburg\/wp-json\/wp\/v2\/media\/169527"}],"wp:attachment":[{"href":"https:\/\/die-webzeitung.de\/ludwigsburg\/wp-json\/wp\/v2\/media?parent=169526"}],"wp:term":[{"taxonomy":"category","embeddable":true,"href":"https:\/\/die-webzeitung.de\/ludwigsburg\/wp-json\/wp\/v2\/categories?post=169526"},{"taxonomy":"post_tag","embeddable":true,"href":"https:\/\/die-webzeitung.de\/ludwigsburg\/wp-json\/wp\/v2\/tags?post=169526"}],"curies":[{"name":"wp","href":"https:\/\/api.w.org\/{rel}","templated":true}]}}