{"id":168350,"date":"2023-02-21T17:20:19","date_gmt":"2023-02-21T16:20:19","guid":{"rendered":"https:\/\/die-webzeitung.de\/ludwigsburg\/?p=168350"},"modified":"2023-02-21T17:20:19","modified_gmt":"2023-02-21T16:20:19","slug":"amphibienschutz-sperrung-von-strassenabschnitten-und-zaunaufbau","status":"publish","type":"post","link":"https:\/\/die-webzeitung.de\/ludwigsburg\/2023\/02\/21\/amphibienschutz-sperrung-von-strassenabschnitten-und-zaunaufbau\/","title":{"rendered":"Amphibienschutz: Sperrung von Stra\u00dfenabschnitten und Zaunaufbau"},"content":{"rendered":"<p style=\"text-align: justify;\">Ludwigsburg.| Die w\u00e4rmeren Temperaturen am Abend wecken den Wandertrieb der Fr\u00f6sche, Lurche und Kr\u00f6ten. An der P\u00e4dagogischen Hochschule Ludwigsburg wurden bereits die fr\u00fchen Springfr\u00f6sche und Molche auf ihrem Weg zum Laichgew\u00e4sser gesichtet. Seit vielen Jahren erfasst eine Gruppe von Studierenden der Fachschaft Biologie die vorkommenden Amphibienarten und ihre H\u00e4ufigkeit mit einer Kartierung. F\u00fcr diese Z\u00e4hlung wird am Montag, 27. Februar, von 9 bis 12 Uhr ein Amphibienschutzzaun mit Fangk\u00e4sten aufgebaut. F\u00fcr den Aufbau des Zauns werden noch Freiwillige gesucht \u2013 ebenso f\u00fcr die Unterst\u00fctzung der Studierenden bei der Kartierung und Absetzung der Amphibien am Laichgew\u00e4sser. Wer Interesse hat, kann sich beim Agendab\u00fcro der Stadt Ludwigsburg unter der E-Mail-Adresse <a href=\"mailto:agenda@ludwigsburg.de\" target=\"_blank\" rel=\"noopener\">agenda@ludwigsburg.de<\/a> melden.<\/p>\n<p style=\"text-align: justify;\">Zum Schutz der gef\u00e4hrdeten Amphibien sperrt die Stadtverwaltung einzelne Stra\u00dfenabschnitte beziehungsweise Feldwege und weist mit Schildern auf die Gef\u00e4hrdung der Tiere hin: Ab Freitag, 24. Februar, wird die hintere Schranke in der Fr\u00f6belstra\u00dfe, nach der Zufahrt zum FH\/PH-Parkplatz, samstags und sonntags rund um die Uhr sowie montags bis freitags von 18 bis 6 Uhr geschlossen. Der Parkplatz der Fr\u00f6belschule kann nur bei ge\u00f6ffneter Schranke angefahren und verlassen werden. Es wird darum gebeten, zum Schutz der Amphibien im Bereich des Parkplatzes und der Waldorfschule Schrittgeschwindigkeit zu fahren.<\/p>\n<p style=\"text-align: justify;\">Die Feldwege entlang des Schleifm\u00fchlenbaches in Hoheneck bei der \u00d6lm\u00fchle werden ebenfalls ab Freitag, 24. Februar, t\u00e4glich zwischen 20 und 6 Uhr durch Schranken gesperrt. Eine Durchfahrt von und zur Kl\u00e4ranlage ist damit nicht m\u00f6glich.<\/p>\n<p style=\"text-align: justify;\">Am Ortsausgang Poppenweiler in Richtung Spielplatz, in der K\u00f6niginallee beim Salonwald, in der Hartstra\u00dfe beim Heilbad, im Bangertsweg und beim Neckarradweg in Hoheneck weisen Schilder auf die Amphibienwanderung hin. Autofahrer*innen werden gebeten, in den Abend- und Nachtstunden aufmerksam zu fahren oder besser ganz auf die Durchfahrt zu verzichten. So k\u00f6nnen alle einen Beitrag zur Erhaltung der seltenen, auf der Roten Liste f\u00fcr gef\u00e4hrdete Tierarten stehenden Amphibien leisten.<\/p>\n<p style=\"text-align: justify;\">Die Wanderzeit der Amphibien kann bis in den April hinein andauern, vor allem wenn es zwischendurch einen K\u00e4lteeinbruch gibt und die wechselwarmen Tiere ihre Wanderung unterbrechen. Bisher noch nicht bekannte Amphibienwanderwege und -vorkommen k\u00f6nnen der Abteilung Gr\u00fcnfl\u00e4chen und \u00d6kologie der Stadt Ludwigsburg per Mail an <a href=\"mailto:gruenflaechen@ludwigsburg.de\" target=\"_blank\" rel=\"noopener\">gruenflaechen@ludwigsburg.de<\/a> gemeldet werden.<\/p>\n<hr \/>\n<p style=\"text-align: justify;\">\n","protected":false},"excerpt":{"rendered":"<p>Ludwigsburg.| Die w\u00e4rmeren Temperaturen am Abend wecken den Wandertrieb der Fr\u00f6sche, Lurche und Kr\u00f6ten. An der P\u00e4dagogischen Hochschule Ludwigsburg wurden bereits die fr\u00fchen Springfr\u00f6sche und Molche auf ihrem Weg zum Laichgew\u00e4sser gesichtet. Seit vielen Jahren erfasst eine Gruppe von Studierenden der Fachschaft Biologie die vorkommenden Amphibienarten und ihre H\u00e4ufigkeit mit einer Kartierung. F\u00fcr diese Z\u00e4hlung [&hellip;]<\/p>\n","protected":false},"author":4,"featured_media":0,"comment_status":"closed","ping_status":"open","sticky":false,"template":"","format":"standard","meta":{"inline_featured_image":false,"_exactmetrics_skip_tracking":false,"_exactmetrics_sitenote_active":false,"_exactmetrics_sitenote_note":"","_exactmetrics_sitenote_category":0,"tdm_status":"","tdm_grid_status":"","footnotes":""},"categories":[67],"tags":[12229,8875,6,68],"class_list":{"0":"post-168350","1":"post","2":"type-post","3":"status-publish","4":"format-standard","6":"category-ludwigsburg-lokal","7":"tag-amphibienschutz","8":"tag-die-webzeitung","9":"tag-ludwigsburg","10":"tag-online-zeitung"},"image_feature":null,"author_name":"Redaktion","pure_taxonomies":{"categories":[{"term_id":67,"name":"Ludwigsburg","slug":"ludwigsburg-lokal","term_group":0,"term_taxonomy_id":68,"taxonomy":"category","description":"","parent":1433,"count":653,"filter":"raw","image":""}],"tags":[{"term_id":12229,"name":"Amphibienschutz","slug":"amphibienschutz","term_group":0,"term_taxonomy_id":12230,"taxonomy":"post_tag","description":"","parent":0,"count":1,"filter":"raw","image":""},{"term_id":8875,"name":"Die-Webzeitung","slug":"die-webzeitung","term_group":0,"term_taxonomy_id":8876,"taxonomy":"post_tag","description":"","parent":0,"count":4259,"filter":"raw","image":""},{"term_id":6,"name":"Ludwigsburg","slug":"ludwigsburg","term_group":0,"term_taxonomy_id":6,"taxonomy":"post_tag","description":"","parent":0,"count":1353,"filter":"raw","image":""},{"term_id":68,"name":"Online-Zeitung","slug":"online-zeitung","term_group":0,"term_taxonomy_id":69,"taxonomy":"post_tag","description":"","parent":0,"count":4208,"filter":"raw","image":""}]},"_links":{"self":[{"href":"https:\/\/die-webzeitung.de\/ludwigsburg\/wp-json\/wp\/v2\/posts\/168350","targetHints":{"allow":["GET"]}}],"collection":[{"href":"https:\/\/die-webzeitung.de\/ludwigsburg\/wp-json\/wp\/v2\/posts"}],"about":[{"href":"https:\/\/die-webzeitung.de\/ludwigsburg\/wp-json\/wp\/v2\/types\/post"}],"author":[{"embeddable":true,"href":"https:\/\/die-webzeitung.de\/ludwigsburg\/wp-json\/wp\/v2\/users\/4"}],"replies":[{"embeddable":true,"href":"https:\/\/die-webzeitung.de\/ludwigsburg\/wp-json\/wp\/v2\/comments?post=168350"}],"version-history":[{"count":2,"href":"https:\/\/die-webzeitung.de\/ludwigsburg\/wp-json\/wp\/v2\/posts\/168350\/revisions"}],"predecessor-version":[{"id":168352,"href":"https:\/\/die-webzeitung.de\/ludwigsburg\/wp-json\/wp\/v2\/posts\/168350\/revisions\/168352"}],"wp:attachment":[{"href":"https:\/\/die-webzeitung.de\/ludwigsburg\/wp-json\/wp\/v2\/media?parent=168350"}],"wp:term":[{"taxonomy":"category","embeddable":true,"href":"https:\/\/die-webzeitung.de\/ludwigsburg\/wp-json\/wp\/v2\/categories?post=168350"},{"taxonomy":"post_tag","embeddable":true,"href":"https:\/\/die-webzeitung.de\/ludwigsburg\/wp-json\/wp\/v2\/tags?post=168350"}],"curies":[{"name":"wp","href":"https:\/\/api.w.org\/{rel}","templated":true}]}}