{"id":165553,"date":"2022-07-06T11:38:37","date_gmt":"2022-07-06T10:38:37","guid":{"rendered":"https:\/\/die-webzeitung.de\/ludwigsburg\/?p=165553"},"modified":"2022-07-06T11:38:37","modified_gmt":"2022-07-06T10:38:37","slug":"schwimmen-lernen-in-den-sommerferien","status":"publish","type":"post","link":"https:\/\/die-webzeitung.de\/ludwigsburg\/2022\/07\/06\/schwimmen-lernen-in-den-sommerferien\/","title":{"rendered":"Schwimmen lernen in den Sommerferien"},"content":{"rendered":"<h4 style=\"text-align: justify;\"><strong>Es gibt wieder Kompaktkurse\u00a0<\/strong><\/h4>\n<p style=\"text-align: justify;\">Ludwigsburg.| Durch die Corona-Pandemie ist der Schwimmunterricht fl\u00e4chendeckend ausgefallen. Auch in Ludwigsburg hatten immer weniger Kinder die M\u00f6glichkeit, die Grundtechniken des Schwimmens zu erlernen. Die Stadtverwaltung Ludwigsburg nutzt nun wie im letzten Jahr die Sommerferien und stellt den Vereinen und Schwimmanbietern in dieser Zeit gro\u00dfe Zeitfenster in den Schwimmb\u00e4dern zur Verf\u00fcgung.<\/p>\n<p style=\"text-align: justify;\">Diese bieten sechs Wochen lang Kompaktkursen an, meist in zehn Terminen komprimiert auf zwei Wochen. So kann in den Ferien ein Teil der Anf\u00e4ngerkurse aufgeholt werden.<\/p>\n<p style=\"text-align: justify;\">Inhaberinnen und Inhaber der Ludwigsburg-Card erhalten f\u00fcr die Schwimmkurse eine 50-prozentige Erm\u00e4\u00dfigung. Bei der Anmeldung zu den jeweiligen Schwimmkursen muss daf\u00fcr lediglich die Ludwigsburg-Card vorgezeigt werden.<\/p>\n<p style=\"text-align: justify;\">\u201eJedes Kind muss schwimmen k\u00f6nnen \u2013 daf\u00fcr setzen wir uns in Ludwigsburg seit Jahren mit unserem Programm Schwimmfix ein\u201c, erl\u00e4utert Erste B\u00fcrgermeisterin Renate Schmetz. \u201eWir hoffen, dass viele Familien die Kompaktkurse in den Sommerferien nutzen \u2013 mit der Erm\u00e4\u00dfigung f\u00fcr Ludwigsburg-Card-Nutzer hilft die Stadt denjenigen, die aktuell Schwierigkeiten mit der Finanzierung solcher Angebote haben.\u201c<\/p>\n<p style=\"text-align: justify;\">Alle Schwimmkurse und auch die Kontaktdaten der Anbietenden sind auf der Homepage der Stadt Ludwigsburg unter <a href=\"http:\/\/www.ludwigsburg.de\/Schwimmkurse\" target=\"_blank\" rel=\"noopener\" data-saferedirecturl=\"https:\/\/www.google.com\/url?q=http:\/\/www.ludwigsburg.de\/Schwimmkurse&amp;source=gmail&amp;ust=1657184078722000&amp;usg=AOvVaw2HVdEe0JiYLpVKtEy19DGQ\">www.ludwigsburg.de\/Schwimmkurse<\/a> zu finden.<\/p>\n<hr \/>\n<p style=\"text-align: justify;\">\n","protected":false},"excerpt":{"rendered":"<p>Es gibt wieder Kompaktkurse\u00a0 Ludwigsburg.| Durch die Corona-Pandemie ist der Schwimmunterricht fl\u00e4chendeckend ausgefallen. Auch in Ludwigsburg hatten immer weniger Kinder die M\u00f6glichkeit, die Grundtechniken des Schwimmens zu erlernen. Die Stadtverwaltung Ludwigsburg nutzt nun wie im letzten Jahr die Sommerferien und stellt den Vereinen und Schwimmanbietern in dieser Zeit gro\u00dfe Zeitfenster in den Schwimmb\u00e4dern zur Verf\u00fcgung. [&hellip;]<\/p>\n","protected":false},"author":4,"featured_media":165554,"comment_status":"closed","ping_status":"open","sticky":false,"template":"","format":"standard","meta":{"inline_featured_image":false,"_exactmetrics_skip_tracking":false,"_exactmetrics_sitenote_active":false,"_exactmetrics_sitenote_note":"","_exactmetrics_sitenote_category":0,"tdm_status":"","tdm_grid_status":"","footnotes":""},"categories":[59,67],"tags":[8875,68,4111],"class_list":{"0":"post-165553","1":"post","2":"type-post","3":"status-publish","4":"format-standard","5":"has-post-thumbnail","7":"category-aktuell","8":"category-ludwigsburg-lokal","9":"tag-die-webzeitung","10":"tag-online-zeitung","11":"tag-schwimmen"},"image_feature":"https:\/\/die-webzeitung.de\/ludwigsburg\/wp-content\/uploads\/sites\/5\/2022\/07\/Schwimmfix_Stadt_Ludwigsburg_Stollenberg-scaled.jpg","author_name":"Redaktion","pure_taxonomies":{"categories":[{"term_id":59,"name":"Aktuell","slug":"aktuell","term_group":0,"term_taxonomy_id":60,"taxonomy":"category","description":"","parent":0,"count":1175,"filter":"raw","image":""},{"term_id":67,"name":"Ludwigsburg","slug":"ludwigsburg-lokal","term_group":0,"term_taxonomy_id":68,"taxonomy":"category","description":"","parent":1433,"count":652,"filter":"raw","image":""}],"tags":[{"term_id":8875,"name":"Die-Webzeitung","slug":"die-webzeitung","term_group":0,"term_taxonomy_id":8876,"taxonomy":"post_tag","description":"","parent":0,"count":4249,"filter":"raw","image":""},{"term_id":68,"name":"Online-Zeitung","slug":"online-zeitung","term_group":0,"term_taxonomy_id":69,"taxonomy":"post_tag","description":"","parent":0,"count":4198,"filter":"raw","image":""},{"term_id":4111,"name":"schwimmen","slug":"schwimmen","term_group":0,"term_taxonomy_id":4124,"taxonomy":"post_tag","description":"","parent":0,"count":175,"filter":"raw","image":""}]},"_links":{"self":[{"href":"https:\/\/die-webzeitung.de\/ludwigsburg\/wp-json\/wp\/v2\/posts\/165553","targetHints":{"allow":["GET"]}}],"collection":[{"href":"https:\/\/die-webzeitung.de\/ludwigsburg\/wp-json\/wp\/v2\/posts"}],"about":[{"href":"https:\/\/die-webzeitung.de\/ludwigsburg\/wp-json\/wp\/v2\/types\/post"}],"author":[{"embeddable":true,"href":"https:\/\/die-webzeitung.de\/ludwigsburg\/wp-json\/wp\/v2\/users\/4"}],"replies":[{"embeddable":true,"href":"https:\/\/die-webzeitung.de\/ludwigsburg\/wp-json\/wp\/v2\/comments?post=165553"}],"version-history":[{"count":1,"href":"https:\/\/die-webzeitung.de\/ludwigsburg\/wp-json\/wp\/v2\/posts\/165553\/revisions"}],"predecessor-version":[{"id":165555,"href":"https:\/\/die-webzeitung.de\/ludwigsburg\/wp-json\/wp\/v2\/posts\/165553\/revisions\/165555"}],"wp:featuredmedia":[{"embeddable":true,"href":"https:\/\/die-webzeitung.de\/ludwigsburg\/wp-json\/wp\/v2\/media\/165554"}],"wp:attachment":[{"href":"https:\/\/die-webzeitung.de\/ludwigsburg\/wp-json\/wp\/v2\/media?parent=165553"}],"wp:term":[{"taxonomy":"category","embeddable":true,"href":"https:\/\/die-webzeitung.de\/ludwigsburg\/wp-json\/wp\/v2\/categories?post=165553"},{"taxonomy":"post_tag","embeddable":true,"href":"https:\/\/die-webzeitung.de\/ludwigsburg\/wp-json\/wp\/v2\/tags?post=165553"}],"curies":[{"name":"wp","href":"https:\/\/api.w.org\/{rel}","templated":true}]}}