{"id":164973,"date":"2022-06-13T14:59:52","date_gmt":"2022-06-13T13:59:52","guid":{"rendered":"https:\/\/die-webzeitung.de\/ludwigsburg\/?p=164973"},"modified":"2022-06-13T14:59:52","modified_gmt":"2022-06-13T13:59:52","slug":"laurents-hoerr-feiert-podiumserfolg-bei-le-mans-premiere","status":"publish","type":"post","link":"https:\/\/die-webzeitung.de\/ludwigsburg\/2022\/06\/13\/laurents-hoerr-feiert-podiumserfolg-bei-le-mans-premiere\/","title":{"rendered":"Laurents H\u00f6rr feiert Podiumserfolg bei Le Mans Premiere"},"content":{"rendered":"<p style=\"text-align: justify;\"><strong>Der dreifache Champion erf\u00fcllte sich mit der Teilnahme am 24h Rennen von Le Mans einen Traum. Mit dem 3. Platz in der LMP2 Pro-Am Klassifikation \u00fcbertrifft er jedoch alle Erwartungen.<\/strong><\/p>\n<ul>\n<li style=\"text-align: justify;\">24h von Le Mans mit dem DKR Engineering LMP2<\/li>\n<li style=\"text-align: justify;\">3. Platz in der LMP2 Pro-Am Kategorie<\/li>\n<li style=\"text-align: justify;\">18. Platz in der LMP2 Wertung<\/li>\n<\/ul>\n<p style=\"text-align: justify;\">Le Mans.| Die 90. Ausgabe der 24 Stunden von Le Mans sollten f\u00fcr Laurents H\u00f6rr zu einer gelungenen Premiere werden. Im Langstreckenklassiker ging der Deutsche im Oreca 07 \u2013 Gibson #3 in der LMP2-Wertung ins Rennen. Zusammen mit seinen DKR Engineering-Kollegen Jean Glorieux und Alexandre Cougnaud ging der Stuttgarter Pilot die 13,626 Kilometer lange Strecke in Frankreich.<\/p>\n<p style=\"text-align: justify;\">Laurents H\u00f6rr fuhr den Start des weltgr\u00f6\u00dften Autorennens vor 250.000 euphorischen Zuschauern. Von Rang 25 ausgehend konnte er bereits in der Anfangsphase einige Pl\u00e4tze gutmachen und \u00fcbergab das Steuer nach einem Doppelstint an 14. Stelle liegend. Kleinere Zwischenf\u00e4lle f\u00fchrten dazu, dass die #3 in den Morgenstunden auf Platz 19 lag. Der Ehrgeiz des Luxemburger Teams sollte sich jedoch bezahlt machen.<\/p>\n<p style=\"text-align: justify;\">Die gelungene Teamleistung wurde nach 362 Runden mit dem 3. Platz in der LMP2 Pro-Am Kategorie &#8211; dem 18. Rang in der LMP2-Wertung &#8211; belohnt. Im gesamten Starterfeld \u00fcberquerte die #3 nach 24 Stunden die Ziellinie auf P22. 53 der 62 teilnehmenden Fahrzeuge beendeten das bekannteste Rennen der Welt in der Sarthe.<\/p>\n<p style=\"text-align: justify;\">\u201eViel mehr h\u00e4tte man von dem Rennen wirklich nicht erwarten k\u00f6nnen. Es war das erste Rennen f\u00fcr uns mit dem Auto, welches sehr komplex ist. Ich bin \u00fcbergl\u00fccklich, dass wir die 24 Stunden von Le Mans ziemlich problemlos durchgekommen sind. Die Pace war gut und wir konnten Ausrufezeichen setzten\u201c, freut sich Laurents H\u00f6rr.<\/p>\n<p style=\"text-align: justify;\">Am 2. Juli findet das dritte Rennen des Michelin Le Mans Cups in Monza, Italien, statt. Am 3. Juli geht Laurents H\u00f6rr zudem bei der European Le Mans Series im LMP2-Fahrzeug an den Start.<\/p>\n<hr \/>\n<p style=\"text-align: justify;\">\n","protected":false},"excerpt":{"rendered":"<p>Der dreifache Champion erf\u00fcllte sich mit der Teilnahme am 24h Rennen von Le Mans einen Traum. Mit dem 3. Platz in der LMP2 Pro-Am Klassifikation \u00fcbertrifft er jedoch alle Erwartungen. 24h von Le Mans mit dem DKR Engineering LMP2 3. Platz in der LMP2 Pro-Am Kategorie 18. Platz in der LMP2 Wertung Le Mans.| Die [&hellip;]<\/p>\n","protected":false},"author":4,"featured_media":0,"comment_status":"closed","ping_status":"open","sticky":false,"template":"","format":"standard","meta":{"inline_featured_image":false,"_exactmetrics_skip_tracking":false,"_exactmetrics_sitenote_active":false,"_exactmetrics_sitenote_note":"","_exactmetrics_sitenote_category":0,"tdm_status":"","tdm_grid_status":"","footnotes":""},"categories":[110],"tags":[8875,1628,1623,68,3283],"class_list":{"0":"post-164973","1":"post","2":"type-post","3":"status-publish","4":"format-standard","6":"category-sport","7":"tag-die-webzeitung","8":"tag-le-mans","9":"tag-motorsport","10":"tag-online-zeitung","11":"tag-rennen"},"image_feature":null,"author_name":"Redaktion","pure_taxonomies":{"categories":[{"term_id":110,"name":"Sport","slug":"sport","term_group":0,"term_taxonomy_id":112,"taxonomy":"category","description":"Sportberichte","parent":0,"count":1114,"filter":"raw","image":""}],"tags":[{"term_id":8875,"name":"Die-Webzeitung","slug":"die-webzeitung","term_group":0,"term_taxonomy_id":8876,"taxonomy":"post_tag","description":"","parent":0,"count":4249,"filter":"raw","image":""},{"term_id":1628,"name":"Le Mans","slug":"le-mans","term_group":0,"term_taxonomy_id":1637,"taxonomy":"post_tag","description":"","parent":0,"count":13,"filter":"raw","image":""},{"term_id":1623,"name":"Motorsport","slug":"motorsport","term_group":0,"term_taxonomy_id":1632,"taxonomy":"post_tag","description":"","parent":0,"count":29,"filter":"raw","image":""},{"term_id":68,"name":"Online-Zeitung","slug":"online-zeitung","term_group":0,"term_taxonomy_id":69,"taxonomy":"post_tag","description":"","parent":0,"count":4198,"filter":"raw","image":""},{"term_id":3283,"name":"Rennen","slug":"rennen","term_group":0,"term_taxonomy_id":3296,"taxonomy":"post_tag","description":"","parent":0,"count":14,"filter":"raw","image":""}]},"_links":{"self":[{"href":"https:\/\/die-webzeitung.de\/ludwigsburg\/wp-json\/wp\/v2\/posts\/164973","targetHints":{"allow":["GET"]}}],"collection":[{"href":"https:\/\/die-webzeitung.de\/ludwigsburg\/wp-json\/wp\/v2\/posts"}],"about":[{"href":"https:\/\/die-webzeitung.de\/ludwigsburg\/wp-json\/wp\/v2\/types\/post"}],"author":[{"embeddable":true,"href":"https:\/\/die-webzeitung.de\/ludwigsburg\/wp-json\/wp\/v2\/users\/4"}],"replies":[{"embeddable":true,"href":"https:\/\/die-webzeitung.de\/ludwigsburg\/wp-json\/wp\/v2\/comments?post=164973"}],"version-history":[{"count":1,"href":"https:\/\/die-webzeitung.de\/ludwigsburg\/wp-json\/wp\/v2\/posts\/164973\/revisions"}],"predecessor-version":[{"id":164974,"href":"https:\/\/die-webzeitung.de\/ludwigsburg\/wp-json\/wp\/v2\/posts\/164973\/revisions\/164974"}],"wp:attachment":[{"href":"https:\/\/die-webzeitung.de\/ludwigsburg\/wp-json\/wp\/v2\/media?parent=164973"}],"wp:term":[{"taxonomy":"category","embeddable":true,"href":"https:\/\/die-webzeitung.de\/ludwigsburg\/wp-json\/wp\/v2\/categories?post=164973"},{"taxonomy":"post_tag","embeddable":true,"href":"https:\/\/die-webzeitung.de\/ludwigsburg\/wp-json\/wp\/v2\/tags?post=164973"}],"curies":[{"name":"wp","href":"https:\/\/api.w.org\/{rel}","templated":true}]}}