{"id":164316,"date":"2022-04-26T16:39:42","date_gmt":"2022-04-26T15:39:42","guid":{"rendered":"https:\/\/die-webzeitung.de\/ludwigsburg\/?p=164316"},"modified":"2022-04-26T16:39:42","modified_gmt":"2022-04-26T15:39:42","slug":"westrandstrasse-fertiggestellt-und-fuer-verkehr-freigegeben","status":"publish","type":"post","link":"https:\/\/die-webzeitung.de\/ludwigsburg\/2022\/04\/26\/westrandstrasse-fertiggestellt-und-fuer-verkehr-freigegeben\/","title":{"rendered":"Westrandstra\u00dfe fertiggestellt und f\u00fcr Verkehr freigegeben"},"content":{"rendered":"<h5 style=\"text-align: justify;\"><strong>Stra\u00dfe tr\u00e4gt jetzt den Namen \u201eBeim Bierkeller\u201c<\/strong><\/h5>\n<p style=\"text-align: justify;\">Ludwigsburg.| Nach knapp 17-monatiger Bauzeit ist die neue Westumfahrung Ludwigsburg \u2013 Abschnitt S\u00fcd (\u201eWestrandstra\u00dfe\u201c) fertiggestellt und f\u00fcr den Verkehr freigegeben. Sie sorgt f\u00fcr eine Entlastung der Hauptverkehrsstra\u00dfen in der Weststadt und in Pflugfelden. Au\u00dferdem bekommen die Gewerbegebiete W\u00f6hlerstra\u00dfe und Hintere Halden eine direkte Zufahrtsm\u00f6glichkeit auf die Autobahn A 81. Dadurch sind auch die Gewerbegebiete Wald\u00e4cker und Gr\u00f6nerstra\u00dfe f\u00fcr den Schwerlastverkehr leichter zu erreichen, wovon die Schwieberdinger Stra\u00dfe deutlich profitiert. Die fertiggestellte Stra\u00dfe tr\u00e4gt jetzt den Namen \u201eBeim Bierkeller\u201c.<\/p>\n<p style=\"text-align: justify;\">\u201eInnerhalb von 17 Monaten wurden gewaltige Erdmassen ausgehoben, viele Hundert Meter Leitungen verlegt und beispielsweise 32 neue B\u00e4ume gepflanzt\u201c, erkl\u00e4rt B\u00fcrgermeister Sebastian Mannl. \u201eTrotz der Dimensionen des Projekts und trotz einiger Herausforderungen konnten wir es aber sogar drei Monate fr\u00fcher als geplant abschlie\u00dfen. Daf\u00fcr geht mein Dank an das Team des Fachbereichs Tiefbau und Gr\u00fcnfl\u00e4chen. F\u00fcr die B\u00fcrgerinnen und B\u00fcrger in Pflugfelden und in der Weststadt freut es mich, dass sie nun bedeutend weniger Verkehr ausgesetzt sind.\u201c<\/p>\n<p style=\"text-align: justify;\">Das Regierungspr\u00e4sidium Stuttgart hatte mit dem Umbau des Knotenpunkts zur Autobahnauffahrt und der Verbreiterung der Landesstra\u00dfe L 1140 bereits im Jahr 2020 die Grundlage f\u00fcr diese Ma\u00dfnahme gelegt. Am 9. November 2020 begannen dann die Arbeiten an der Westrandstra\u00dfe. Die gr\u00f6\u00dften Erdbewegungen passierten bis April 2021: F\u00fcr den etwa f\u00fcnf Meter tiefen Einschnitt mussten rund 35.000 Kubikmeter Boden abgetragen und abgefahren werden. Ende September 2021 war dann die Verbindung der Westrandstra\u00dfe mit der Daimlerstra\u00dfe (Gemarkung M\u00f6glingen) \u00fcber einen neuen Kreisverkehr geschaffen. Dabei hatte sich vor allem der Leitungsbau f\u00fcr die beteiligten Versorgungsunternehmen als besonders komplex herausgestellt. Parallel wurde entlang der Landesstra\u00dfe ein neues Regenr\u00fcckhaltebecken f\u00fcr die Entw\u00e4sserung der sp\u00e4teren Umgehungsstra\u00dfe gebaut.<\/p>\n<p style=\"text-align: justify;\">Im Oktober 2021 begann der Umbau des Knotenpunkts M\u00f6rikestra\u00dfe\/W\u00f6hlerstra\u00dfe zu einem Kreisverkehrsplatz. Neben dem sehr herausfordernden Leitungsbau kam hier erschwerend hinzu, dass das Industriegleis der Firma Lotter fast w\u00e4hrend der gesamten Bauzeit f\u00fcr die regelm\u00e4\u00dfigen Materiallieferungen nutzbar sein musste. Im Rahmen der erforderlichen Stra\u00dfensperrungen f\u00fcr die Herstellung des Kreisverkehrs wurde die Bushaltestelle \u201eLotter\u201c in der M\u00f6rikestra\u00dfe beidseitig barrierefrei umgebaut und die schadhafte Fahrbahn auf einer L\u00e4nge von circa 100 Metern saniert.<\/p>\n<p style=\"text-align: justify;\">Die Stadtwerke Ludwigsburg-Kornwestheim (SWLB) haben s\u00e4mtliche Stra\u00dfenbauarbeiten mit umfangreichen Leitungsarbeiten begleitet. Weiter wurden zwischen Februar und M\u00e4rz 2022 im Rahmen des Landschaftsbaus 32 B\u00e4ume gepflanzt und auf circa 2.400 Quadratmetern Wiesen-, Hecken- und Strauchstrukturen geschaffen.<\/p>\n<p style=\"text-align: justify;\">Die Kosten der durchgef\u00fchrten Ma\u00dfnahmen belaufen sich voraussichtlich auf insgesamt 5,4 Millionen Euro. Darin enthalten sind Honorare und die zus\u00e4tzlichen Leistungen zum barrierefreien Umbau der Bushaltestellen und zur Sanierung der M\u00f6rikestra\u00dfe. \u00dcber Landesf\u00f6rdermittel wird der Bau der Westrandstra\u00dfe bezuschusst.<\/p>\n<hr \/>\n<p style=\"text-align: justify;\">\n","protected":false},"excerpt":{"rendered":"<p>Stra\u00dfe tr\u00e4gt jetzt den Namen \u201eBeim Bierkeller\u201c Ludwigsburg.| Nach knapp 17-monatiger Bauzeit ist die neue Westumfahrung Ludwigsburg \u2013 Abschnitt S\u00fcd (\u201eWestrandstra\u00dfe\u201c) fertiggestellt und f\u00fcr den Verkehr freigegeben. Sie sorgt f\u00fcr eine Entlastung der Hauptverkehrsstra\u00dfen in der Weststadt und in Pflugfelden. Au\u00dferdem bekommen die Gewerbegebiete W\u00f6hlerstra\u00dfe und Hintere Halden eine direkte Zufahrtsm\u00f6glichkeit auf die Autobahn A [&hellip;]<\/p>\n","protected":false},"author":4,"featured_media":0,"comment_status":"closed","ping_status":"open","sticky":false,"template":"","format":"standard","meta":{"inline_featured_image":false,"_exactmetrics_skip_tracking":false,"tdm_status":"","tdm_grid_status":"","footnotes":""},"categories":[59,67],"tags":[8875,5,6,68,1087],"class_list":{"0":"post-164316","1":"post","2":"type-post","3":"status-publish","4":"format-standard","6":"category-aktuell","7":"category-ludwigsburg-lokal","8":"tag-die-webzeitung","9":"tag-internetzeitung","10":"tag-ludwigsburg","11":"tag-online-zeitung","12":"tag-westrandstrase"},"image_feature":null,"author_name":"Redaktion","pure_taxonomies":{"categories":[{"term_id":59,"name":"Aktuell","slug":"aktuell","term_group":0,"term_taxonomy_id":60,"taxonomy":"category","description":"","parent":0,"count":1217,"filter":"raw","image":""},{"term_id":67,"name":"Ludwigsburg","slug":"ludwigsburg-lokal","term_group":0,"term_taxonomy_id":68,"taxonomy":"category","description":"","parent":1433,"count":689,"filter":"raw","image":""}],"tags":[{"term_id":8875,"name":"Die-Webzeitung","slug":"die-webzeitung","term_group":0,"term_taxonomy_id":8876,"taxonomy":"post_tag","description":"","parent":0,"count":4215,"filter":"raw","image":""},{"term_id":5,"name":"Internetzeitung","slug":"internetzeitung","term_group":0,"term_taxonomy_id":5,"taxonomy":"post_tag","description":"","parent":0,"count":1531,"filter":"raw","image":""},{"term_id":6,"name":"Ludwigsburg","slug":"ludwigsburg","term_group":0,"term_taxonomy_id":6,"taxonomy":"post_tag","description":"","parent":0,"count":1321,"filter":"raw","image":""},{"term_id":68,"name":"Online-Zeitung","slug":"online-zeitung","term_group":0,"term_taxonomy_id":69,"taxonomy":"post_tag","description":"","parent":0,"count":4166,"filter":"raw","image":""},{"term_id":1087,"name":"Westrandstra\u00dfe","slug":"westrandstrase","term_group":0,"term_taxonomy_id":1096,"taxonomy":"post_tag","description":"","parent":0,"count":2,"filter":"raw","image":""}]},"_links":{"self":[{"href":"https:\/\/die-webzeitung.de\/ludwigsburg\/wp-json\/wp\/v2\/posts\/164316","targetHints":{"allow":["GET"]}}],"collection":[{"href":"https:\/\/die-webzeitung.de\/ludwigsburg\/wp-json\/wp\/v2\/posts"}],"about":[{"href":"https:\/\/die-webzeitung.de\/ludwigsburg\/wp-json\/wp\/v2\/types\/post"}],"author":[{"embeddable":true,"href":"https:\/\/die-webzeitung.de\/ludwigsburg\/wp-json\/wp\/v2\/users\/4"}],"replies":[{"embeddable":true,"href":"https:\/\/die-webzeitung.de\/ludwigsburg\/wp-json\/wp\/v2\/comments?post=164316"}],"version-history":[{"count":2,"href":"https:\/\/die-webzeitung.de\/ludwigsburg\/wp-json\/wp\/v2\/posts\/164316\/revisions"}],"predecessor-version":[{"id":164318,"href":"https:\/\/die-webzeitung.de\/ludwigsburg\/wp-json\/wp\/v2\/posts\/164316\/revisions\/164318"}],"wp:attachment":[{"href":"https:\/\/die-webzeitung.de\/ludwigsburg\/wp-json\/wp\/v2\/media?parent=164316"}],"wp:term":[{"taxonomy":"category","embeddable":true,"href":"https:\/\/die-webzeitung.de\/ludwigsburg\/wp-json\/wp\/v2\/categories?post=164316"},{"taxonomy":"post_tag","embeddable":true,"href":"https:\/\/die-webzeitung.de\/ludwigsburg\/wp-json\/wp\/v2\/tags?post=164316"}],"curies":[{"name":"wp","href":"https:\/\/api.w.org\/{rel}","templated":true}]}}