{"id":164312,"date":"2022-04-26T13:43:05","date_gmt":"2022-04-26T12:43:05","guid":{"rendered":"https:\/\/die-webzeitung.de\/ludwigsburg\/?p=164312"},"modified":"2022-04-26T13:43:05","modified_gmt":"2022-04-26T12:43:05","slug":"kundgebung-zum-1-mai","status":"publish","type":"post","link":"https:\/\/die-webzeitung.de\/ludwigsburg\/2022\/04\/26\/kundgebung-zum-1-mai\/","title":{"rendered":"Kundgebung zum 1. Mai"},"content":{"rendered":"<h5 style=\"text-align: justify;\"><strong>Vorher Demonstration<\/strong><\/h5>\n<p style=\"text-align: justify;\">Waiblingen.| Zur Demonstration mit Kundgebung des Deutschen Gewerkschaftsbunds am Sonntag, 1. Mai 2022, dem \u201eTag der Arbeit\u201c, in Waiblingen werden etwa 200 Teilnehmende erwartet. Treffpunkt zum Demonstrationszug ist von 13.30 Uhr an auf dem Bahnhofsvorplatz; gestartet wird um 14 Uhr. Der Zug bewegt sich durch die Damm- und Fronackerstra\u00dfe zum Stadtgraben, wo er von der Langen in die Kurze Stra\u00dfe abbiegt und auf dem Marktplatz endet. Die Kundgebung mit Redebeitr\u00e4gen und Musik auf dem Marktplatz dauert von 14.45 Uhr bis etwa 16.30 Uhr. Eine Bewirtung mit Speisen und Getr\u00e4nken ist vorgesehen. Die Anmeldung einer \u00f6ffentlichen Versammlung am 1. Mai hat die Abteilung Ordnungswesen der Stadt Waiblingen best\u00e4tigt.<\/p>\n<hr \/>\n<p style=\"text-align: justify;\">\n","protected":false},"excerpt":{"rendered":"<p>Vorher Demonstration Waiblingen.| Zur Demonstration mit Kundgebung des Deutschen Gewerkschaftsbunds am Sonntag, 1. Mai 2022, dem \u201eTag der Arbeit\u201c, in Waiblingen werden etwa 200 Teilnehmende erwartet. Treffpunkt zum Demonstrationszug ist von 13.30 Uhr an auf dem Bahnhofsvorplatz; gestartet wird um 14 Uhr. Der Zug bewegt sich durch die Damm- und Fronackerstra\u00dfe zum Stadtgraben, wo er [&hellip;]<\/p>\n","protected":false},"author":4,"featured_media":0,"comment_status":"closed","ping_status":"open","sticky":false,"template":"","format":"standard","meta":{"inline_featured_image":false,"_exactmetrics_skip_tracking":false,"tdm_status":"","tdm_grid_status":"","footnotes":""},"categories":[548],"tags":[4033,6038,8875,5,5582,68,8332],"class_list":{"0":"post-164312","1":"post","2":"type-post","3":"status-publish","4":"format-standard","6":"category-waiblingen","7":"tag-1-mai","8":"tag-demo","9":"tag-die-webzeitung","10":"tag-internetzeitung","11":"tag-kundgebung","12":"tag-online-zeitung","13":"tag-waiblingen"},"image_feature":null,"author_name":"Redaktion","pure_taxonomies":{"categories":[{"term_id":548,"name":"Waiblingen","slug":"waiblingen","term_group":0,"term_taxonomy_id":4268,"taxonomy":"category","description":"Infos der Stadt Waiblingen im Rems-Murr-Kreis","parent":1433,"count":250,"filter":"raw","image":""}],"tags":[{"term_id":4033,"name":"1. Mai","slug":"1-mai","term_group":0,"term_taxonomy_id":4046,"taxonomy":"post_tag","description":"","parent":0,"count":2,"filter":"raw","image":""},{"term_id":6038,"name":"Demo","slug":"demo","term_group":0,"term_taxonomy_id":6056,"taxonomy":"post_tag","description":"","parent":0,"count":7,"filter":"raw","image":""},{"term_id":8875,"name":"Die-Webzeitung","slug":"die-webzeitung","term_group":0,"term_taxonomy_id":8876,"taxonomy":"post_tag","description":"","parent":0,"count":4215,"filter":"raw","image":""},{"term_id":5,"name":"Internetzeitung","slug":"internetzeitung","term_group":0,"term_taxonomy_id":5,"taxonomy":"post_tag","description":"","parent":0,"count":1531,"filter":"raw","image":""},{"term_id":5582,"name":"Kundgebung","slug":"kundgebung","term_group":0,"term_taxonomy_id":5600,"taxonomy":"post_tag","description":"","parent":0,"count":7,"filter":"raw","image":""},{"term_id":68,"name":"Online-Zeitung","slug":"online-zeitung","term_group":0,"term_taxonomy_id":69,"taxonomy":"post_tag","description":"","parent":0,"count":4166,"filter":"raw","image":""},{"term_id":8332,"name":"Waiblingen","slug":"waiblingen","term_group":0,"term_taxonomy_id":556,"taxonomy":"post_tag","description":"","parent":0,"count":251,"filter":"raw","image":""}]},"_links":{"self":[{"href":"https:\/\/die-webzeitung.de\/ludwigsburg\/wp-json\/wp\/v2\/posts\/164312","targetHints":{"allow":["GET"]}}],"collection":[{"href":"https:\/\/die-webzeitung.de\/ludwigsburg\/wp-json\/wp\/v2\/posts"}],"about":[{"href":"https:\/\/die-webzeitung.de\/ludwigsburg\/wp-json\/wp\/v2\/types\/post"}],"author":[{"embeddable":true,"href":"https:\/\/die-webzeitung.de\/ludwigsburg\/wp-json\/wp\/v2\/users\/4"}],"replies":[{"embeddable":true,"href":"https:\/\/die-webzeitung.de\/ludwigsburg\/wp-json\/wp\/v2\/comments?post=164312"}],"version-history":[{"count":3,"href":"https:\/\/die-webzeitung.de\/ludwigsburg\/wp-json\/wp\/v2\/posts\/164312\/revisions"}],"predecessor-version":[{"id":164315,"href":"https:\/\/die-webzeitung.de\/ludwigsburg\/wp-json\/wp\/v2\/posts\/164312\/revisions\/164315"}],"wp:attachment":[{"href":"https:\/\/die-webzeitung.de\/ludwigsburg\/wp-json\/wp\/v2\/media?parent=164312"}],"wp:term":[{"taxonomy":"category","embeddable":true,"href":"https:\/\/die-webzeitung.de\/ludwigsburg\/wp-json\/wp\/v2\/categories?post=164312"},{"taxonomy":"post_tag","embeddable":true,"href":"https:\/\/die-webzeitung.de\/ludwigsburg\/wp-json\/wp\/v2\/tags?post=164312"}],"curies":[{"name":"wp","href":"https:\/\/api.w.org\/{rel}","templated":true}]}}