{"id":164265,"date":"2022-04-22T16:55:33","date_gmt":"2022-04-22T15:55:33","guid":{"rendered":"https:\/\/die-webzeitung.de\/ludwigsburg\/?p=164265"},"modified":"2022-04-22T16:55:33","modified_gmt":"2022-04-22T15:55:33","slug":"17-tote-tiere-in-landwirtschaftlichem-betrieb-entdeckt","status":"publish","type":"post","link":"https:\/\/die-webzeitung.de\/ludwigsburg\/2022\/04\/22\/17-tote-tiere-in-landwirtschaftlichem-betrieb-entdeckt\/","title":{"rendered":"17 tote Tiere in landwirtschaftlichem Betrieb entdeckt"},"content":{"rendered":"<ul>\n<li style=\"text-align: justify;\"><strong>Tiere sind wahrscheinlich verhungert oder verdurstet<\/strong><\/li>\n<li style=\"text-align: justify;\"><strong>Ma\u00dfnahmen gegen den Tierhalter werden gepr\u00fcft<\/strong><\/li>\n<\/ul>\n<p style=\"text-align: justify;\">Erligheim.| In einem landwirtschaftlichen Betrieb in Erligheim sind 17 tote Tiere entdeckt worden. Sie sind allem Anschein nach verhungert oder verdurstet. Die Entsorgung der Tierk\u00f6rper wird angeordnet. Ma\u00dfnahmen gegen den Tierhalter wegen eines mutma\u00dflichen Versto\u00dfes gegen das Tierschutzgesetz werden gepr\u00fcft. Mitarbeitende des Landratsamt-Veterin\u00e4ramts und Polizeibeamte des Arbeitsbereichs Gewerbe und Umwelt des Polizeipr\u00e4sidiums Ludwigsburg waren vor Ort.<\/p>\n<p style=\"text-align: justify;\">Das Veterin\u00e4ramt des Landratsamts wurde am Mittwochnachmittag vom Polizeipr\u00e4sidium Ludwigsburg telefonisch dar\u00fcber informiert, dass in einer kleineren Tierhaltung in Erligheim mehrere tote Schweine, Rinder und H\u00fchner gefunden worden seien. Beamte des Polizeireviers Bietigheim-Bissingen waren vor Ort.<\/p>\n<p style=\"text-align: justify;\">Bei dem Betrieb handelt es sich um einen kleinen Nebenerwerbsbetrieb mit einigen Rindern, wenigen Schweinen und H\u00fchnern. Das Veterin\u00e4ramt war noch am Mittwoch gemeinsam mit Beamten des Arbeitsbereichs Gewerbe und Umwelt des Polizeipr\u00e4sidiums Ludwigsburg und des Polizeireviers Bietigheim-Bissingen auf dem Betrieb. Bei der Kontrolle best\u00e4tigte sich der Verdacht, dass alle Tiere bis auf ein Schwein aufgrund mangelnder Versorgung verendet sind.<\/p>\n<p style=\"text-align: justify;\">Die Stallungen waren hygienisch in einem schlechten Zustand, den Rindern und H\u00fchnern standen weder gen\u00fcgend Wasser noch Futter, den Schweinen stand Wasser, aber nicht gen\u00fcgend Futter zur Verf\u00fcgung. Neben einem lebenden Schwein, das umgehend versorgt und tierschutzgerecht untergebracht wurde, befanden sich keine weiteren Tiere auf dem Betrieb.<u>\u00a0<\/u><\/p>\n<p style=\"text-align: justify;\">Der Tierhalter befindet sich nach dem gewonnenen Eindruck in einem pers\u00f6nlichen Ausnahmezustand. Das Ergebnis der laufenden Ermittlungen wegen mutma\u00dflicher Verst\u00f6\u00dfe gegen das Tierschutzgesetz bleibt abzuwarten. Das Veterin\u00e4ramt hat gegen\u00fcber dem Tierhalter ein Tierhaltungsverbot ausgesprochen.<\/p>\n<hr \/>\n<p style=\"text-align: justify;\">\n","protected":false},"excerpt":{"rendered":"<p>Tiere sind wahrscheinlich verhungert oder verdurstet Ma\u00dfnahmen gegen den Tierhalter werden gepr\u00fcft Erligheim.| In einem landwirtschaftlichen Betrieb in Erligheim sind 17 tote Tiere entdeckt worden. Sie sind allem Anschein nach verhungert oder verdurstet. Die Entsorgung der Tierk\u00f6rper wird angeordnet. Ma\u00dfnahmen gegen den Tierhalter wegen eines mutma\u00dflichen Versto\u00dfes gegen das Tierschutzgesetz werden gepr\u00fcft. Mitarbeitende des Landratsamt-Veterin\u00e4ramts [&hellip;]<\/p>\n","protected":false},"author":4,"featured_media":0,"comment_status":"closed","ping_status":"open","sticky":false,"template":"","format":"standard","meta":{"inline_featured_image":false,"_exactmetrics_skip_tracking":false,"tdm_status":"","tdm_grid_status":"","footnotes":""},"categories":[59,65],"tags":[8875,5,68],"class_list":{"0":"post-164265","1":"post","2":"type-post","3":"status-publish","4":"format-standard","6":"category-aktuell","7":"category-kreis_ludwigsburg","8":"tag-die-webzeitung","9":"tag-internetzeitung","10":"tag-online-zeitung"},"image_feature":null,"author_name":"Redaktion","pure_taxonomies":{"categories":[{"term_id":59,"name":"Aktuell","slug":"aktuell","term_group":0,"term_taxonomy_id":60,"taxonomy":"category","description":"","parent":0,"count":1217,"filter":"raw","image":""},{"term_id":65,"name":"Kreis Ludwigsburg","slug":"kreis_ludwigsburg","term_group":0,"term_taxonomy_id":66,"taxonomy":"category","description":"","parent":171,"count":660,"filter":"raw","image":""}],"tags":[{"term_id":8875,"name":"Die-Webzeitung","slug":"die-webzeitung","term_group":0,"term_taxonomy_id":8876,"taxonomy":"post_tag","description":"","parent":0,"count":4215,"filter":"raw","image":""},{"term_id":5,"name":"Internetzeitung","slug":"internetzeitung","term_group":0,"term_taxonomy_id":5,"taxonomy":"post_tag","description":"","parent":0,"count":1531,"filter":"raw","image":""},{"term_id":68,"name":"Online-Zeitung","slug":"online-zeitung","term_group":0,"term_taxonomy_id":69,"taxonomy":"post_tag","description":"","parent":0,"count":4166,"filter":"raw","image":""}]},"_links":{"self":[{"href":"https:\/\/die-webzeitung.de\/ludwigsburg\/wp-json\/wp\/v2\/posts\/164265","targetHints":{"allow":["GET"]}}],"collection":[{"href":"https:\/\/die-webzeitung.de\/ludwigsburg\/wp-json\/wp\/v2\/posts"}],"about":[{"href":"https:\/\/die-webzeitung.de\/ludwigsburg\/wp-json\/wp\/v2\/types\/post"}],"author":[{"embeddable":true,"href":"https:\/\/die-webzeitung.de\/ludwigsburg\/wp-json\/wp\/v2\/users\/4"}],"replies":[{"embeddable":true,"href":"https:\/\/die-webzeitung.de\/ludwigsburg\/wp-json\/wp\/v2\/comments?post=164265"}],"version-history":[{"count":2,"href":"https:\/\/die-webzeitung.de\/ludwigsburg\/wp-json\/wp\/v2\/posts\/164265\/revisions"}],"predecessor-version":[{"id":164267,"href":"https:\/\/die-webzeitung.de\/ludwigsburg\/wp-json\/wp\/v2\/posts\/164265\/revisions\/164267"}],"wp:attachment":[{"href":"https:\/\/die-webzeitung.de\/ludwigsburg\/wp-json\/wp\/v2\/media?parent=164265"}],"wp:term":[{"taxonomy":"category","embeddable":true,"href":"https:\/\/die-webzeitung.de\/ludwigsburg\/wp-json\/wp\/v2\/categories?post=164265"},{"taxonomy":"post_tag","embeddable":true,"href":"https:\/\/die-webzeitung.de\/ludwigsburg\/wp-json\/wp\/v2\/tags?post=164265"}],"curies":[{"name":"wp","href":"https:\/\/api.w.org\/{rel}","templated":true}]}}