{"id":164210,"date":"2022-04-15T15:54:55","date_gmt":"2022-04-15T14:54:55","guid":{"rendered":"https:\/\/die-webzeitung.de\/ludwigsburg\/?p=164210"},"modified":"2022-04-17T10:57:45","modified_gmt":"2022-04-17T09:57:45","slug":"jetzt-anmelden-zum-djk-meilenlauf","status":"publish","type":"post","link":"https:\/\/die-webzeitung.de\/ludwigsburg\/2022\/04\/15\/jetzt-anmelden-zum-djk-meilenlauf\/","title":{"rendered":"Jetzt anmelden zum DJK-Meilenlauf"},"content":{"rendered":"<h5 style=\"text-align: justify;\"><strong>100 Jahre DJK: Jetzt anmelden zum DJK-Meilenlauf am 24. September in Ludwigsburg<\/strong><\/h5>\n<p style=\"text-align: justify;\"><img loading=\"lazy\" decoding=\"async\" class=\"alignleft wp-image-164121\" src=\"https:\/\/die-webzeitung.de\/ludwigsburg\/wp-content\/uploads\/sites\/5\/2022\/04\/DJK2022-medium.jpg\" alt=\"\" width=\"213\" height=\"85\" srcset=\"https:\/\/die-webzeitung.de\/ludwigsburg\/wp-content\/uploads\/sites\/5\/2022\/04\/DJK2022-medium.jpg 300w, https:\/\/die-webzeitung.de\/ludwigsburg\/wp-content\/uploads\/sites\/5\/2022\/04\/DJK2022-696x278.jpg 696w, https:\/\/die-webzeitung.de\/ludwigsburg\/wp-content\/uploads\/sites\/5\/2022\/04\/DJK2022.jpg 700w\" sizes=\"auto, (max-width: 213px) 100vw, 213px\" \/>Ludwigsburg.| Die DJK Ludwigsburg feiert in diesem Jahr ihr 100-j\u00e4hriges-Jubil\u00e4um. Einer der Highlights im Festjahr wird dabei sicherlich der 24. September mit dem \u201eDJK-Meilenlauf\u201c sein.<\/p>\n<p style=\"text-align: justify;\">Der Start f\u00e4llt f\u00fcr die 5- und 10 km-L\u00e4ufe unterhalb des DJK-Vereinsheim im Schl\u00f6\u00dflesfeld, f\u00fchrt \u00fcber die O\u00dfweiler Felder und endet am Sportgel\u00e4nde der DJK.<\/p>\n<p style=\"text-align: justify;\">Die Kinder- und Jugendl\u00e4ufe starten ab 15 Uhr, die gro\u00dfen L\u00e4ufe um 16 Uhr. Es gibt 4 Laufstrecken f\u00fcr die unterschiedlichen Altersklassen:<\/p>\n<table>\n<tbody>\n<tr>\n<td>Bambini 0,5km<\/td>\n<td>(Jahrg\u00e4nge 2015 und j\u00fcnger)<\/td>\n<td>15:00 Uhr (evtl. mehrere L\u00e4ufe)<\/td>\n<\/tr>\n<tr>\n<td>Sch\u00fcler \/ Jugendliche 1km<\/td>\n<td>(Jahrg\u00e4nge 2009 &#8211; 2014)<\/td>\n<td>15:30 Uhr (evtl. mehrere L\u00e4ufe)<\/td>\n<\/tr>\n<tr>\n<td>5 km Lauf<\/td>\n<td>(ab Jahrgang 2012 und \u00e4lter)<\/td>\n<td>16:00 Uhr<\/td>\n<\/tr>\n<tr>\n<td>10 km Lauf<\/td>\n<td>(ab Jahrgang 2008 und \u00e4lter)<\/td>\n<td>16:00 Uhr<\/td>\n<\/tr>\n<\/tbody>\n<\/table>\n<p style=\"text-align: justify;\">Im Anschluss an die L\u00e4ufe findet um ca. 18 Uhr die Siegerehrung auf dem Schulhof der Schl\u00f6\u00dflesfeldschule (Corneliusstra\u00dfe) statt.<\/p>\n<p style=\"text-align: justify;\">Hier klingt der Sporttag dann auch mit einer gem\u00fctlichen \u201eAfter-Run-Laube\u201c aus: bei gutem Essen und Trinken, toller Live-Musik und interessanten Gespr\u00e4chen treffen sich alle<\/p>\n<p style=\"text-align: justify;\">L\u00e4ufer, Zuschauer, Ludwigsburger (und Umgebung) -und nat\u00fcrlich die ganze DJK-Familie- zum Treffen und Feiern.<\/p>\n<p style=\"text-align: justify;\">Bei entsprechendem Erfolg ist eine Fortsetzung der DJK-Meilenl\u00e4ufe durchaus m\u00f6glich.<\/p>\n<p style=\"text-align: justify;\">Zur Anmeldung und zu allen weiteren Infos zum DJK-Meilenlauf kommt man \u00fcber die Vereinshomepage: <a href=\"http:\/\/www.djkludwigsburg.de\" target=\"_blank\" rel=\"noopener\" data-saferedirecturl=\"https:\/\/www.google.com\/url?q=http:\/\/www.djkludwigsburg.de&amp;source=gmail&amp;ust=1650119612225000&amp;usg=AOvVaw3KKcr5AyfXA-D-JM3h49c-\">www.djkludwigsburg.de<\/a><\/p>\n<hr \/>\n<p style=\"text-align: justify;\">\n","protected":false},"excerpt":{"rendered":"<p>100 Jahre DJK: Jetzt anmelden zum DJK-Meilenlauf am 24. September in Ludwigsburg Ludwigsburg.| Die DJK Ludwigsburg feiert in diesem Jahr ihr 100-j\u00e4hriges-Jubil\u00e4um. Einer der Highlights im Festjahr wird dabei sicherlich der 24. September mit dem \u201eDJK-Meilenlauf\u201c sein. Der Start f\u00e4llt f\u00fcr die 5- und 10 km-L\u00e4ufe unterhalb des DJK-Vereinsheim im Schl\u00f6\u00dflesfeld, f\u00fchrt \u00fcber die O\u00dfweiler [&hellip;]<\/p>\n","protected":false},"author":4,"featured_media":164223,"comment_status":"closed","ping_status":"open","sticky":false,"template":"","format":"standard","meta":{"inline_featured_image":false,"_exactmetrics_skip_tracking":false,"tdm_status":"","tdm_grid_status":"","footnotes":""},"categories":[110],"tags":[8875,2432,5,4565,68,9],"class_list":{"0":"post-164210","1":"post","2":"type-post","3":"status-publish","4":"format-standard","5":"has-post-thumbnail","7":"category-sport","8":"tag-die-webzeitung","9":"tag-djk","10":"tag-internetzeitung","11":"tag-lauf","12":"tag-online-zeitung","13":"tag-schaumedia"},"image_feature":"https:\/\/die-webzeitung.de\/ludwigsburg\/wp-content\/uploads\/sites\/5\/2022\/04\/running-shoes-2661560_640.jpg","author_name":"Redaktion","pure_taxonomies":{"categories":[{"term_id":110,"name":"Sport","slug":"sport","term_group":0,"term_taxonomy_id":112,"taxonomy":"category","description":"Sportberichte","parent":0,"count":1166,"filter":"raw","image":""}],"tags":[{"term_id":8875,"name":"Die-Webzeitung","slug":"die-webzeitung","term_group":0,"term_taxonomy_id":8876,"taxonomy":"post_tag","description":"","parent":0,"count":4215,"filter":"raw","image":""},{"term_id":2432,"name":"DJK","slug":"djk","term_group":0,"term_taxonomy_id":2444,"taxonomy":"post_tag","description":"","parent":0,"count":8,"filter":"raw","image":""},{"term_id":5,"name":"Internetzeitung","slug":"internetzeitung","term_group":0,"term_taxonomy_id":5,"taxonomy":"post_tag","description":"","parent":0,"count":1531,"filter":"raw","image":""},{"term_id":4565,"name":"Lauf","slug":"lauf","term_group":0,"term_taxonomy_id":4582,"taxonomy":"post_tag","description":"","parent":0,"count":5,"filter":"raw","image":""},{"term_id":68,"name":"Online-Zeitung","slug":"online-zeitung","term_group":0,"term_taxonomy_id":69,"taxonomy":"post_tag","description":"","parent":0,"count":4166,"filter":"raw","image":""},{"term_id":9,"name":"SchauMedia","slug":"schaumedia","term_group":0,"term_taxonomy_id":9,"taxonomy":"post_tag","description":"","parent":0,"count":1517,"filter":"raw","image":""}]},"_links":{"self":[{"href":"https:\/\/die-webzeitung.de\/ludwigsburg\/wp-json\/wp\/v2\/posts\/164210","targetHints":{"allow":["GET"]}}],"collection":[{"href":"https:\/\/die-webzeitung.de\/ludwigsburg\/wp-json\/wp\/v2\/posts"}],"about":[{"href":"https:\/\/die-webzeitung.de\/ludwigsburg\/wp-json\/wp\/v2\/types\/post"}],"author":[{"embeddable":true,"href":"https:\/\/die-webzeitung.de\/ludwigsburg\/wp-json\/wp\/v2\/users\/4"}],"replies":[{"embeddable":true,"href":"https:\/\/die-webzeitung.de\/ludwigsburg\/wp-json\/wp\/v2\/comments?post=164210"}],"version-history":[{"count":2,"href":"https:\/\/die-webzeitung.de\/ludwigsburg\/wp-json\/wp\/v2\/posts\/164210\/revisions"}],"predecessor-version":[{"id":164212,"href":"https:\/\/die-webzeitung.de\/ludwigsburg\/wp-json\/wp\/v2\/posts\/164210\/revisions\/164212"}],"wp:featuredmedia":[{"embeddable":true,"href":"https:\/\/die-webzeitung.de\/ludwigsburg\/wp-json\/wp\/v2\/media\/164223"}],"wp:attachment":[{"href":"https:\/\/die-webzeitung.de\/ludwigsburg\/wp-json\/wp\/v2\/media?parent=164210"}],"wp:term":[{"taxonomy":"category","embeddable":true,"href":"https:\/\/die-webzeitung.de\/ludwigsburg\/wp-json\/wp\/v2\/categories?post=164210"},{"taxonomy":"post_tag","embeddable":true,"href":"https:\/\/die-webzeitung.de\/ludwigsburg\/wp-json\/wp\/v2\/tags?post=164210"}],"curies":[{"name":"wp","href":"https:\/\/api.w.org\/{rel}","templated":true}]}}