{"id":163668,"date":"2022-03-08T14:35:10","date_gmt":"2022-03-08T13:35:10","guid":{"rendered":"https:\/\/die-webzeitung.de\/ludwigsburg\/?p=163668"},"modified":"2022-03-08T14:35:10","modified_gmt":"2022-03-08T13:35:10","slug":"befreiung-von-helmpflicht-nur-in-ausnahmen","status":"publish","type":"post","link":"https:\/\/die-webzeitung.de\/ludwigsburg\/2022\/03\/08\/befreiung-von-helmpflicht-nur-in-ausnahmen\/","title":{"rendered":"Befreiung von Helmpflicht nur in Ausnahmen"},"content":{"rendered":"<p style=\"text-align: justify;\"><strong>Motorradfahrerinnen und -fahrer k\u00f6nnen nicht alleine aufgrund einer \u00e4rztlichen Bescheinigung vom Tragen eines Helmes befreit werden. Daneben m\u00fcssen sie nachweisen, dass sie auf das Motorrad dringend angewiesen sind und nicht auf andere Verkehrsmittel ausweichen k\u00f6nnen. Die W\u00fcrttembergische Versicherung AG, ein Unternehmen der W&amp;W-Gruppe, weist auf eine aktuelle Entscheidung des Verwaltungsgerichts D\u00fcsseldorf (14 L 2046\/21) hin. <\/strong><\/p>\n<p style=\"text-align: justify;\">Ein Stra\u00dfenverkehrsamt hatte dem Fahrer eines Rollers gestattet, auf das Tragen eines Helmes zu verzichten. Dieser hatte durch eine \u00e4rztliche Bescheinigung belegt, dass der Helm bei ihm gesundheitliche Probleme ausl\u00f6se. Jahre sp\u00e4ter hob die Beh\u00f6rde die Genehmigung auf, da sie fehlerhaft nur aufgrund einer \u00e4rztlichen Bescheinigung erfolgt sei. Dagegen wehrte sich der Mann und zog vor das Verwaltungsgericht. Er berief sich darauf, dass er mit seinem Roller t\u00e4glich zur Arbeit fahre und nicht auf \u00f6ffentliche Verkehrsmittel ausweichen k\u00f6nne, da er im Schichtdienst t\u00e4tig sei.<\/p>\n<p style=\"text-align: justify;\">Laut der Entscheidung konnte der Mann nicht ausreichend nachweisen, dass er auf seinen Roller dringend angewiesen ist. Er k\u00f6nne auch andere Verkehrsmittel nutzen, zum Beispiel zwei auf ihn zugelassene Autos. Das Tragen eines Helmes stehe auch im \u00f6ffentlichen Interesse, damit Unf\u00e4lle weniger folgenschwer verlaufen. Daher sei es rechtm\u00e4\u00dfig gewesen, dass die Beh\u00f6rde die nur aufgrund eines \u00e4rztlichen Attestes getroffene Genehmigung zur\u00fcckzog.<\/p>\n<hr \/>\n<p style=\"text-align: justify;\">\n","protected":false},"excerpt":{"rendered":"<p>Motorradfahrerinnen und -fahrer k\u00f6nnen nicht alleine aufgrund einer \u00e4rztlichen Bescheinigung vom Tragen eines Helmes befreit werden. Daneben m\u00fcssen sie nachweisen, dass sie auf das Motorrad dringend angewiesen sind und nicht auf andere Verkehrsmittel ausweichen k\u00f6nnen. Die W\u00fcrttembergische Versicherung AG, ein Unternehmen der W&amp;W-Gruppe, weist auf eine aktuelle Entscheidung des Verwaltungsgerichts D\u00fcsseldorf (14 L 2046\/21) hin. [&hellip;]<\/p>\n","protected":false},"author":4,"featured_media":0,"comment_status":"closed","ping_status":"open","sticky":false,"template":"","format":"standard","meta":{"inline_featured_image":false,"_exactmetrics_skip_tracking":false,"_exactmetrics_sitenote_active":false,"_exactmetrics_sitenote_note":"","_exactmetrics_sitenote_category":0,"tdm_status":"","tdm_grid_status":"","footnotes":""},"categories":[8],"tags":[8875,9435,68,18],"class_list":{"0":"post-163668","1":"post","2":"type-post","3":"status-publish","4":"format-standard","6":"category-ratgeber-leben","7":"tag-die-webzeitung","8":"tag-helmpflicht","9":"tag-online-zeitung","10":"tag-wurttembergische"},"image_feature":null,"author_name":"Redaktion","pure_taxonomies":{"categories":[{"term_id":8,"name":"Ratgeber","slug":"ratgeber-leben","term_group":0,"term_taxonomy_id":8,"taxonomy":"category","description":"","parent":482,"count":380,"filter":"raw","image":""}],"tags":[{"term_id":8875,"name":"Die-Webzeitung","slug":"die-webzeitung","term_group":0,"term_taxonomy_id":8876,"taxonomy":"post_tag","description":"","parent":0,"count":4257,"filter":"raw","image":""},{"term_id":9435,"name":"Helmpflicht","slug":"helmpflicht","term_group":0,"term_taxonomy_id":9436,"taxonomy":"post_tag","description":"","parent":0,"count":1,"filter":"raw","image":""},{"term_id":68,"name":"Online-Zeitung","slug":"online-zeitung","term_group":0,"term_taxonomy_id":69,"taxonomy":"post_tag","description":"","parent":0,"count":4206,"filter":"raw","image":""},{"term_id":18,"name":"W\u00fcrttembergische","slug":"wurttembergische","term_group":0,"term_taxonomy_id":18,"taxonomy":"post_tag","description":"","parent":0,"count":113,"filter":"raw","image":""}]},"_links":{"self":[{"href":"https:\/\/die-webzeitung.de\/ludwigsburg\/wp-json\/wp\/v2\/posts\/163668","targetHints":{"allow":["GET"]}}],"collection":[{"href":"https:\/\/die-webzeitung.de\/ludwigsburg\/wp-json\/wp\/v2\/posts"}],"about":[{"href":"https:\/\/die-webzeitung.de\/ludwigsburg\/wp-json\/wp\/v2\/types\/post"}],"author":[{"embeddable":true,"href":"https:\/\/die-webzeitung.de\/ludwigsburg\/wp-json\/wp\/v2\/users\/4"}],"replies":[{"embeddable":true,"href":"https:\/\/die-webzeitung.de\/ludwigsburg\/wp-json\/wp\/v2\/comments?post=163668"}],"version-history":[{"count":2,"href":"https:\/\/die-webzeitung.de\/ludwigsburg\/wp-json\/wp\/v2\/posts\/163668\/revisions"}],"predecessor-version":[{"id":163670,"href":"https:\/\/die-webzeitung.de\/ludwigsburg\/wp-json\/wp\/v2\/posts\/163668\/revisions\/163670"}],"wp:attachment":[{"href":"https:\/\/die-webzeitung.de\/ludwigsburg\/wp-json\/wp\/v2\/media?parent=163668"}],"wp:term":[{"taxonomy":"category","embeddable":true,"href":"https:\/\/die-webzeitung.de\/ludwigsburg\/wp-json\/wp\/v2\/categories?post=163668"},{"taxonomy":"post_tag","embeddable":true,"href":"https:\/\/die-webzeitung.de\/ludwigsburg\/wp-json\/wp\/v2\/tags?post=163668"}],"curies":[{"name":"wp","href":"https:\/\/api.w.org\/{rel}","templated":true}]}}