{"id":163475,"date":"2022-02-23T15:02:51","date_gmt":"2022-02-23T14:02:51","guid":{"rendered":"https:\/\/die-webzeitung.de\/ludwigsburg\/?p=163475"},"modified":"2022-02-23T15:03:13","modified_gmt":"2022-02-23T14:03:13","slug":"bahn-macht-netz-und-bahnhoefe-fit-fuer-die-zukunft","status":"publish","type":"post","link":"https:\/\/die-webzeitung.de\/ludwigsburg\/2022\/02\/23\/bahn-macht-netz-und-bahnhoefe-fit-fuer-die-zukunft\/","title":{"rendered":"Bahn macht Netz und Bahnh\u00f6fe fit f\u00fcr die Zukunft"},"content":{"rendered":"<h5 style=\"text-align: justify;\"><strong>1,88 Milliarden Euro Investitionen f\u00fcr Baden-W\u00fcrttember<\/strong><\/h5>\n<ul>\n<li style=\"text-align: justify;\">DB-Infrastrukturvorstand Pofalla: \u201eJeder Euro in die Schiene ist ein Euro in den Klimaschutz\u201c<\/li>\n<li style=\"text-align: justify;\">DB packt in Baden-W\u00fcrttemberg 150 Kilometer Gleise, 130 Weichen, 13 Br\u00fccken und 105 Stationen an<\/li>\n<li style=\"text-align: justify;\">610 neue Mitarbeitende f\u00fcr die Infrastruktur<\/li>\n<\/ul>\n<p style=\"text-align: justify;\">Stuttgart.| Die Deutsche Bahn (DB) setzt ihr Investitionsprogramm \u201eNeues Netz f\u00fcr Deutschland\u201c konsequent fort. 2022 soll bundesweit die Rekordsumme von 13,6 Milliarden Euro von DB, Bund und L\u00e4ndern in die Schieneninfrastruktur flie\u00dfen \u2013 rund 900 Millionen Euro mehr als im Vorjahr.<\/p>\n<p style=\"text-align: justify;\">1,88 Milliarden Euro stehen 2022 f\u00fcr Netz und Bahnh\u00f6fe in Baden-W\u00fcrttemberg zur Verf\u00fcgung. Damit modernisiert und erneuert die DB rund 150 Kilometer Gleise, 130 Weichen sowie 13 Br\u00fccken. Au\u00dferdem packt die DB 105\u00a0Haltepunkte und Bahnh\u00f6fe an \u2013 darunter Friedrichshafen, Rastatt und Metzingen. Mit diesem Programm will die DB die vorhandene Infrastruktur leistungsf\u00e4higer machen und mehr Kapazit\u00e4t im Schienennetz und in den Bahnh\u00f6fen schaffen.<\/p>\n<p style=\"text-align: justify;\">Ronald Pofalla, Infrastrukturvorstand der DB: \u201eWir bauen so viel wie noch nie \u2013 ein echter Kraftakt! Dieser gelingt uns nur mit einem starken Team, mit motivierten und engagierten Mitarbeitenden.\u201c Deshalb baut die DB ihre Teams 2022 weiter auf: 610 zus\u00e4tzliche Ingenieur:innen und Fachkr\u00e4fte f\u00fcr Ausbau und Instandhaltung werden in diesem Jahr in Baden-W\u00fcrttemberg neu eingestellt.<\/p>\n<p style=\"text-align: justify;\">Die diesj\u00e4hrige Investitionsoffensive hat zwei gro\u00dfe Schwerpunkte: Zum einen schafft die DB mehr Platz auf der Schiene. Daf\u00fcr geht es beim Aus- und Neubau wichtiger Infrastrukturprojekte auf hohem Niveau weiter. Als wesentlicher Meilenstein geht Ende 2022 wie geplant die rund 60 Kilometer lange Hochgeschwindigkeitsstrecke Wendlingen\u2013Ulm in Betrieb. Sie ist ein wichtiger Schritt auf dem Weg zur Inbetriebnahme von Stuttgart 21 und wird die Fahrzeiten zwischen Stuttgart und Ulm um rund eine Viertelstunde verk\u00fcrzen.<\/p>\n<p style=\"text-align: justify;\">Zum anderen treibt die DB ihre Digitalisierungsprojekte weiter voran, beispielsweise durch die Arbeiten am Digitalen Knoten Stuttgart. Gleichzeitig geht der Ausbau mit ETCS, dem modernsten Leit- und Sicherungssystem mit europ\u00e4ischem Standard, weiter.<\/p>\n<p style=\"text-align: justify;\">Beides \u2013 mehr Kapazit\u00e4t und Digitalisierung \u2013 sind Voraussetzung f\u00fcr mehr und schnellere Verbindungen und den Deutschlandtakt. \u201eEine starke Infrastruktur ist die Grundlage f\u00fcr ein attraktives Angebot f\u00fcr alle Bahnreisenden. Genau darum geht es uns: Wir wollen mehr Menschen vom umweltfreundlichen Verkehrsmittel Bahn \u00fcberzeugen. Jeder Euro in die Schiene ist deswegen auch ein Euro in den Klimaschutz\u201c, so Pofalla weiter.<\/p>\n<hr \/>\n<p style=\"text-align: justify;\">\n","protected":false},"excerpt":{"rendered":"<p>1,88 Milliarden Euro Investitionen f\u00fcr Baden-W\u00fcrttember DB-Infrastrukturvorstand Pofalla: \u201eJeder Euro in die Schiene ist ein Euro in den Klimaschutz\u201c DB packt in Baden-W\u00fcrttemberg 150 Kilometer Gleise, 130 Weichen, 13 Br\u00fccken und 105 Stationen an 610 neue Mitarbeitende f\u00fcr die Infrastruktur Stuttgart.| Die Deutsche Bahn (DB) setzt ihr Investitionsprogramm \u201eNeues Netz f\u00fcr Deutschland\u201c konsequent fort. 2022 [&hellip;]<\/p>\n","protected":false},"author":4,"featured_media":0,"comment_status":"closed","ping_status":"open","sticky":false,"template":"","format":"standard","meta":{"inline_featured_image":false,"_exactmetrics_skip_tracking":false,"_exactmetrics_sitenote_active":false,"_exactmetrics_sitenote_note":"","_exactmetrics_sitenote_category":0,"tdm_status":"","tdm_grid_status":"","footnotes":""},"categories":[59,2402],"tags":[4,111,1443,8875,5,2114,68,460,9],"class_list":{"0":"post-163475","1":"post","2":"type-post","3":"status-publish","4":"format-standard","6":"category-aktuell","7":"category-baden-wuerttemberg","8":"tag-baden-wurttemberg","9":"tag-bahn","10":"tag-bahnhof","11":"tag-die-webzeitung","12":"tag-internetzeitung","13":"tag-netz","14":"tag-online-zeitung","15":"tag-sanierung","16":"tag-schaumedia"},"image_feature":null,"author_name":"Redaktion","pure_taxonomies":{"categories":[{"term_id":59,"name":"Aktuell","slug":"aktuell","term_group":0,"term_taxonomy_id":60,"taxonomy":"category","description":"","parent":0,"count":1175,"filter":"raw","image":""},{"term_id":2402,"name":"Baden-W\u00fcrttemberg","slug":"baden-wuerttemberg","term_group":0,"term_taxonomy_id":2414,"taxonomy":"category","description":"","parent":171,"count":248,"filter":"raw","image":""}],"tags":[{"term_id":4,"name":"Baden-W\u00fcrttemberg","slug":"baden-wurttemberg","term_group":0,"term_taxonomy_id":4,"taxonomy":"post_tag","description":"","parent":0,"count":140,"filter":"raw","image":""},{"term_id":111,"name":"Bahn","slug":"bahn","term_group":0,"term_taxonomy_id":113,"taxonomy":"post_tag","description":"","parent":0,"count":29,"filter":"raw","image":""},{"term_id":1443,"name":"Bahnhof","slug":"bahnhof","term_group":0,"term_taxonomy_id":1452,"taxonomy":"post_tag","description":"","parent":0,"count":12,"filter":"raw","image":""},{"term_id":8875,"name":"Die-Webzeitung","slug":"die-webzeitung","term_group":0,"term_taxonomy_id":8876,"taxonomy":"post_tag","description":"","parent":0,"count":4257,"filter":"raw","image":""},{"term_id":5,"name":"Internetzeitung","slug":"internetzeitung","term_group":0,"term_taxonomy_id":5,"taxonomy":"post_tag","description":"","parent":0,"count":1533,"filter":"raw","image":""},{"term_id":2114,"name":"Netz","slug":"netz","term_group":0,"term_taxonomy_id":2126,"taxonomy":"post_tag","description":"","parent":0,"count":2,"filter":"raw","image":""},{"term_id":68,"name":"Online-Zeitung","slug":"online-zeitung","term_group":0,"term_taxonomy_id":69,"taxonomy":"post_tag","description":"","parent":0,"count":4206,"filter":"raw","image":""},{"term_id":460,"name":"Sanierung","slug":"sanierung","term_group":0,"term_taxonomy_id":467,"taxonomy":"post_tag","description":"","parent":0,"count":19,"filter":"raw","image":""},{"term_id":9,"name":"SchauMedia","slug":"schaumedia","term_group":0,"term_taxonomy_id":9,"taxonomy":"post_tag","description":"","parent":0,"count":1582,"filter":"raw","image":""}]},"_links":{"self":[{"href":"https:\/\/die-webzeitung.de\/ludwigsburg\/wp-json\/wp\/v2\/posts\/163475","targetHints":{"allow":["GET"]}}],"collection":[{"href":"https:\/\/die-webzeitung.de\/ludwigsburg\/wp-json\/wp\/v2\/posts"}],"about":[{"href":"https:\/\/die-webzeitung.de\/ludwigsburg\/wp-json\/wp\/v2\/types\/post"}],"author":[{"embeddable":true,"href":"https:\/\/die-webzeitung.de\/ludwigsburg\/wp-json\/wp\/v2\/users\/4"}],"replies":[{"embeddable":true,"href":"https:\/\/die-webzeitung.de\/ludwigsburg\/wp-json\/wp\/v2\/comments?post=163475"}],"version-history":[{"count":2,"href":"https:\/\/die-webzeitung.de\/ludwigsburg\/wp-json\/wp\/v2\/posts\/163475\/revisions"}],"predecessor-version":[{"id":163478,"href":"https:\/\/die-webzeitung.de\/ludwigsburg\/wp-json\/wp\/v2\/posts\/163475\/revisions\/163478"}],"wp:attachment":[{"href":"https:\/\/die-webzeitung.de\/ludwigsburg\/wp-json\/wp\/v2\/media?parent=163475"}],"wp:term":[{"taxonomy":"category","embeddable":true,"href":"https:\/\/die-webzeitung.de\/ludwigsburg\/wp-json\/wp\/v2\/categories?post=163475"},{"taxonomy":"post_tag","embeddable":true,"href":"https:\/\/die-webzeitung.de\/ludwigsburg\/wp-json\/wp\/v2\/tags?post=163475"}],"curies":[{"name":"wp","href":"https:\/\/api.w.org\/{rel}","templated":true}]}}