{"id":163392,"date":"2022-02-16T15:04:16","date_gmt":"2022-02-16T14:04:16","guid":{"rendered":"https:\/\/die-webzeitung.de\/ludwigsburg\/?p=163392"},"modified":"2022-02-16T15:04:33","modified_gmt":"2022-02-16T14:04:33","slug":"163392","status":"publish","type":"post","link":"https:\/\/die-webzeitung.de\/ludwigsburg\/2022\/02\/16\/163392\/","title":{"rendered":"E-Scooter: Freizeitspa\u00df mit Risiko"},"content":{"rendered":"<h5 style=\"text-align: justify;\"><strong>Regelgerechtes Verhalten muss sich noch etablieren<\/strong><\/h5>\n<p style=\"text-align: justify;\">Kaum zugelassen und schon sind sie \u00fcberall: Allein in Berlin standen im Juli 2019 etwa 4.800 Elektroroller, so genannte E-Scooter, zum Ausleihen zur Verf\u00fcgung. Damit zieht Deutschland kr\u00e4ftig nach. In anderen L\u00e4ndern geh\u00f6ren sie schon l\u00e4nger zum Stadtbild in den Innenst\u00e4dten. Zahlreiche Neugierige laden sich die Apps herunter und schalten sich einen E-Scooter probeweise frei. Meist ohne zu wissen, auf was man dabei achten sollte. Die Folge: viele Unf\u00e4lle, zum Teil mit t\u00f6dlichem Ausgang. In den USA, wo die E-Scooter seit Ende 2017 auf dem Markt sind, reglementieren die St\u00e4dte inzwischen die Zahl der zugelassenen Leih-Roller.<\/p>\n<p style=\"text-align: justify;\">Erstes prominentes Todesopfer ist die britische Youtuberin Emily Hartridge. Die 35-J\u00e4hrige hatte den E-Scooter kurz zuvor von ihrem Freund geschenkt bekommen. Unterwegs kollidierte sie in einem Kreisverkehr mit einem Lastwagen und verstarb an den Unfallfolgen. Mit einem Helm h\u00e4tte sie m\u00f6glicherweise \u00fcberlebt. Aber auch in Deutschland kam es bereits kurz nach der Zulassung zu schweren Unf\u00e4llen: In Frankfurt st\u00fcrzte eine junge Frau auf der Friedensbr\u00fccke im Stadtteil Sachsenhausen vom E-Scooter und verletzte sich schwer. Sie hatte gemeinsam mit ihrem 27-j\u00e4hrigen Begleiter auf dem Gef\u00e4hrt gestanden. Ein Alkoholtest bei dem Mann ergab einen Wert von zwei Promille. In D\u00fcsseldorf fuhr eine Fahrradfahrerin auf einem Radweg, als ein 50-J\u00e4hriger auf einem E-Scooter entgegen der vorgeschriebenen Richtung auf sie zukam. Beide versuchten noch auszuweichen, stie\u00dfen aber dennoch zusammen. Der Fahrer des E-Scooters wurde sofort in ein Krankenhaus eingeliefert. Sp\u00e4ter stellte sich heraus, dass das Rollermodell gar nicht f\u00fcr den Stra\u00dfenverkehr zugelassen war.<\/p>\n<p style=\"text-align: justify;\"><strong>Auch ohne Regelverletzung ist E-Scooter-Fahren gef\u00e4hrlich<\/strong><\/p>\n<p style=\"text-align: justify;\">Nicht jede E-Scooter-Fahrt endet so schlimm wie in diesen drei F\u00e4llen. Doch viele Nutzer untersch\u00e4tzen die Risiken. Im Vergleich zu Fahrr\u00e4dern besitzen E-Scooter wesentlich kleinere R\u00e4der und man macht kurze, oft ruckartige Lenkbewegungen. Wer die H\u00f6chstgeschwindigkeit von 20 Kilometern pro Stunde einmal ausreizt, wird das m\u00f6glicherweise schon als ziemlich rasant empfinden. Man kann sich nicht sicher sein, in \u00fcberraschenden Situationen schnell genug ausweichen und bremsen zu k\u00f6nnen. Deswegen sollte man sich mit den Bremsvorrichtungen und der Bremswirkung der verschiedenen Modelle erst einmal vertraut machen, bevor man auf Tempo und Strecke geht. Einmal unterwegs, kann jedes Hindernis auf der Stra\u00dfe eine Gefahr sein, etwa ein hoher Bordstein oder Kopfsteinpflaster. Auch wenn man sich an die Verkehrsregeln h\u00e4lt, kann man ohne Einwirkung von au\u00dfen schnell st\u00fcrzen. Daf\u00fcr muss man nur kurz aus dem Gleichgewicht geraten. Neben dem Sturz an sich wird dann auch der Verkehr zur Lebensgefahr: Liegt man am Boden, kann es passieren, dass man angefahren oder \u00fcberrollt wird.<\/p>\n<p style=\"text-align: justify;\"><strong>Verwarngelder bei Benutzung des Gehwegs<\/strong><\/p>\n<p style=\"text-align: justify;\">Viele Spazierg\u00e4nger f\u00fchlen sich vor allem in gro\u00dfen St\u00e4dten massiv von den motorisierten Rollern bedr\u00e4ngt, doch Regelverst\u00f6\u00dfe werden oft nicht geahndet. \u201eE-Scooter zu kontrollieren ist momentan nicht die Priorit\u00e4t Nummer eins bei der Polizei\u201c, erl\u00e4utert Michael Mertens, Verkehrsexperte der Gewerkschaft der Polizei (GdP), \u201eaber wenn wir die Zeit finden, tun wir das auch. Wer den Fu\u00dfg\u00e4ngerweg benutzt, der muss mindestens mit 15 Euro Verwarngeld rechnen, je nach Behinderung und Gef\u00e4hrdung sogar mit 30 Euro.\u201c Neben der Fahrt auf dem Fu\u00dfg\u00e4ngerweg sind die h\u00e4ufigsten Regelverst\u00f6\u00dfe Fahrten unter Alkoholeinfluss, Fahrten zu zweit oder die Nutzung eines in Deutschland nicht zugelassenen E-Scooter-Modells. Das Auftauchen der E-Scooter verdichte den sowieso schon starken Verkehr auf den Fahrradwegen, gibt der GdP-Verkehrsexperte zu bedenken: \u201eHier sind die Stadtplaner gefordert. Sie m\u00fcssen ausreichend Platz f\u00fcr alle Verkehrsteilnehmer schaffen und daf\u00fcr auch Geld in die Hand nehmen.\u201c<\/p>\n<p style=\"text-align: justify;\"><strong>Ein Kopfschutz ist vern\u00fcnftig<\/strong><\/p>\n<p style=\"text-align: justify;\">In der Anfangsphase des E-Scooter-Verleihs in Deutschland sind kaum Menschen zu sehen, die dabei einen Helm tragen. Dies ist auch keine gesetzliche Pflicht. Eine solche Pflicht w\u00fcrde wohl auch das Aus f\u00fcr das Gesch\u00e4ftsmodell der Verleihfirmen bedeuten, denn dann w\u00fcrden alle spontanen Ausleihen unm\u00f6glich werden. Michael Mertens betont, dass er niemandem den Spa\u00df am E-Scooter-Fahren verderben will. \u201eAber wir werben intensiv f\u00fcr das Tragen eines Helms. Das sollte sich durchsetzen, \u00e4hnlich wie beim Skifahren. Ich fahre selbst seit mehr als 40 Jahren Ski und stelle fest, dass inzwischen fast alle Menschen freiwillig einen Helm tragen, weil man gesehen hat: Das kann Leben retten!\u201c Ob dies nun mit einem klassischen Fahrradhelm geschieht oder mit einem anderen Kopfschutz, wie etwa einer Halskrause mit integriertem Airbag, ist aus seiner Sicht zweitrangig: \u201eWichtig ist f\u00fcr uns, den Kopf gesch\u00fctzt zu wissen, damit die Unfallfolgen reduziert werden.\u201c<\/p>\n<p style=\"text-align: justify;\"><strong>Stolperfalle E-Scooter<\/strong><\/p>\n<p style=\"text-align: justify;\">Auch bei den Kommunen sieht Mertens noch Handlungsbedarf: E-Scooter werden nach Ende der Ausleihzeit oft sorglos auf Gehsteigen abgestellt. Fallen sie um, werden sie zu Stolperfallen f\u00fcr alle Fu\u00dfg\u00e4nger. Die Kommunen sind gefordert, den Verleihfirmen klare Regeln vorzugeben, wo die Scooter nach Gebrauch wieder abgestellt werden k\u00f6nnen. Mehr Engagement der betroffenen Kommunen fordert auch Bundesverkehrsminister Andreas Scheuer. In einem Brief an den deutschen St\u00e4dtetag bat er die Kommunen, ihre M\u00f6glichkeiten \u201ef\u00fcr eine sichere und sachgem\u00e4\u00dfe Nutzung in vollem Rahmen\u201c auszusch\u00f6pfen.<\/p>\n<p style=\"text-align: justify;\"><strong>Welche Verkehrsregeln gelten<\/strong><\/p>\n<p style=\"text-align: justify;\">Die Regeln f\u00fcr E-Scooter nach der Elektrokleinstfahrzeuge-Verordnung im \u00dcberblick:<\/p>\n<ul>\n<li style=\"text-align: justify;\">E-Scooter k\u00f6nnen ab einem Alter von 14 Jahren genutzt werden. Es besteht keine F\u00fchrerscheinpflicht.<\/li>\n<li style=\"text-align: justify;\">Wo es einen Radweg oder einen Radfahrstreifen gibt, m\u00fcssen E-Scooter diesen benutzen. Ansonsten geh\u00f6ren E-Scooter auf die Fahrbahn.<\/li>\n<li style=\"text-align: justify;\">E-Scooter m\u00fcssen eine Lenk- oder Haltestange besitzen und d\u00fcrfen nicht schneller als max. 20 km\/h fahren.<\/li>\n<li style=\"text-align: justify;\">Junge Menschen unter 21 Jahren und F\u00fchrerscheinneulinge in der Probezeit d\u00fcrfen unter Alkoholeinfluss \u00fcberhaupt nicht E-Scooter fahren. Ansonsten gilt die Grenze von 0,5 Promille \u2013 wie f\u00fcr Autofahrer.<\/li>\n<li style=\"text-align: justify;\">E-Scooter m\u00fcssen verkehrssicherheitsrechtliche Mindestanforderungen u. a. im Bereich der Brems- und Lichtsysteme, der Fahrdynamik und elektrischen Sicherheit erf\u00fcllen.<\/li>\n<li style=\"text-align: justify;\">E-Scooter sind versicherungspflichtig. Es gibt eine kleine Versicherungsplakette zum Aufkleben.<\/li>\n<\/ul>\n<hr \/>\n<p style=\"text-align: justify;\">\n","protected":false},"excerpt":{"rendered":"<p>Regelgerechtes Verhalten muss sich noch etablieren Kaum zugelassen und schon sind sie \u00fcberall: Allein in Berlin standen im Juli 2019 etwa 4.800 Elektroroller, so genannte E-Scooter, zum Ausleihen zur Verf\u00fcgung. Damit zieht Deutschland kr\u00e4ftig nach. In anderen L\u00e4ndern geh\u00f6ren sie schon l\u00e4nger zum Stadtbild in den Innenst\u00e4dten. Zahlreiche Neugierige laden sich die Apps herunter und [&hellip;]<\/p>\n","protected":false},"author":4,"featured_media":163393,"comment_status":"closed","ping_status":"open","sticky":false,"template":"","format":"standard","meta":{"inline_featured_image":false,"_exactmetrics_skip_tracking":false,"_exactmetrics_sitenote_active":false,"_exactmetrics_sitenote_note":"","_exactmetrics_sitenote_category":0,"tdm_status":"","tdm_grid_status":"","footnotes":""},"categories":[8],"tags":[8875,10747,4231,5,68,1230,9],"class_list":{"0":"post-163392","1":"post","2":"type-post","3":"status-publish","4":"format-standard","5":"has-post-thumbnail","7":"category-ratgeber-leben","8":"tag-die-webzeitung","9":"tag-e-scooter","10":"tag-fahren","11":"tag-internetzeitung","12":"tag-online-zeitung","13":"tag-roller","14":"tag-schaumedia"},"image_feature":"https:\/\/die-webzeitung.de\/ludwigsburg\/wp-content\/uploads\/sites\/5\/2022\/02\/e-scooter-g689000afe_640.jpg","author_name":"Redaktion","pure_taxonomies":{"categories":[{"term_id":8,"name":"Ratgeber","slug":"ratgeber-leben","term_group":0,"term_taxonomy_id":8,"taxonomy":"category","description":"","parent":482,"count":380,"filter":"raw","image":""}],"tags":[{"term_id":8875,"name":"Die-Webzeitung","slug":"die-webzeitung","term_group":0,"term_taxonomy_id":8876,"taxonomy":"post_tag","description":"","parent":0,"count":4257,"filter":"raw","image":""},{"term_id":10747,"name":"E-Scooter","slug":"e-scooter","term_group":0,"term_taxonomy_id":10748,"taxonomy":"post_tag","description":"","parent":0,"count":6,"filter":"raw","image":""},{"term_id":4231,"name":"fahren","slug":"fahren","term_group":0,"term_taxonomy_id":4245,"taxonomy":"post_tag","description":"","parent":0,"count":2,"filter":"raw","image":""},{"term_id":5,"name":"Internetzeitung","slug":"internetzeitung","term_group":0,"term_taxonomy_id":5,"taxonomy":"post_tag","description":"","parent":0,"count":1533,"filter":"raw","image":""},{"term_id":68,"name":"Online-Zeitung","slug":"online-zeitung","term_group":0,"term_taxonomy_id":69,"taxonomy":"post_tag","description":"","parent":0,"count":4206,"filter":"raw","image":""},{"term_id":1230,"name":"Roller","slug":"roller","term_group":0,"term_taxonomy_id":1239,"taxonomy":"post_tag","description":"","parent":0,"count":3,"filter":"raw","image":""},{"term_id":9,"name":"SchauMedia","slug":"schaumedia","term_group":0,"term_taxonomy_id":9,"taxonomy":"post_tag","description":"","parent":0,"count":1582,"filter":"raw","image":""}]},"_links":{"self":[{"href":"https:\/\/die-webzeitung.de\/ludwigsburg\/wp-json\/wp\/v2\/posts\/163392","targetHints":{"allow":["GET"]}}],"collection":[{"href":"https:\/\/die-webzeitung.de\/ludwigsburg\/wp-json\/wp\/v2\/posts"}],"about":[{"href":"https:\/\/die-webzeitung.de\/ludwigsburg\/wp-json\/wp\/v2\/types\/post"}],"author":[{"embeddable":true,"href":"https:\/\/die-webzeitung.de\/ludwigsburg\/wp-json\/wp\/v2\/users\/4"}],"replies":[{"embeddable":true,"href":"https:\/\/die-webzeitung.de\/ludwigsburg\/wp-json\/wp\/v2\/comments?post=163392"}],"version-history":[{"count":1,"href":"https:\/\/die-webzeitung.de\/ludwigsburg\/wp-json\/wp\/v2\/posts\/163392\/revisions"}],"predecessor-version":[{"id":163394,"href":"https:\/\/die-webzeitung.de\/ludwigsburg\/wp-json\/wp\/v2\/posts\/163392\/revisions\/163394"}],"wp:featuredmedia":[{"embeddable":true,"href":"https:\/\/die-webzeitung.de\/ludwigsburg\/wp-json\/wp\/v2\/media\/163393"}],"wp:attachment":[{"href":"https:\/\/die-webzeitung.de\/ludwigsburg\/wp-json\/wp\/v2\/media?parent=163392"}],"wp:term":[{"taxonomy":"category","embeddable":true,"href":"https:\/\/die-webzeitung.de\/ludwigsburg\/wp-json\/wp\/v2\/categories?post=163392"},{"taxonomy":"post_tag","embeddable":true,"href":"https:\/\/die-webzeitung.de\/ludwigsburg\/wp-json\/wp\/v2\/tags?post=163392"}],"curies":[{"name":"wp","href":"https:\/\/api.w.org\/{rel}","templated":true}]}}